{"id":27055,"date":"2017-01-19T11:55:27","date_gmt":"2017-01-19T10:55:27","guid":{"rendered":"http:\/\/www.invarena.cz\/?p=27055"},"modified":"2017-01-19T11:55:27","modified_gmt":"2017-01-19T10:55:27","slug":"o-cenu-kresadlo-letos-bojovali-tri-nominovani-dobrovolnici","status":"publish","type":"post","link":"https:\/\/www.invarena.cz\/?p=27055","title":{"rendered":"O cenu K\u0159esadlo letos bojovali t\u0159i nominovan\u00ed dobrovoln\u00edci"},"content":{"rendered":"<p><strong>O dal\u0161\u00edm dr\u017eiteli ceny K\u0159esadlo rozhodla p\u011bti\u010dlenn\u00e1 odborn\u00e1 komise, kter\u00e1 zasedla v\u010dera odpoledne<\/strong> <!--more--><\/p>\n<p>Pelh\u0159imovsko \u2013 Cena K\u0159esadlo, kter\u00e1 si ka\u017edoro\u010dn\u011b najde jednoho z dobrovoln\u00edk\u016f na Pelh\u0159imovsku, u\u017e zn\u00e1 sv\u00e9ho majitele i za lo\u0148sk\u00fd rok.<\/p>\n<p>Je j\u00edm Ren\u00e1ta Markov\u00e1, kter\u00e1 p\u016fsob\u00ed nejen v pelh\u0159imovsk\u00e9m Fokusu Vyso\u010dina. &#8222;Porota se jednozna\u010dn\u011b shodla pr\u00e1v\u011b na Ren\u00e1t\u011b Markov\u00e9, proto\u017ee chod\u00ed pravideln\u011b dou\u010dovat d\u011bti ze soci\u00e1ln\u011b slab\u00fdch rodin,&#8220; prozradila jeden z d\u016fvod\u016f ud\u011blen\u00ed ceny K\u0159esadlo Andrea Kozojedov\u00e1 z Dobrovolnick\u00e9ho centra pelh\u0159imovsk\u00e9ho Fokusu Vyso\u010dina.<\/p>\n<p>Nominov\u00e1ny na cenu K\u0159esadlo byly tak\u00e9 dobrovolnice M\u00e1ria Polyak z Domova pro seniory Pelh\u0159imov a Nela \u0158ih\u00e1\u010dkov\u00e1 z pelh\u0159imovsk\u00e9 Hodiny H. &#8222;Nominac\u00ed by tedy mohlo b\u00fdt v\u00edc na to, kolik je na Pelh\u0159imovsku dobrovoln\u00edk\u016f,&#8220; p\u0159em\u00edtala Kozojedov\u00e1.<\/p>\n<p>Cenu K\u0159esadlo ud\u011bluje Dobrovolnick\u00e9 centrum v Pelh\u0159imov\u011b od roku 2002.<\/p>\n<p>&#8222;Za tu dobu, co cenu ud\u011blujeme, je dobrovoln\u00edk\u016f mnohem v\u00edc. M\u00e1me i v\u00edc dobrovolnick\u00fdch hodin, tak\u017ee je vid\u011bt, \u017ee lid\u00e9 se tomu v\u011bnuj\u00ed,&#8220; pochvalovala si kladn\u00fd v\u00fdvoj v dobrovolnick\u00e9m sv\u011bt\u011b Kozojedov\u00e1. &#8222;Pro dobrovoln\u00edky se sna\u017e\u00edme p\u0159ipravovat r\u016fzn\u00e9 motiva\u010dn\u00ed aktivity. Za jejich \u010dinnost se je sna\u017e\u00edme odm\u011b\u0148ovat, proto\u017ee ka\u017ed\u00fd by si zaslou\u017eil n\u011bjakou odm\u011bnu. Bohu\u017eel K\u0159esadlo m\u016f\u017ee ka\u017ed\u00fdm rokem z\u00edskat jen jeden,&#8220; pokra\u010dovala Kozojedov\u00e1.<\/p>\n<p>Ren\u00e1ta Markov\u00e1 si svou cenu p\u0159evezme p\u0159i p\u0159\u00edle\u017eitosti ud\u011blen\u00ed Cen m\u011bsta Pelh\u0159imova v sobotu 28. ledna v kulturn\u00edm dom\u011b M\u00e1j.<\/p>\n<p>&#8212;<\/p>\n<p>Dosavadn\u00ed dr\u017eitel\u00e9 ceny K\u0159esadlo<\/p>\n<p>2002: Theodor \u0160t\u011bp\u00e1nek (Farn\u00ed charita Pacov), 2003: Denisa \u0160tursov\u00e1 (\u010cesk\u00e1 katolick\u00e1 charita), 2004: Josef Hejda, 2005: Bo\u017eena Tomanov\u00e1 (Nemocnice Pelh\u0159imov), 2006: Zden\u011bk Nadrchal a Ludmila Nadrchalov\u00e1 (Nemocnice Pelh\u0159imov), 2008: Romana Pernik\u00e1\u0159ov\u00e1 (Centrum pro zdravotn\u011b posti\u017een\u00e9 a FOKUS Vyso\u010dina), Ivana Bla\u017ekov\u00e1 (Centrum pro zdravotn\u011b posti\u017een\u00e9), 2009: V\u011bra Mare\u0161ov\u00e1 (FOKUS Vyso\u010dina), 2010: Karel Ku\u017eel (FOKUS Vyso\u010dina), 2011: Martin Kub\u00e1t (Centrum pro zdravotn\u011b posti\u017een\u00e9), 2012: Jaroslav Ma\u0161ka a Lenka Ma\u0161kov\u00e1 (dobrovolnick\u00e1 \u010dinnost pro ob\u010dany Pelh\u0159imova), 2013: Eva \u0158\u00edhov\u00e1 (Hodina H), 2014: Michal Nov\u00e1k (FOKUS Vyso\u010dina), 2015: Libu\u0161e Doubkov\u00e1 (FOKUS Vyso\u010dina)<\/p>\n<p>DENISA \u0160IMANOV\u00c1<br \/>\nPelh\u0159imovsk\u00fd den\u00edk<br \/>\n<a href=\"http:\/\/www.pelhrimovsky.denik.cz\/\">http:\/\/www.pelhrimovsky.denik.cz\/<\/a><\/p>\n","protected":false},"excerpt":{"rendered":"<div class=\"mh-excerpt\"><p>O dal\u0161\u00edm dr\u017eiteli ceny K\u0159esadlo rozhodla p\u011bti\u010dlenn\u00e1 odborn\u00e1 komise, kter\u00e1 zasedla v\u010dera odpoledne<\/p>\n<\/div>","protected":false},"author":1,"featured_media":21030,"comment_status":"open","ping_status":"closed","sticky":false,"template":"","format":"standard","meta":{"footnotes":""},"categories":[9],"tags":[],"class_list":["post-27055","post","type-post","status-publish","format-standard","has-post-thumbnail","hentry","category-zpravy"],"_links":{"self":[{"href":"https:\/\/www.invarena.cz\/index.php?rest_route=\/wp\/v2\/posts\/27055","targetHints":{"allow":["GET"]}}],"collection":[{"href":"https:\/\/www.invarena.cz\/index.php?rest_route=\/wp\/v2\/posts"}],"about":[{"href":"https:\/\/www.invarena.cz\/index.php?rest_route=\/wp\/v2\/types\/post"}],"author":[{"embeddable":true,"href":"https:\/\/www.invarena.cz\/index.php?rest_route=\/wp\/v2\/users\/1"}],"replies":[{"embeddable":true,"href":"https:\/\/www.invarena.cz\/index.php?rest_route=%2Fwp%2Fv2%2Fcomments&post=27055"}],"version-history":[{"count":0,"href":"https:\/\/www.invarena.cz\/index.php?rest_route=\/wp\/v2\/posts\/27055\/revisions"}],"wp:featuredmedia":[{"embeddable":true,"href":"https:\/\/www.invarena.cz\/index.php?rest_route=\/wp\/v2\/media\/21030"}],"wp:attachment":[{"href":"https:\/\/www.invarena.cz\/index.php?rest_route=%2Fwp%2Fv2%2Fmedia&parent=27055"}],"wp:term":[{"taxonomy":"category","embeddable":true,"href":"https:\/\/www.invarena.cz\/index.php?rest_route=%2Fwp%2Fv2%2Fcategories&post=27055"},{"taxonomy":"post_tag","embeddable":true,"href":"https:\/\/www.invarena.cz\/index.php?rest_route=%2Fwp%2Fv2%2Ftags&post=27055"}],"curies":[{"name":"wp","href":"https:\/\/api.w.org\/{rel}","templated":true}]}}