{"id":27066,"date":"2017-01-22T18:20:47","date_gmt":"2017-01-22T17:20:47","guid":{"rendered":"http:\/\/www.invarena.cz\/?p=27066"},"modified":"2017-01-22T18:20:47","modified_gmt":"2017-01-22T17:20:47","slug":"policie-patra-po-muzi-s-tbc-opustil-strakonickou-nemocnici","status":"publish","type":"post","link":"https:\/\/www.invarena.cz\/?p=27066","title":{"rendered":"Policie p\u00e1tr\u00e1 po mu\u017ei s TBC, opustil strakonickou nemocnici"},"content":{"rendered":"<p>Policie p\u00e1tr\u00e1 po p\u011bta\u0161edes\u00e1tilet\u00e9m mu\u017ei s tuberkul\u00f3zou, kter\u00fd dnes dopoledne opustil strakonickou nemocnici. Nen\u00ed nebezpe\u010dn\u00fd sv\u00e9mu okol\u00ed, ale je psychicky nemocn\u00fd a infek\u010dn\u00ed.<!--more--><\/p>\n<p>Policie o tom informovala na sv\u00e9m <span class=\"linkTagNoBg\"><a href=\"http:\/\/www.policie.cz\/clanek\/patrani-44943.aspx\" target=\"_blank\">webu<\/a><\/span>.<\/p>\n<p>Mu\u017e, kter\u00fd poch\u00e1z\u00ed z Plzn\u011b, m\u00e1 st\u0159edn\u00ed postavu, kulat\u00fd obli\u010dej, \u0161edomodr\u00e9 o\u010di a je holohlav\u00fd. V dob\u011b odchodu m\u011bl na sob\u011b z\u0159ejm\u011b modr\u00e9 rifle nebo tepl\u00e1ky a zimn\u00ed bundu k\u00e1vov\u00e9 barvy. Naposledy vid\u011bn byl v P\u00edsku, kam se mu\u017e nechal ze Strakonic odv\u00e9zt taxislu\u017ebou.<\/p>\n<p>Lid\u00e9 mohou jakoukoliv informaci o poh\u0159e\u0161ovan\u00e9m mu\u017ei volat na linku 158.<\/p>\n<\/div>\n<\/div>\n<\/div>\n<p><!--more--><\/p>\n<p><!--more--><\/p>\n","protected":false},"excerpt":{"rendered":"<div class=\"mh-excerpt\"><p>Policie p\u00e1tr\u00e1 po p\u011bta\u0161edes\u00e1tilet\u00e9m mu\u017ei s tuberkul\u00f3zou, kter\u00fd dnes dopoledne opustil strakonickou nemocnici. Nen\u00ed nebezpe\u010dn\u00fd sv\u00e9mu okol\u00ed, ale je psychicky nemocn\u00fd a infek\u010dn\u00ed.<\/p>\n<\/div>","protected":false},"author":1,"featured_media":1346,"comment_status":"open","ping_status":"closed","sticky":false,"template":"","format":"standard","meta":{"footnotes":""},"categories":[9],"tags":[],"class_list":["post-27066","post","type-post","status-publish","format-standard","has-post-thumbnail","hentry","category-zpravy"],"_links":{"self":[{"href":"https:\/\/www.invarena.cz\/index.php?rest_route=\/wp\/v2\/posts\/27066","targetHints":{"allow":["GET"]}}],"collection":[{"href":"https:\/\/www.invarena.cz\/index.php?rest_route=\/wp\/v2\/posts"}],"about":[{"href":"https:\/\/www.invarena.cz\/index.php?rest_route=\/wp\/v2\/types\/post"}],"author":[{"embeddable":true,"href":"https:\/\/www.invarena.cz\/index.php?rest_route=\/wp\/v2\/users\/1"}],"replies":[{"embeddable":true,"href":"https:\/\/www.invarena.cz\/index.php?rest_route=%2Fwp%2Fv2%2Fcomments&post=27066"}],"version-history":[{"count":0,"href":"https:\/\/www.invarena.cz\/index.php?rest_route=\/wp\/v2\/posts\/27066\/revisions"}],"wp:featuredmedia":[{"embeddable":true,"href":"https:\/\/www.invarena.cz\/index.php?rest_route=\/wp\/v2\/media\/1346"}],"wp:attachment":[{"href":"https:\/\/www.invarena.cz\/index.php?rest_route=%2Fwp%2Fv2%2Fmedia&parent=27066"}],"wp:term":[{"taxonomy":"category","embeddable":true,"href":"https:\/\/www.invarena.cz\/index.php?rest_route=%2Fwp%2Fv2%2Fcategories&post=27066"},{"taxonomy":"post_tag","embeddable":true,"href":"https:\/\/www.invarena.cz\/index.php?rest_route=%2Fwp%2Fv2%2Ftags&post=27066"}],"curies":[{"name":"wp","href":"https:\/\/api.w.org\/{rel}","templated":true}]}}