{"id":27071,"date":"2017-01-23T12:18:41","date_gmt":"2017-01-23T11:18:41","guid":{"rendered":"http:\/\/www.invarena.cz\/?p=27071"},"modified":"2017-01-23T12:18:41","modified_gmt":"2017-01-23T11:18:41","slug":"matka-a-syn-se-vzajemne-podporili-v-transgenderove-promene","status":"publish","type":"post","link":"https:\/\/www.invarena.cz\/?p=27071","title":{"rendered":"Matka a syn se vz\u00e1jemn\u011b podpo\u0159ili v transgenderov\u00e9 prom\u011bn\u011b"},"content":{"rendered":"<p>B\u00fdvali to matka a syn a nyn\u00ed jsou z nich otec a dcera. Oba toti\u017e zjistili, \u017ee se ve sv\u00e9m t\u011ble nec\u00edt\u00ed dob\u0159e, a tak se vz\u00e1jemn\u011b podpo\u0159ili p\u0159i zm\u011bn\u011b pohlav\u00ed.<br \/>\n<!--more--><\/p>\n<p>Matka \u0161esti d\u011bt\u00ed Erica Houseov\u00e1 nejprve pomohla k prom\u011bn\u011b sv\u00e9mu synovi, z n\u011bho\u017e je nyn\u00ed dcera Corey. Posl\u00e9ze sama nastoupila cestu k tomu st\u00e1t se mu\u017eem Erikem. Informoval o tom tento t\u00fdden britsk\u00fd list The Daily Mirror.<\/p>\n<p>&#8222;Moji bl\u00edzc\u00ed jsou \u00fa\u017easn\u00ed a p\u0159ijali to skv\u011ble. Man\u017eel m\u011b ve v\u0161em velmi podporuje a n\u00e1\u0161 vztah je nyn\u00ed je\u0161t\u011b siln\u011bj\u0161\u00ed, ne\u017e kdy\u017e jsme spolu deset let \u017eili,&#8220; sv\u011b\u0159ila se britsk\u00e9mu den\u00edku Erica, kter\u00e1 u\u017e si \u0159\u00edk\u00e1 Eric. T\u00e9m\u011b\u0159 rok bere hormon testosteron a mo\u017en\u00e1 ji\u017e p\u0159\u00ed\u0161t\u00ed m\u011bs\u00edc ji \u010dek\u00e1 chirurgick\u00fd z\u00e1krok, kter\u00fd by m\u011bl jej\u00ed prom\u011bnu dokon\u010dit.<\/p>\n<p>Ji\u017e d\u0159\u00edve m\u011bl podobn\u00fd osud jej\u00ed syn. Kdy\u017e bylo Coreyovi 11 let, d\u00edval se s matkou v televizi na rozhovor s hv\u011bzdou internetov\u00e9ho serveru YouTube Jazz Jenningsovou. Tato nyn\u00ed \u0161estn\u00e1ctilet\u00e1 transgenderov\u00e1 aktivistka se tak\u00e9 narodila jako chlapec.<\/p>\n<p>&#8222;Mami, jsem jako ona, jsem holka,&#8220; \u0159ekl po zhl\u00e9dnut\u00ed interview Corey. Jeho matka ho podpo\u0159ila a nechala sv\u00e9 d\u00edt\u011b, a\u0165 se obl\u00e9k\u00e1 jako d\u00edvka. Od 14 let mu pak pomohla s hormon\u00e1ln\u00ed terapi\u00ed v podob\u011b estrogenov\u00fdch injekc\u00ed.<\/p>\n<p>Nyn\u00ed u\u017e se Corey nem\u016f\u017ee do\u010dkat, a\u017e v 18 letech podstoup\u00ed chirurgick\u00fd z\u00e1krok a stane se celou \u017eenou.<\/p>\n<p>Podle listu The Daily Mirror jsou Eric a Corey z\u0159ejm\u011b prvn\u00ed rodi\u010d a d\u00edt\u011b na sv\u011bt\u011b, kte\u0159\u00ed otev\u0159en\u011b p\u0159iznali svou transgenderovou prom\u011bnu.<\/p>\n<p>&#8222;M\u016fj vzkaz v\u0161em je: nikdy se nesty\u010fte za to, k\u00fdm jste. Nikdy nev\u011b\u0159te nikomu, kdo se v\u00e1m sna\u017e\u00ed tvrdit, \u017ee jste n\u011bco m\u00e9n\u011b ne\u017e ostatn\u00ed,&#8220; \u0159\u00edk\u00e1 Eric \u010di Erica.<\/p>\n","protected":false},"excerpt":{"rendered":"<div class=\"mh-excerpt\"><p>B\u00fdvali to matka a syn a nyn\u00ed jsou z nich otec a dcera. Oba toti\u017e zjistili, \u017ee se ve sv\u00e9m t\u011ble nec\u00edt\u00ed dob\u0159e, a tak <a class=\"mh-excerpt-more\" href=\"https:\/\/www.invarena.cz\/?p=27071\" title=\"Matka a syn se vz\u00e1jemn\u011b podpo\u0159ili v transgenderov\u00e9 prom\u011bn\u011b\">[&#8230;]<\/a><\/p>\n<\/div>","protected":false},"author":1,"featured_media":14570,"comment_status":"open","ping_status":"closed","sticky":false,"template":"","format":"standard","meta":{"footnotes":""},"categories":[9],"tags":[],"class_list":["post-27071","post","type-post","status-publish","format-standard","has-post-thumbnail","hentry","category-zpravy"],"_links":{"self":[{"href":"https:\/\/www.invarena.cz\/index.php?rest_route=\/wp\/v2\/posts\/27071","targetHints":{"allow":["GET"]}}],"collection":[{"href":"https:\/\/www.invarena.cz\/index.php?rest_route=\/wp\/v2\/posts"}],"about":[{"href":"https:\/\/www.invarena.cz\/index.php?rest_route=\/wp\/v2\/types\/post"}],"author":[{"embeddable":true,"href":"https:\/\/www.invarena.cz\/index.php?rest_route=\/wp\/v2\/users\/1"}],"replies":[{"embeddable":true,"href":"https:\/\/www.invarena.cz\/index.php?rest_route=%2Fwp%2Fv2%2Fcomments&post=27071"}],"version-history":[{"count":0,"href":"https:\/\/www.invarena.cz\/index.php?rest_route=\/wp\/v2\/posts\/27071\/revisions"}],"wp:featuredmedia":[{"embeddable":true,"href":"https:\/\/www.invarena.cz\/index.php?rest_route=\/wp\/v2\/media\/14570"}],"wp:attachment":[{"href":"https:\/\/www.invarena.cz\/index.php?rest_route=%2Fwp%2Fv2%2Fmedia&parent=27071"}],"wp:term":[{"taxonomy":"category","embeddable":true,"href":"https:\/\/www.invarena.cz\/index.php?rest_route=%2Fwp%2Fv2%2Fcategories&post=27071"},{"taxonomy":"post_tag","embeddable":true,"href":"https:\/\/www.invarena.cz\/index.php?rest_route=%2Fwp%2Fv2%2Ftags&post=27071"}],"curies":[{"name":"wp","href":"https:\/\/api.w.org\/{rel}","templated":true}]}}