{"id":27072,"date":"2017-01-23T14:41:07","date_gmt":"2017-01-23T13:41:07","guid":{"rendered":"http:\/\/www.invarena.cz\/?p=27072"},"modified":"2017-01-23T14:41:07","modified_gmt":"2017-01-23T13:41:07","slug":"rada-bych-se-dozila-toho-aby-se-samuel-naucil-chodit","status":"publish","type":"post","link":"https:\/\/www.invarena.cz\/?p=27072","title":{"rendered":"R\u00e1da bych se do\u017eila toho, aby se Samuel nau\u010dil chodit"},"content":{"rendered":"<p><strong>Jarmila Bul\u00ed\u010dkov\u00e1 z Jihlavy se u\u017e n\u011bkolik let star\u00e1 o sv\u00e9ho posti\u017een\u00e9ho vnuka Samuela.<\/strong><!--more--><\/p>\n<p>Jihlava \u2013 Jarmila Bul\u00ed\u010dkov\u00e1 je state\u010dn\u00e1 \u017eena z Jihlavy, kter\u00e1 pe\u010duje o sv\u00e9ho posti\u017een\u00e9ho vnuka. Mal\u00fd Samuel se narodil velice brzy, u\u017e ve 28. t\u00fddnu t\u011bhotenstv\u00ed, krv\u00e1cel do mozku a sv\u016fj \u017eivot si musel doslova vybojovat. To na n\u011bm zanechalo n\u00e1sledky, se kter\u00fdmi se ov\u0161em state\u010dn\u011b pere. Jeho babi\u010dka v\u011b\u0159\u00ed, \u017ee jednou bude chodit. I kdy\u017e je l\u00e9\u010dba n\u00e1ro\u010dn\u00e1. Jarmila tvrd\u00ed, \u017ee je Samuel jedin\u00fd, kdo j\u00ed v \u017eivot\u011b zbyl.<\/p>\n<p>&#8211;<\/p>\n<p>Jarmilo, pe\u010dovat o posti\u017een\u00e9 d\u00edt\u011b je velmi n\u00e1ro\u010dn\u00e1 a ob\u011btav\u00e1 pr\u00e1ce. Dovolte mi, pros\u00edm, n\u011bkolik ot\u00e1zek na va\u0161i osobu. Pop\u00ed\u0161ete n\u00e1m posti\u017een\u00ed mal\u00e9ho Samuela?<\/p>\n<p>Samuel se narodil ve 28. t\u00fddnu t\u011bhotenstv\u00ed, krv\u00e1cel do mozku, m\u011bl zlomenou kl\u00ed\u010dn\u00ed kost a nevyvinut\u00e9 pl\u00edce. Prvn\u00ed \u010dty\u0159i m\u011bs\u00edce doslova bojoval o \u017eivot.<\/p>\n<p>&#8211; Jak\u00fd byl d\u00e1le osud mal\u00e9ho Samuela a odkdy ho m\u00e1te v p\u00e9\u010di?<\/p>\n<p>Po \u010dty\u0159ech m\u011bs\u00edc\u00edch byl kone\u010dn\u011b d\u00e1n do p\u00e9\u010de rodi\u010d\u016f, ov\u0161em jen na t\u0159i m\u011bs\u00edce. Po divn\u00fdch soudn\u00edch procesech Samuel skon\u010dil v kojeneck\u00e9m \u00fastavu. J\u00e1 jsem to v\u0161ak takto necht\u011bla nechat, a za\u010dala jsem o sv\u00e9ho vnou\u010dka bojovat sama. Postupn\u011b jsem m\u011bla povolen\u00e9 n\u00e1v\u0161t\u011bvy, \u010dasem jsem ho dost\u00e1vala dom\u016f i na v\u00edkend. Nakonec jsem ho v jeho t\u0159ech letech vysoudila, a o t\u00e9 doby o n\u011bho pe\u010duji.<\/p>\n<p>&#8211; Jak se zm\u011bnil za ty roky jeho zdravotn\u00ed stav?<\/p>\n<p>Kdy\u017e jsem si ho brala, byl to naprost\u00fd le\u017e\u00e1k. Jedl pouze ka\u0161i\u010dky. Dnes u\u017e j\u00ed v\u0161echno. Leze, sk\u00e1\u010de, a s oporou dokonce i chod\u00ed. Um\u00ed spoustu v\u011bc\u00ed napodobovat a s\u00e1m p\u0159edv\u00e1d\u011bt. L\u00e9ka\u0159i mi dokonce dali nad\u011bji, \u017ee by nemuselo dlouho trvat, a mohl by chodit s\u00e1m.<\/p>\n<p>&#8211; Jak prob\u00edh\u00e1 v\u00e1\u0161 klasick\u00fd den?<\/p>\n<p>V\u0161e se samoz\u0159ejm\u011b odv\u00edj\u00ed od Samuela. Velmi \u010dasto se bud\u00ed i v noci, nemohu ho nechat bez kontroly. Jedin\u00e9 volno m\u00e1m t\u0159i a\u017e \u010dty\u0159i hodiny dopoledne, kdy je ve specializovan\u00e9 \u0161kolce, a j\u00e1 si mohu za\u0159\u00eddit sv\u00e9 v\u011bci, jako je n\u00e1kup nebo n\u00e1v\u0161t\u011bva l\u00e9ka\u0159e Ov\u0161em n\u011bkdy se st\u00e1v\u00e1, \u017ee jen tak odpo\u010d\u00edv\u00e1m a \u00fanavou chvilku usnu. Ostatn\u00ed \u010das, jak u\u017e jsem \u0159ekla, se pln\u011b odv\u00edj\u00ed od Samuela.<\/p>\n<p>&#8211; Je n\u00e1ro\u010dn\u00e9 sehnat na l\u00e9\u010dbu dostatek pen\u011bz?<\/p>\n<p>Je to velmi n\u00e1ro\u010dn\u00e9. Pom\u00e1h\u00e1 mi mnoho zn\u00e1m\u00fdch a p\u0159\u00e1tel. Od r\u016fzn\u00fdch sponzorsk\u00fdch dar\u016f a\u017e po sb\u00edr\u00e1n\u00ed plastov\u00fdch v\u00ed\u010dek. Ov\u0161em ne v\u017edy je v\u0161e, jak m\u00e1 b\u00fdt, ale sna\u017e\u00edm se pro l\u00e9\u010dbu Sam\u00edka ud\u011blat v\u0161e, co se d\u00e1. Nen\u00ed to lehk\u00e9 v\u0161e zvl\u00e1dnout z pe\u010dovatelsk\u00e9ho p\u0159\u00edsp\u011bvku, ale pomoc ostatn\u00edch mi velmi pom\u00e1h\u00e1. Dokonce se mi ned\u00e1vno p\u0159ihodilo, \u017ee mi jedna velmi skromn\u00e1 osoba zaplatila pro Sam\u00edka l\u00e1zn\u011b v Pie\u0161\u0165anech, kde se jeho zdravotn\u00ed stav velice zlep\u0161il. Dokonce mi bylo \u0159e\u010deno, \u017ee po p\u00e1r takov\u00fdch procedur\u00e1ch by mohl brzy chodit. Moc bych doty\u010dn\u00e9 osob\u011b r\u00e1da za takov\u00fd velk\u00fd dar pod\u011bkovala. Ale nejen j\u00ed, ale v\u0161em, kte\u0159\u00ed se mi sna\u017e\u00ed pom\u00e1hat.<\/p>\n<p>&#8211; Jak\u00e9 je va\u0161e nejv\u011bt\u0161\u00ed p\u0159\u00e1n\u00ed?<\/p>\n<p>P\u0159eji si jedin\u00e9 a douf\u00e1m, \u017ee se toho do\u017eiji. Chci nau\u010dit Samuela chodit. U\u017e mu do toho moc nezb\u00fdv\u00e1, l\u00e9\u010dba hodn\u011b pomohla. Z\u00edskat pen\u00edze na dal\u0161\u00ed l\u00e1zn\u011b nebude lehk\u00e9, proto\u017ee je to velmi n\u00e1kladn\u00e9, ale nevzd\u00e1m se. Kdy\u017e vid\u00edm, jak\u00fdch zm\u011bn za ty necel\u00e9 \u010dty\u0159i roky dos\u00e1hl, v\u011b\u0159\u00edm, \u017ee se dok\u00e1\u017ee s\u00e1m postavit na nohy.<\/p>\n<p>&#8211; Co pro v\u00e1s mal\u00fd Samuel znamen\u00e1?<\/p>\n<p>\u00dapln\u011b v\u0161echno. J\u00e1 \u017eiji jen pro n\u011bho. On je jedin\u00fd, co mi v \u017eivot\u011b zbylo. Je to smutn\u00e9, ale je to tak. Po psychick\u00e9 str\u00e1nce m\u011b to ze za\u010d\u00e1tku n\u011bkdy deptalo, kdy\u017e \u010dlov\u011bk cel\u00fd den mluv\u00ed a mluv\u00ed a \u017e\u00e1dn\u00e1 odezva. Postupn\u011b se ov\u0161em v\u0161e lep\u0161\u00ed, je vid\u011bt, \u017ee opravdu nemluv\u00edm zbyte\u010dn\u011b. Vn\u00edm\u00e1 m\u011b, reaguje, u\u010d\u00edm ho dal\u0161\u00ed a dal\u0161\u00ed v\u011bci, a to m\u011b velmi nab\u00edj\u00ed. N\u011bkdy si \u0159\u00edk\u00e1m, \u017ee pom\u00e1h\u00e1 v\u00edc on mn\u011b ne\u017e j\u00e1 jemu.<\/p>\n<p>&#8211; Cht\u011bla byste n\u00e1m z\u00e1v\u011brem je\u0161t\u011b n\u011bco sd\u011blit?<\/p>\n<p>Cht\u011bla bych moc pod\u011bkovat v\u0161em, kte\u0159\u00ed mi pom\u00e1haj\u00ed a podporuj\u00ed m\u011b. Je spoustu kamar\u00e1d\u016f, zn\u00e1m\u00fdch, ale i ciz\u00edch lid\u00ed, kte\u0159\u00ed ch\u00e1pou, jak je n\u00e1ro\u010dn\u00e9 v\u0161e zvl\u00e1dat. Moc jim za jejich pomoc a podporu d\u011bkuji. Velmi si toho v\u00e1\u017e\u00edm.<\/p>\n<p>JAROSLAV DRAHO\u0160<br \/>\nJihlavsk\u00fd den\u00edk<br \/>\n<a href=\"http:\/\/www.jihlavsky.denik.cz\/\">http:\/\/www.jihlavsky.denik.cz\/<\/a><\/p>\n","protected":false},"excerpt":{"rendered":"<div class=\"mh-excerpt\"><p>Jarmila Bul\u00ed\u010dkov\u00e1 z Jihlavy se u\u017e n\u011bkolik let star\u00e1 o sv\u00e9ho posti\u017een\u00e9ho vnuka Samuela.<\/p>\n<\/div>","protected":false},"author":1,"featured_media":0,"comment_status":"open","ping_status":"closed","sticky":false,"template":"","format":"standard","meta":{"footnotes":""},"categories":[9],"tags":[],"class_list":["post-27072","post","type-post","status-publish","format-standard","hentry","category-zpravy"],"_links":{"self":[{"href":"https:\/\/www.invarena.cz\/index.php?rest_route=\/wp\/v2\/posts\/27072","targetHints":{"allow":["GET"]}}],"collection":[{"href":"https:\/\/www.invarena.cz\/index.php?rest_route=\/wp\/v2\/posts"}],"about":[{"href":"https:\/\/www.invarena.cz\/index.php?rest_route=\/wp\/v2\/types\/post"}],"author":[{"embeddable":true,"href":"https:\/\/www.invarena.cz\/index.php?rest_route=\/wp\/v2\/users\/1"}],"replies":[{"embeddable":true,"href":"https:\/\/www.invarena.cz\/index.php?rest_route=%2Fwp%2Fv2%2Fcomments&post=27072"}],"version-history":[{"count":0,"href":"https:\/\/www.invarena.cz\/index.php?rest_route=\/wp\/v2\/posts\/27072\/revisions"}],"wp:attachment":[{"href":"https:\/\/www.invarena.cz\/index.php?rest_route=%2Fwp%2Fv2%2Fmedia&parent=27072"}],"wp:term":[{"taxonomy":"category","embeddable":true,"href":"https:\/\/www.invarena.cz\/index.php?rest_route=%2Fwp%2Fv2%2Fcategories&post=27072"},{"taxonomy":"post_tag","embeddable":true,"href":"https:\/\/www.invarena.cz\/index.php?rest_route=%2Fwp%2Fv2%2Ftags&post=27072"}],"curies":[{"name":"wp","href":"https:\/\/api.w.org\/{rel}","templated":true}]}}