{"id":27074,"date":"2017-01-23T14:48:02","date_gmt":"2017-01-23T13:48:02","guid":{"rendered":"http:\/\/www.invarena.cz\/?p=27074"},"modified":"2017-01-23T14:48:02","modified_gmt":"2017-01-23T13:48:02","slug":"klinika-v-hradci-navraci-rec-a-sluch-i-detem","status":"publish","type":"post","link":"https:\/\/www.invarena.cz\/?p=27074","title":{"rendered":"Klinika v Hradci navrac\u00ed \u0159e\u010d a sluch. I d\u011btem"},"content":{"rendered":"<p><strong>L\u00e9ka\u0159i z Fakultn\u00ed nemocnice v Hradci Kr\u00e1lov\u00e9 maj\u00ed novinku, kter\u00e1 pom\u016f\u017ee nedosl\u00fdchav\u00fdm d\u011btem i dosp\u011bl\u00fdm. Elektronick\u00fd kochle\u00e1rn\u00ed implant\u00e1t s \u0159e\u010dov\u00fdm procesorem mnoha pacient\u016fm spolehliv\u011b vrac\u00ed sluch i \u0159e\u010d, co\u017e doposud m\u011bli jen na klinik\u00e1ch v Praze, Brn\u011b a Ostrav\u011b.<\/strong><!--more--><\/p>\n<p>HRADEC KR\u00c1LOV\u00c9 Pan\u00ed Marie z Vysok\u00e9ho M\u00fdta trp\u011bla oboustrannou poruchou sluchu, kter\u00e1 se po letech natolik zhor\u0161ila, \u017ee o sluch p\u0159i\u0161la \u00fapln\u011b. U\u017e z\u0159ejm\u011b ani nev\u011b\u0159ila, \u017ee n\u011bkdy usly\u0161\u00ed hudbu, kterou m\u011bla tak r\u00e1da. P\u0159ed n\u011bkolika dny v\u0161ak znovu usly\u0161ela lidsk\u00fd hlas a d\u00edky \u0159e\u010dov\u00e9mu procesoru poprv\u00e9 mohla znovu promluvit.<\/p>\n<p>&#8222;Miluju v\u00e1\u017enou hudbu a jsem \u0161\u0165astn\u00e1, \u017ee se sly\u0161\u00edm. U\u017e se moc t\u011b\u0161\u00edm na koncert, na kter\u00fd jsem si p\u0159ed operac\u00ed koupila l\u00edstky. Douf\u00e1m, \u017ee se mi zlep\u0161\u00ed i m\u016fj mluven\u00fd projev,&#8220; \u0159\u00edk\u00e1.<\/p>\n<p>Pacientka pat\u0159\u00ed mezi prvn\u00ed hradeck\u00e9 pacienty, kter\u00fdm l\u00e9ka\u0159i Kliniky ORL a chirurgie hlavy a krku ve Fakultn\u00ed nemocnici v Hradci Kr\u00e1lov\u00e9 p\u0159ed n\u011bkolika t\u00fddny \u00fasp\u011b\u0161n\u011b voperovali kochle\u00e1rn\u00ed implant\u00e1t. Jde o elektronick\u00e9 za\u0159\u00edzen\u00ed, kter\u00e9 dok\u00e1\u017ee z\u010d\u00e1sti nahradit sluch lidem, kte\u0159\u00ed se narodili jako nesly\u0161\u00edc\u00ed nebo n\u00e1hle ztratili sluch. Fakultn\u00ed nemocnice se stala teprve \u010dtvrt\u00fdm za\u0159\u00edzen\u00edm v zemi, kde tento z\u00e1krok nov\u011b prov\u00e1d\u011bj\u00ed.<\/p>\n<p>&#8222;Implant\u00e1t je propracovanou metodou rehabilitace nesly\u0161\u00edc\u00edch, kter\u00e1 umo\u017e\u0148uje nejen vn\u00edm\u00e1n\u00ed zvuk\u016f, ale i porozum\u011bn\u00ed \u0159e\u010di a zlep\u0161en\u00ed, nebo dokonce vytvo\u0159en\u00ed vlastn\u00edch \u0159e\u010dov\u00fdch schopnost\u00ed. Implant\u00e1t p\u0159em\u011b\u0148uje zvukov\u00e9 vln\u011bn\u00ed v elektrick\u00e9 impulsy, kter\u00e9 jsou k\u00f3dov\u00e1ny a pak pou\u017eity k p\u0159\u00edm\u00e9mu dr\u00e1\u017ed\u011bn\u00ed zvukov\u00e9ho nervu. Kochle\u00e1rn\u00ed implant\u00e1t tedy p\u0159edstavuje jakousi n\u00e1hra\u017eku vnit\u0159n\u00edho ucha,&#8220; vysv\u011btluje princip za\u0159\u00edzen\u00ed p\u0159ednosta kliniky Viktor Chrobok.<\/p>\n<p>Pacientka z Vysok\u00e9ho M\u00fdta je zrovna na vy\u0161et\u0159en\u00ed a profesor Chrobok pacientce vysv\u011btluje, \u017ee maj\u00ed p\u0159ed sebou je\u0161t\u011b hodn\u011b pr\u00e1ce. &#8222;C\u00edt\u00edm se dob\u0159e. Koncert Dagmar Peckov\u00e9 u n\u00e1s v kostele ve Vysok\u00e9m M\u00fdt\u011b je v b\u0159eznu, tak snad se poda\u0159\u00ed, \u017ee tam budu moct j\u00edt a sly\u0161et to,&#8220; sm\u011bje se.<\/p>\n<p>Vhodn\u00fd i pro d\u011bti<\/p>\n<p>Kochle\u00e1rn\u00ed implant\u00e1t je vhodn\u00fd tak\u00e9 pro nesly\u0161\u00edc\u00ed d\u011bti. Ty do dvou let v\u011bku se d\u00edky n\u011bmu stihnou nau\u010dit sly\u0161et a mluvit, je\u0161t\u011b ne\u017e se v mozku uzav\u0159ou centra \u0159e\u010di.<\/p>\n<p>V \u010cesku dosud ka\u017ed\u00fd rok prov\u00e1d\u011bli l\u00e9ka\u0159i na sto kochle\u00e1rn\u00edch implantac\u00ed, a to v Praze, v Brn\u011b a v Ostrav\u011b. Oproti mnoha z\u00e1padn\u00edm zem\u00edm, kde jich za stejnou dobu zvl\u00e1dnou i p\u011btkr\u00e1t tolik, v\u0161ak st\u00e1le zaost\u00e1v\u00e1me. Hradeck\u00e1 nemocnice snad pom\u016f\u017ee tuto statistiku zm\u011bnit. &#8222;Jen letos pl\u00e1nujeme prov\u00e9st asi deset implantac\u00ed,&#8220; \u0159\u00edk\u00e1 profesor Chrobok.<\/p>\n<p>Operaci i n\u00e1slednou p\u00e9\u010di hrad\u00ed poji\u0161\u0165ovny, jedno takov\u00e9 za\u0159\u00edzen\u00ed stoj\u00ed a\u017e 600 tis\u00edc.<\/p>\n<p>&#8222;Po dlouh\u00e9 dob\u011b sly\u0161\u00edm zase vysok\u00e9 t\u00f3ny, je to pro m\u011b novinka. M\u00e1m z toho dobr\u00fd pocit,&#8220; dod\u00e1v\u00e1 pacientka z Vysok\u00e9ho M\u00fdta.<\/p>\n<p>Operace je pouze prvn\u00edm krokem. Sou\u010d\u00e1st\u00ed za\u0159\u00edzen\u00ed je \u0159e\u010dov\u00fd procesor, kter\u00fd odborn\u00edci nastavuj\u00ed individu\u00e1ln\u011b. Poopera\u010dn\u00ed f\u00e1ze je dlouhodob\u00e1, pacienti mus\u00ed opakovan\u011b do nemocnice doj\u00ed\u017ed\u011bt, ti z regionu u\u017e nebudou muset a\u017e do Prahy nebo Brna.<\/p>\n<p>P\u0159ednosta Chrobok tak\u00e9 vyz\u00fdv\u00e1 v\u0161echny rodi\u010de, aby nechali sv\u00e9 d\u011bti je\u0161t\u011b p\u0159edt\u00edm, ne\u017e jdou do \u0161koly, vy\u0161et\u0159it. L\u00e9ka\u0159i toti\u017e u \u0159ady d\u011bt\u00ed zji\u0161\u0165uj\u00ed nedosl\u00fdchavost, o kter\u00e9 do t\u00e9 doby nev\u011bd\u011bli rodi\u010de ani u\u010ditel\u00e9.<\/p>\n<p>Ladislav Po\u0161mura<br \/>\nMlad\u00e1 fronta Dnes<\/p>\n","protected":false},"excerpt":{"rendered":"<div class=\"mh-excerpt\"><p>L\u00e9ka\u0159i z Fakultn\u00ed nemocnice v Hradci Kr\u00e1lov\u00e9 maj\u00ed novinku, kter\u00e1 pom\u016f\u017ee nedosl\u00fdchav\u00fdm d\u011btem i dosp\u011bl\u00fdm. Elektronick\u00fd kochle\u00e1rn\u00ed implant\u00e1t s \u0159e\u010dov\u00fdm procesorem mnoha pacient\u016fm spolehliv\u011b vrac\u00ed <a class=\"mh-excerpt-more\" href=\"https:\/\/www.invarena.cz\/?p=27074\" title=\"Klinika v Hradci navrac\u00ed \u0159e\u010d a sluch. I d\u011btem\">[&#8230;]<\/a><\/p>\n<\/div>","protected":false},"author":1,"featured_media":15447,"comment_status":"open","ping_status":"closed","sticky":false,"template":"","format":"standard","meta":{"footnotes":""},"categories":[9],"tags":[],"class_list":["post-27074","post","type-post","status-publish","format-standard","has-post-thumbnail","hentry","category-zpravy"],"_links":{"self":[{"href":"https:\/\/www.invarena.cz\/index.php?rest_route=\/wp\/v2\/posts\/27074","targetHints":{"allow":["GET"]}}],"collection":[{"href":"https:\/\/www.invarena.cz\/index.php?rest_route=\/wp\/v2\/posts"}],"about":[{"href":"https:\/\/www.invarena.cz\/index.php?rest_route=\/wp\/v2\/types\/post"}],"author":[{"embeddable":true,"href":"https:\/\/www.invarena.cz\/index.php?rest_route=\/wp\/v2\/users\/1"}],"replies":[{"embeddable":true,"href":"https:\/\/www.invarena.cz\/index.php?rest_route=%2Fwp%2Fv2%2Fcomments&post=27074"}],"version-history":[{"count":0,"href":"https:\/\/www.invarena.cz\/index.php?rest_route=\/wp\/v2\/posts\/27074\/revisions"}],"wp:featuredmedia":[{"embeddable":true,"href":"https:\/\/www.invarena.cz\/index.php?rest_route=\/wp\/v2\/media\/15447"}],"wp:attachment":[{"href":"https:\/\/www.invarena.cz\/index.php?rest_route=%2Fwp%2Fv2%2Fmedia&parent=27074"}],"wp:term":[{"taxonomy":"category","embeddable":true,"href":"https:\/\/www.invarena.cz\/index.php?rest_route=%2Fwp%2Fv2%2Fcategories&post=27074"},{"taxonomy":"post_tag","embeddable":true,"href":"https:\/\/www.invarena.cz\/index.php?rest_route=%2Fwp%2Fv2%2Ftags&post=27074"}],"curies":[{"name":"wp","href":"https:\/\/api.w.org\/{rel}","templated":true}]}}