{"id":27075,"date":"2017-01-24T16:32:07","date_gmt":"2017-01-24T15:32:07","guid":{"rendered":"http:\/\/www.invarena.cz\/?p=27075"},"modified":"2017-01-24T16:32:07","modified_gmt":"2017-01-24T15:32:07","slug":"vozickari-se-tezko-dostavaji-na-urady","status":"publish","type":"post","link":"https:\/\/www.invarena.cz\/?p=27075","title":{"rendered":"Voz\u00ed\u010dk\u00e1\u0159i se t\u011b\u017eko dost\u00e1vaj\u00ed na \u00fa\u0159ady"},"content":{"rendered":"<p>Ministryn\u011b pr\u00e1ce a soci\u00e1ln\u00edch v\u011bc\u00ed Michaela Marksov\u00e1 (\u010cSSD) chce Poslaneckou sn\u011bmovnu podrobit bezbari\u00e9rov\u00e9mu auditu. Doln\u00ed komora parlamentu je podle n\u00ed na n\u011bkter\u00fdch m\u00edstech nep\u0159\u00edstupn\u00e1 voz\u00ed\u010dk\u00e1\u0159\u016fm. Probl\u00e9m s bezbari\u00e9rov\u00fdm p\u0159\u00edstupem maj\u00ed ale i dal\u0161\u00ed st\u00e1tn\u00ed instituce. <!--more--><\/p>\n<p>Voz\u00ed\u010dk\u00e1\u0159 Michal Prager, \u0159editel organizace Pestr\u00e1 spole\u010dnost, kter\u00e1 se zab\u00fdv\u00e1 p\u0159ev\u00e1\u017en\u011b v\u00fdcvikem asisten\u010dn\u00edch ps\u016f pro posti\u017een\u00e9, Pr\u00e1vu \u0159ekl, \u017ee handicapovan\u00ed lid\u00e9 maj\u00ed probl\u00e9my ve v\u011bt\u0161in\u011b budov ve\u0159ejn\u00e9 spr\u00e1vy. &#8222;Je to p\u0159edev\u0161\u00edm proto, \u017ee s\u00eddl\u00ed v historick\u00fdch budov\u00e1ch, to je nejv\u011bt\u0161\u00ed z\u00e1drhel. Nejsmutn\u011bj\u0161\u00ed je to na \u00fa\u0159adech pr\u00e1ce, kam si posti\u017een\u00ed lid\u00e9 chod\u00ed pro d\u00e1vky,&#8220; posteskl si.<br \/>\nPodobn\u00e9 zku\u0161enosti m\u00e1 tak\u00e9 p\u0159edseda N\u00e1rodn\u00ed rady osob se zdravotn\u00edm posti\u017een\u00edm \u010cR V\u00e1clav Kr\u00e1sa. &#8222;Ministerstvo financ\u00ed je prakticky \u00fapln\u011b nep\u0159\u00edstupn\u00e9. Nejl\u00e9pe je na tom ministerstvo \u017eivotn\u00edho prost\u0159ed\u00ed, ale to je proto, \u017ee je to nov\u00e1 budova, dob\u0159e p\u0159\u00edstupn\u00e9 je i ministerstvo zdravotnictv\u00ed,&#8220; \u0159ekl Pr\u00e1vu Kr\u00e1sa.<br \/>\nBudova, ve kter\u00e9 s\u00eddl\u00ed ministerstvo pr\u00e1ce a soci\u00e1ln\u00edch v\u011bc\u00ed, je podle n\u011bj z hlediska bezbari\u00e9rovosti tak\u00e9 v po\u0159\u00e1dku, a\u017e na samotn\u00fd vchod. &#8222;Tam jsou plo\u0161iny, kter\u00e9 jsou stra\u0161n\u011b pomal\u00e9. P\u0159itom je tam prostor pro to, aby se tam dal ud\u011blat n\u00e1jezd,&#8220; \u0159ekl Kr\u00e1sa. Poslaneck\u00e1 sn\u011bmovna na tom podle n\u011bj nen\u00ed z hlediska p\u0159\u00edstupnosti nejh\u016f\u0159. &#8222;Hlavn\u00ed budova je v z\u00e1sad\u011b p\u0159\u00edstupn\u00e1, a\u017e na n\u011bkter\u00e9 m\u00edstnosti. Nejhor\u0161\u00ed je ale propojen\u00ed mezi hlavn\u00ed budovou a domem z Malostransk\u00e9ho n\u00e1m\u011bst\u00ed, kde je v\u011bt\u0161ina klub\u016f. Sen\u00e1t je na tom podstatn\u011b l\u00e9pe, tam jsou v\u0161ude v\u00fdtahy, i do hlavn\u00ed zasedac\u00ed m\u00edstnosti. Je ale t\u0159eba \u0159\u00edct, \u017ee cel\u00fd parlament m\u00e1 jen jednu bezbari\u00e9rovou toaletu, a to ve Sn\u011bmovn\u011b,&#8220; \u0159ekl Pr\u00e1vu Kr\u00e1sa. Marksov\u00e1 na probl\u00e9m pouk\u00e1zala minul\u00fd t\u00fdden na tiskov\u00e9 konferenci ve Sn\u011bmovn\u011b, kter\u00e9 se z\u00fa\u010dastnil i voz\u00ed\u010dk\u00e1\u0159 Prager. Br\u00edfink se nemohl konat v atriu, kde se konference b\u011b\u017en\u011b po\u0159\u00e1daj\u00ed, proto\u017ee by se tam na voz\u00ed\u010dku nedostal. <\/p>\n<p>Pom\u00e1h\u00e1 rampa <\/p>\n<p>Do m\u00edstnosti se sice d\u00e1 vej\u00edt ze dvou stran, ale na ka\u017ed\u00e9 stran\u011b \u010dek\u00e1 p\u0159\u00edchoz\u00edho jeden schod, vysok\u00fd zhruba patn\u00e1ct centimetr\u016f. Tiskov\u00e1 konference se konala v s\u00e1le, kam se d\u00e1 p\u0159ijet bez probl\u00e9m\u016f. Podle Marksov\u00e9 se tak ve Sn\u011bmovn\u011b uk\u00e1zala slabina. &#8222;V\u016fbec jsme si neuv\u011bdomili, \u017ee tiskov\u00fd s\u00e1l je takhle bari\u00e9rov\u00fd, \u017ee je do n\u011bj nemo\u017en\u00e9 dostat \u010dlov\u011bka na dvousetkilov\u00e9m elektrick\u00e9m voz\u00edku. Chceme j\u00edt s podn\u011btem za kancl\u00e9\u0159em, aby provedl bezbari\u00e9rov\u00fd audit Sn\u011bmovny,&#8220; \u0159ekla Pr\u00e1vu Marksov\u00e1.<br \/>\nMluv\u010d\u00ed Sn\u011bmovny Roman \u017damboch reagoval slovy, \u017ee Sn\u011bmovna za\u017eila i handicapovanou ministryni Danielu Filipiovou, kter\u00e1 byla v roce 2009 ministryn\u00ed zdravotnictv\u00ed za ODS ve druh\u00e9 vl\u00e1d\u011b Mirka Topol\u00e1nka a dnes je sen\u00e1torkou. &#8222;To byla tehdy zat\u011b\u017ek\u00e1vac\u00ed zkou\u0161ka, ale zvl\u00e1dalo se to, v budov\u011b probl\u00e9m nem\u011bla,&#8220; \u0159ekl Pr\u00e1vu. Bezbari\u00e9rov\u00fd audit by podle n\u011bj dopadl pro budovu dob\u0159e, kritika ministryn\u011b ho nemile p\u0159ekvapila. &#8222;Nenapadlo n\u00e1s, \u017ee s t\u00edm budou probl\u00e9my. Domlouvali jsme se na tiskov\u00e9 konferenci t\u0159i dny dop\u0159edu, prob\u011bhla v jin\u00e9 m\u00edstnosti \u00fapln\u011b bez pot\u00ed\u017e\u00ed. Kdyby pan\u00ed ministryn\u011b cht\u011bla, dalo se zajet slavnostn\u00edm vchodem a p\u0159isunout malou rampu,&#8220; dodal \u017damboch.<\/p>\n<p>Jan Martinek<br \/>\nPr\u00e1vo<\/p>\n","protected":false},"excerpt":{"rendered":"<div class=\"mh-excerpt\"><p>Ministryn\u011b pr\u00e1ce a soci\u00e1ln\u00edch v\u011bc\u00ed Michaela Marksov\u00e1 (\u010cSSD) chce Poslaneckou sn\u011bmovnu podrobit bezbari\u00e9rov\u00e9mu auditu. Doln\u00ed komora parlamentu je podle n\u00ed na n\u011bkter\u00fdch m\u00edstech nep\u0159\u00edstupn\u00e1 voz\u00ed\u010dk\u00e1\u0159\u016fm. <a class=\"mh-excerpt-more\" href=\"https:\/\/www.invarena.cz\/?p=27075\" title=\"Voz\u00ed\u010dk\u00e1\u0159i se t\u011b\u017eko dost\u00e1vaj\u00ed na \u00fa\u0159ady\">[&#8230;]<\/a><\/p>\n<\/div>","protected":false},"author":1,"featured_media":0,"comment_status":"open","ping_status":"closed","sticky":false,"template":"","format":"standard","meta":{"footnotes":""},"categories":[9],"tags":[],"class_list":["post-27075","post","type-post","status-publish","format-standard","hentry","category-zpravy"],"_links":{"self":[{"href":"https:\/\/www.invarena.cz\/index.php?rest_route=\/wp\/v2\/posts\/27075","targetHints":{"allow":["GET"]}}],"collection":[{"href":"https:\/\/www.invarena.cz\/index.php?rest_route=\/wp\/v2\/posts"}],"about":[{"href":"https:\/\/www.invarena.cz\/index.php?rest_route=\/wp\/v2\/types\/post"}],"author":[{"embeddable":true,"href":"https:\/\/www.invarena.cz\/index.php?rest_route=\/wp\/v2\/users\/1"}],"replies":[{"embeddable":true,"href":"https:\/\/www.invarena.cz\/index.php?rest_route=%2Fwp%2Fv2%2Fcomments&post=27075"}],"version-history":[{"count":0,"href":"https:\/\/www.invarena.cz\/index.php?rest_route=\/wp\/v2\/posts\/27075\/revisions"}],"wp:attachment":[{"href":"https:\/\/www.invarena.cz\/index.php?rest_route=%2Fwp%2Fv2%2Fmedia&parent=27075"}],"wp:term":[{"taxonomy":"category","embeddable":true,"href":"https:\/\/www.invarena.cz\/index.php?rest_route=%2Fwp%2Fv2%2Fcategories&post=27075"},{"taxonomy":"post_tag","embeddable":true,"href":"https:\/\/www.invarena.cz\/index.php?rest_route=%2Fwp%2Fv2%2Ftags&post=27075"}],"curies":[{"name":"wp","href":"https:\/\/api.w.org\/{rel}","templated":true}]}}