{"id":27077,"date":"2017-01-24T16:31:22","date_gmt":"2017-01-24T15:31:22","guid":{"rendered":"http:\/\/www.invarena.cz\/?p=27077"},"modified":"2017-01-24T16:31:22","modified_gmt":"2017-01-24T15:31:22","slug":"i-diky-vam-darujeme-na-projekty-37-milionu-korun","status":"publish","type":"post","link":"https:\/\/www.invarena.cz\/?p=27077","title":{"rendered":"I d\u00edky v\u00e1m darujeme na projekty 3,7 milionu korun"},"content":{"rendered":"<p>Ned\u00e1vno zakon\u010den\u00e1 podzimn\u00ed \u010d\u00e1st grantov\u00e9ho programu \u010cSOB pom\u00e1h\u00e1 region\u016fm vynesla rekordn\u00edch 3,7 milionu korun. V\u00edce ne\u017e \u010dtvrt roku prob\u00edhal v\u00fdb\u011br projekt\u016f a jejich sout\u011b\u017een\u00ed o p\u0159\u00edsp\u011bvky ve\u0159ejnosti. <!--more--><\/p>\n<p>Od individu\u00e1ln\u00edch d\u00e1rc\u016f nakonec <\/p>\n<p>organizace z\u00edskaly 1 603 964 korun, ke kter\u00fdm \u010cSOB p\u0159idala dal\u0161\u00ed v\u00edce ne\u017e 2 miliony korun. Rok 2016 byl rovn\u011b\u017e unik\u00e1tn\u00ed t\u00edm, \u017ee program prob\u011bhl ve dvou f\u00e1z\u00edch. Celkov\u00e1 \u010d\u00e1stka se vy\u0161plhala na t\u00e9m\u011b\u0159 7,3 milionu korun a p\u0159ekonala tak v\u0161echny dosavadn\u00ed ro\u010dn\u00edky.<br \/>\n&#8222;Do podzimn\u00edho kola programu \u010cSOB pom\u00e1h\u00e1 region\u016fm se zapojilo celkem 56 ve\u0159ejn\u011b prosp\u011b\u0161n\u00fdch projekt\u016f ve v\u0161ech 14 kraj\u00edch. \u010c\u00e1stka, kterou jednotliv\u00fdm projekt\u016fm neziskov\u00fdch \u010di p\u0159\u00edsp\u011bvkov\u00fdch organizac\u00ed, \u0161kol a dal\u0161\u00edch instituc\u00ed pos\u00edlali lid\u00e9 z jejich bli\u017e\u0161\u00edho i vzd\u00e1len\u011bj\u0161\u00edho okol\u00ed, p\u0159ekonala o t\u00e9m\u011b\u0159 100 tis\u00edc korun v\u00fd\u0161i p\u0159\u00edsp\u011bvk\u016f z jarn\u00ed \u010d\u00e1sti programu.<br \/>\n\u010cSOB stejn\u011b jako na ja\u0159e rozd\u011blila mezi projekty 2,1 milionu korun. Celkov\u00e1 \u010d\u00e1stka za rok 2016 se tak vy\u0161plhala na 7 263 182 K\u010d, co\u017e znamen\u00e1 nej\u00fasp\u011b\u0161n\u011bj\u0161\u00ed ro\u010dn\u00edk od vzniku programu v roce 2013,&#8220; \u0159\u00edk\u00e1 Alena Kr\u00e1l\u00edkov\u00e1, mana\u017eerka spole\u010densk\u00e9 odpov\u011bdnosti \u010cSOB. <\/p>\n<p>NEJ\u0160T\u011aD\u0158EJ\u0160\u00cd D\u00c1RCI <\/p>\n<p>Nej\u0161t\u011bd\u0159ej\u0161\u00ed byli d\u00e1rci v Jiho\u010desk\u00e9m kraji. Na podporu projekt\u016f p\u0159isp\u011bli v\u00edce ne\u017e 304 000 korun. Na pomysln\u00e9 druh\u00e9 p\u0159\u00ed\u010dce se um\u00edstila Praha s \u010d\u00e1stkou 234 229 korun. Nejv\u00edce Pra\u017eany zaujal Nada\u010dn\u00ed fond Mathilda s projektem \u0160\u0165astn\u00fd vodic\u00ed pes, kter\u00fd pom\u016f\u017ee zajistit kvalitn\u00ed chov \u0161t\u011b\u0148at a v\u00fdcvik vodic\u00edch ps\u016f pro nevidom\u00e9. T\u0159et\u00ed m\u00edsto obsadil Karlovarsk\u00fd kraj, kde se d\u00e1rci slo\u017eili na celkovou \u010d\u00e1stku 195 218 korun.<br \/>\nTady zv\u00edt\u011bzil projekt Domova pokojn\u00e9ho st\u00e1\u0159\u00ed v Ostrov\u011b, kde z\u00edskan\u00e9 prost\u0159edky vyu\u017eij\u00ed k n\u00e1kupu vybaven\u00ed, aby mohli nav\u00fd\u0161it kapacitu a poskytovat pot\u0159ebnou p\u00e9\u010di dal\u0161\u00edm 18 senior\u016fm.<br \/>\nAbsolutn\u00edm v\u00edt\u011bzem podzimn\u00edho kola se stal Dom\u00e1c\u00ed hospic Jord\u00e1n z jiho\u010desk\u00e9ho T\u00e1bora. Ten poskytuje slu\u017eby nevyl\u00e9\u010diteln\u011b nemocn\u00fdm pacient\u016fm v jejich dom\u00e1c\u00edm prost\u0159ed\u00ed nejen v T\u00e1bo\u0159e, ale tak\u00e9 v okoln\u00edch obc\u00edch.<br \/>\n&#8222;Za na\u0161imi pacienty jezd\u00edme i n\u011bkolikr\u00e1t denn\u011b.<br \/>\nV lo\u0148sk\u00e9m roce jsme najezdili dohromady 33 000 km, na\u0161e auta dosluhuj\u00ed a hospic nutn\u011b pot\u0159ebuje nov\u00e1, aby mohl nevyl\u00e9\u010diteln\u011b nemocn\u00fdm pom\u00e1hat. Za v\u0161echny na\u0161e spolupracovn\u00edky mus\u00edme velmi pod\u011bkovat lidem, kte\u0159\u00ed se o program \u010cSOB pom\u00e1h\u00e1 region\u016fm zaj\u00edmaj\u00ed a kte\u0159\u00ed poslali jakoukoli finan\u010dn\u00ed podporu, a\u0165 u\u017e na\u0161emu hospici, nebo kter\u00e9mukoli z dal\u0161\u00edch \u00fa\u017easn\u00fdch projekt\u016f,&#8220; \u0159\u00edk\u00e1 \u0159editelka Dom\u00e1c\u00edho hospice Jord\u00e1n Marie Sovadinov\u00e1.<br \/>\nK \u010d\u00e1stce od jednotliv\u00fdch d\u00e1rc\u016f, kte\u0159\u00ed hospicu poslali v\u00edce ne\u017e 213 tis\u00edc korun, p\u0159idala \u010cSOB dal\u0161\u00edch 50 tis\u00edc korun. <\/p>\n<p>KOMU JSTE DALI NEJV\u011aT\u0160\u00cd D\u016eV\u011aRU U N\u00c1S?<br \/>\nZv\u00edt\u011bzil projekt Pom\u016f\u017eete str\u00e1\u017en\u00e9mu and\u011blu? Oblastn\u00edho spolku \u010cesk\u00e9ho \u010derven\u00e9ho k\u0159\u00ed\u017ee z Prost\u011bjova, kter\u00fd nasb\u00edral 36 200 K\u010d.<br \/>\nNa dal\u0161\u00edch m\u00edstech skon\u010dily Tr\u00e9ninkov\u00e1 kuchy\u0148ka pro soci\u00e1ln\u00ed rehabilitaci Rozkv\u011bt Charity \u0160ternberk (30 500 K\u010d), Hrav\u00fd dvorek Jun\u00e1ka \u2013 \u010desk\u00e9ho skauta z Prost\u011bjova (15 250 K\u010d) a Dobrovoln\u00edci u Mloka pom\u00e1haj\u00ed d\u011btem P-Centra z Olomouce (7412 K\u010d).<br \/>\nJAK PROGRAM FUNGUJE? <\/p>\n<p>\u010cSOB pom\u00e1h\u00e1 region\u016fm je grantov\u00fd program podporuj\u00edc\u00ed zaj\u00edmav\u00e9 projekty, kter\u00e9 r\u016fzn\u00fdmi zp\u016fsoby p\u0159isp\u00edvaj\u00ed ke zlep\u0161en\u00ed kvality \u017eivota lid\u00ed v cel\u00e9 \u010cesk\u00e9 republice.<br \/>\n&#8222;V roce 2016 jsme program poprv\u00e9 uskute\u010dnili dvoukolov\u011b \u2013 jarn\u00edm a podzimn\u00edm \u2013 a v ka\u017ed\u00e9m z nich \u010cSOB rozdala na dobro\u010dinn\u00e9 \u00fa\u010dely 2,1 milionu korun,&#8220; dopl\u0148uje Alena Kr\u00e1l\u00edkov\u00e1. <\/p>\n<p>Ve\u0159ejnost v na\u0161em regionu v\u011bnovala projekt\u016fm t\u00e9m\u011b\u0159 87 tis\u00edc korun, \u010cSOB dal\u0161\u00edch 150 tis\u00edc K\u010d. <\/p>\n<p>O programu <\/p>\n<p>C\u00edlem programu \u010cSOB pom\u00e1h\u00e1 region\u016fm je vytvo\u0159it pro neziskov\u00e9 organizace jednoduchou a efektivn\u00ed platformu, skrze kterou se mohou uch\u00e1zet o p\u0159\u00edsp\u011bvky ve\u0159ejnosti a v n\u00e1vaznosti na to i o finan\u010dn\u00ed p\u0159\u00edsp\u011bvky p\u0159\u00edmo od \u010cSOB. <\/p>\n<p>Z\u00e1rove\u0148 se sv\u00fdm &#8222;sout\u011b\u017en\u00edm&#8220; form\u00e1tem sna\u017e\u00ed motivovat neziskov\u00e9 organizace k co nejlep\u0161\u00ed a nejrozs\u00e1hlej\u0161\u00ed prezentaci sv\u00fdch konkr\u00e9tn\u00edch projekt\u016f, a p\u0159ibli\u017euje tak jejich \u010dinnost ve\u0159ejnosti. <\/p>\n<p>Prost\u0159ednictv\u00edm programu se od roku 2013 vybralo na podporu konkr\u00e9tn\u00edch neziskov\u00fdch projekt\u016f z oblasti kultury, zdravotnictv\u00ed nebo vzd\u011bl\u00e1v\u00e1n\u00ed ji\u017e p\u0159es 18 milionu korun. <\/p>\n<p>Od lo\u0148sk\u00e9ho roku je program rozd\u011blen na jarn\u00ed a podzimn\u00ed \u010d\u00e1st.<\/p>\n<p>23.01.2017<br \/>\nOlomouck\u00fd den\u00edk<br \/>\nhttp:\/\/www.olomoucky.denik.cz\/<\/p>\n","protected":false},"excerpt":{"rendered":"<div class=\"mh-excerpt\"><p>Ned\u00e1vno zakon\u010den\u00e1 podzimn\u00ed \u010d\u00e1st grantov\u00e9ho programu \u010cSOB pom\u00e1h\u00e1 region\u016fm vynesla rekordn\u00edch 3,7 milionu korun. V\u00edce ne\u017e \u010dtvrt roku prob\u00edhal v\u00fdb\u011br projekt\u016f a jejich sout\u011b\u017een\u00ed o <a class=\"mh-excerpt-more\" href=\"https:\/\/www.invarena.cz\/?p=27077\" title=\"I d\u00edky v\u00e1m darujeme na projekty 3,7 milionu korun\">[&#8230;]<\/a><\/p>\n<\/div>","protected":false},"author":1,"featured_media":0,"comment_status":"open","ping_status":"closed","sticky":false,"template":"","format":"standard","meta":{"footnotes":""},"categories":[9],"tags":[],"class_list":["post-27077","post","type-post","status-publish","format-standard","hentry","category-zpravy"],"_links":{"self":[{"href":"https:\/\/www.invarena.cz\/index.php?rest_route=\/wp\/v2\/posts\/27077","targetHints":{"allow":["GET"]}}],"collection":[{"href":"https:\/\/www.invarena.cz\/index.php?rest_route=\/wp\/v2\/posts"}],"about":[{"href":"https:\/\/www.invarena.cz\/index.php?rest_route=\/wp\/v2\/types\/post"}],"author":[{"embeddable":true,"href":"https:\/\/www.invarena.cz\/index.php?rest_route=\/wp\/v2\/users\/1"}],"replies":[{"embeddable":true,"href":"https:\/\/www.invarena.cz\/index.php?rest_route=%2Fwp%2Fv2%2Fcomments&post=27077"}],"version-history":[{"count":0,"href":"https:\/\/www.invarena.cz\/index.php?rest_route=\/wp\/v2\/posts\/27077\/revisions"}],"wp:attachment":[{"href":"https:\/\/www.invarena.cz\/index.php?rest_route=%2Fwp%2Fv2%2Fmedia&parent=27077"}],"wp:term":[{"taxonomy":"category","embeddable":true,"href":"https:\/\/www.invarena.cz\/index.php?rest_route=%2Fwp%2Fv2%2Fcategories&post=27077"},{"taxonomy":"post_tag","embeddable":true,"href":"https:\/\/www.invarena.cz\/index.php?rest_route=%2Fwp%2Fv2%2Ftags&post=27077"}],"curies":[{"name":"wp","href":"https:\/\/api.w.org\/{rel}","templated":true}]}}