{"id":27096,"date":"2017-01-26T08:16:58","date_gmt":"2017-01-26T07:16:58","guid":{"rendered":"http:\/\/www.invarena.cz\/?p=27096"},"modified":"2017-01-26T08:17:27","modified_gmt":"2017-01-26T07:17:27","slug":"den-proti-rakovine-se-zameri-na-prevenci-nadoru-hlavy-a-krku","status":"publish","type":"post","link":"https:\/\/www.invarena.cz\/?p=27096","title":{"rendered":"Den proti rakovin\u011b se zam\u011b\u0159\u00ed na prevenci n\u00e1dor\u016f hlavy a krku"},"content":{"rendered":"<p>Na prevenci n\u00e1dor\u016f hlavy a krku se letos zam\u011b\u0159\u00ed sv\u011btov\u00fd den proti rakovin\u011b, kter\u00fd p\u0159ipad\u00e1 na 4. \u00fanora. V \u010cesku ro\u010dn\u011b p\u0159ib\u00fdv\u00e1 2000 pacient\u016f s t\u00edmto onkologick\u00fdm onemocn\u011bn\u00edm, t\u0159ikr\u00e1t \u010dast\u011bji jsou to mu\u017ei ne\u017e \u017eeny. <!--more--><\/p>\n<p>Na p\u0159edch\u00e1zen\u00ed chorob\u011b, diagnostiku i l\u00e9\u010dbu se zam\u011b\u0159\u00ed sympozium pro odborn\u00edky i laiky, kter\u00e9 se kon\u00e1 1. \u00fanora v Praze. Po\u0159\u00e1d\u00e1 ho spolu s odbornou l\u00e9ka\u0159skou spole\u010dnost\u00ed Liga proti rakovin\u011b. V kv\u011btnu pak zorganizuje tradi\u010dn\u00ed sb\u00edrku na podporu boje s onkologick\u00fdmi nemocemi. \u010cTK o tom dnes informovala z\u00e1stupkyn\u011b ligy Jitka Bajgarov\u00e1.<\/p>\n<p>Mezi n\u00e1dory hlavy a krku pat\u0159\u00ed nap\u0159\u00edklad rakovina horn\u00edho d\u00fdchac\u00edho traktu, polykac\u00edch cest \u010di slinn\u00fdch \u017el\u00e1z. N\u00e1dory se ale objevuj\u00ed i v k\u016f\u017ei, c\u00e9v\u00e1ch a dal\u0161\u00edch tk\u00e1n\u00edch.<\/p>\n<p>Podle p\u0159edsedkyn\u011b ligy, onkolo\u017eky Michaely Fridrichov\u00e9 leto\u0161n\u00ed hlavn\u00ed t\u00e9ma organiz\u00e1to\u0159i nezvolili kv\u016fli tomu, \u017ee by n\u00e1dory hlavy a krku byly tak \u010dast\u00e9, ale proto\u017ee jsou &#8222;zna\u010dn\u00e9 mo\u017enosti prevence&#8220;. &#8222;Sta\u010d\u00ed, kdy\u017e uvedu, \u017ee u 75 procent pacient\u016f, u nich\u017e jsou n\u00e1dory hlavy a krku diagnostikov\u00e1ny, je z\u0159ejm\u00e1 souvislost s kou\u0159en\u00edm a nadm\u011brnou konzumac\u00ed alkoholu,&#8220; \u0159ekla Fridrichov\u00e1.<\/p>\n<p>Vedle kou\u0159en\u00ed a nadm\u011brn\u00e9ho pit\u00ed alkoholu je hlavn\u00ed p\u0159\u00ed\u010dinou \u0161patn\u00e1 \u00fastn\u00ed hygiena a infekce papilomavirem HPV 16. Podle l\u00e9ka\u0159\u016f se d\u00e1 n\u00e1dor\u016fm p\u0159edch\u00e1zet dodr\u017eov\u00e1n\u00edm \u00fastn\u00ed hygieny, omezen\u00edm konzumace alkoholu, nekou\u0159en\u00edm a preventivn\u00edmi prohl\u00eddkami u zuba\u0159e.<\/p>\n<p>Ke sv\u011btov\u00e9mu dni proti rakovin\u011b liga spolu s \u010ceskou l\u00e9ka\u0159skou spole\u010dnost\u00ed Jana Evangelisty Purkyn\u011b po\u0159\u00e1d\u00e1 1. \u00fanora v Praze sympozium pro laiky i odborn\u00edky. Akce se kon\u00e1 podes\u00e1t\u00e9. Diskutovat se bude o prevenci, v\u010dasn\u00e9m odhalen\u00ed n\u00e1doru i terapii. \u010cesk\u00fd den proti rakovin\u011b se pak uskute\u010dn\u00ed 10. kv\u011btna, kdy z\u00e1jemci budou moci p\u0159isp\u011bt do sb\u00edrky koup\u00ed \u017elut\u00e9 kyti\u010dky. Loni v\u011bnovali 18,26 milionu korun, a to v\u010detn\u011b \u010d\u00e1stky z d\u00e1rcovsk\u00fdch textov\u00fdch zpr\u00e1v. \u010cist\u00fd v\u00fdt\u011b\u017eek pak \u010dinil 10,48 milionu korun. Do n\u00e1dorov\u00e9 prevence poputuje 4,27 milionu, na zlep\u0161en\u00ed kvality \u017eivota pacient\u016f 3,59 milionu a zbytek do v\u00fdzkumu, v\u00fduky medik\u016f a vybaven\u00ed onkologick\u00fdch pracovi\u0161\u0165.<\/p>\n<p>Sv\u011btov\u00fd den proti rakovin\u011b je akce Sv\u011btov\u00e9 unie proti rakovin\u011b (UICC). C\u00edlem je sn\u00ed\u017eit v\u00fdskyt n\u00e1dorov\u00fdch onemocn\u011bn\u00ed a p\u0159ed\u010dasn\u00fdch \u00famrt\u00ed do roku 2025 o \u010dtvrtinu. Ka\u017ed\u00fd rok na rakovinu ve sv\u011bt\u011b um\u00edr\u00e1 8,2 milionu lid\u00ed, z toho \u010dty\u0159i miliony jsou ve v\u011bku 30 a\u017e 69 let. Podle UICC je mo\u017en\u00e9 v\u00edc ne\u017e t\u0159etin\u011b druh\u016f n\u00e1dor\u016f p\u0159edch\u00e1zet, a to d\u00edky zdrav\u00e9mu \u017eivotn\u00edmu stylu. Lid\u00e9 by nem\u011bli kou\u0159it a nadm\u011brn\u011b p\u00edt alkohol, m\u011bli by pravideln\u011b cvi\u010dit a tak\u00e9 t\u0159eba omezit spot\u0159ebu \u010derven\u00e9ho masa, uvedli organiz\u00e1to\u0159i.<\/p>\n","protected":false},"excerpt":{"rendered":"<div class=\"mh-excerpt\"><p>Na prevenci n\u00e1dor\u016f hlavy a krku se letos zam\u011b\u0159\u00ed sv\u011btov\u00fd den proti rakovin\u011b, kter\u00fd p\u0159ipad\u00e1 na 4. \u00fanora. V \u010cesku ro\u010dn\u011b p\u0159ib\u00fdv\u00e1 2000 pacient\u016f s <a class=\"mh-excerpt-more\" href=\"https:\/\/www.invarena.cz\/?p=27096\" title=\"Den proti rakovin\u011b se zam\u011b\u0159\u00ed na prevenci n\u00e1dor\u016f hlavy a krku\">[&#8230;]<\/a><\/p>\n<\/div>","protected":false},"author":1,"featured_media":18247,"comment_status":"open","ping_status":"closed","sticky":false,"template":"","format":"standard","meta":{"footnotes":""},"categories":[9],"tags":[],"class_list":["post-27096","post","type-post","status-publish","format-standard","has-post-thumbnail","hentry","category-zpravy"],"_links":{"self":[{"href":"https:\/\/www.invarena.cz\/index.php?rest_route=\/wp\/v2\/posts\/27096","targetHints":{"allow":["GET"]}}],"collection":[{"href":"https:\/\/www.invarena.cz\/index.php?rest_route=\/wp\/v2\/posts"}],"about":[{"href":"https:\/\/www.invarena.cz\/index.php?rest_route=\/wp\/v2\/types\/post"}],"author":[{"embeddable":true,"href":"https:\/\/www.invarena.cz\/index.php?rest_route=\/wp\/v2\/users\/1"}],"replies":[{"embeddable":true,"href":"https:\/\/www.invarena.cz\/index.php?rest_route=%2Fwp%2Fv2%2Fcomments&post=27096"}],"version-history":[{"count":0,"href":"https:\/\/www.invarena.cz\/index.php?rest_route=\/wp\/v2\/posts\/27096\/revisions"}],"wp:featuredmedia":[{"embeddable":true,"href":"https:\/\/www.invarena.cz\/index.php?rest_route=\/wp\/v2\/media\/18247"}],"wp:attachment":[{"href":"https:\/\/www.invarena.cz\/index.php?rest_route=%2Fwp%2Fv2%2Fmedia&parent=27096"}],"wp:term":[{"taxonomy":"category","embeddable":true,"href":"https:\/\/www.invarena.cz\/index.php?rest_route=%2Fwp%2Fv2%2Fcategories&post=27096"},{"taxonomy":"post_tag","embeddable":true,"href":"https:\/\/www.invarena.cz\/index.php?rest_route=%2Fwp%2Fv2%2Ftags&post=27096"}],"curies":[{"name":"wp","href":"https:\/\/api.w.org\/{rel}","templated":true}]}}