{"id":27099,"date":"2017-01-26T12:58:47","date_gmt":"2017-01-26T11:58:47","guid":{"rendered":"http:\/\/www.invarena.cz\/?p=27099"},"modified":"2017-01-26T12:58:47","modified_gmt":"2017-01-26T11:58:47","slug":"vaclav-neckar-zpiva-pro-mathildu","status":"publish","type":"post","link":"https:\/\/www.invarena.cz\/?p=27099","title":{"rendered":"V\u00e1clav Neck\u00e1\u0159 zp\u00edv\u00e1 pro Mathildu"},"content":{"rendered":"<p><strong>Ve st\u0159edu 5. dubna ve Stavovsk\u00e9m divadle po\u0159\u00e1d\u00e1 Nada\u010dn\u00ed fond Mathilda slavnostn\u00ed Koncert. Kon\u00e1 se ji\u017e po sedm\u00e9 a z\u00e1\u0161titu mu poskytla pan\u00ed hrab\u011bnka Mathilda Nostitzov\u00e1, jej\u00ed\u017e p\u0159edkov\u00e9 nechali p\u0159ed v\u00edce ne\u017e 230 lety Stavovsk\u00e9, d\u0159\u00edve Nostitzovo, divadlo postavit.<\/strong> <!--more--><\/p>\n<p>Cel\u00fd \u010dl\u00e1nek <a href=\"http:\/\/www.prazskypatriot.cz\/vaclav-neckar-zpiva-pro-mathildu\/\">ZDE<\/a><\/p>\n","protected":false},"excerpt":{"rendered":"<div class=\"mh-excerpt\"><p>Ve st\u0159edu 5. dubna ve Stavovsk\u00e9m divadle po\u0159\u00e1d\u00e1 Nada\u010dn\u00ed fond Mathilda slavnostn\u00ed Koncert. Kon\u00e1 se ji\u017e po sedm\u00e9 a z\u00e1\u0161titu mu poskytla pan\u00ed hrab\u011bnka Mathilda <a class=\"mh-excerpt-more\" href=\"https:\/\/www.invarena.cz\/?p=27099\" title=\"V\u00e1clav Neck\u00e1\u0159 zp\u00edv\u00e1 pro Mathildu\">[&#8230;]<\/a><\/p>\n<\/div>","protected":false},"author":1,"featured_media":0,"comment_status":"open","ping_status":"closed","sticky":false,"template":"","format":"standard","meta":{"footnotes":""},"categories":[9],"tags":[],"class_list":["post-27099","post","type-post","status-publish","format-standard","hentry","category-zpravy"],"_links":{"self":[{"href":"https:\/\/www.invarena.cz\/index.php?rest_route=\/wp\/v2\/posts\/27099","targetHints":{"allow":["GET"]}}],"collection":[{"href":"https:\/\/www.invarena.cz\/index.php?rest_route=\/wp\/v2\/posts"}],"about":[{"href":"https:\/\/www.invarena.cz\/index.php?rest_route=\/wp\/v2\/types\/post"}],"author":[{"embeddable":true,"href":"https:\/\/www.invarena.cz\/index.php?rest_route=\/wp\/v2\/users\/1"}],"replies":[{"embeddable":true,"href":"https:\/\/www.invarena.cz\/index.php?rest_route=%2Fwp%2Fv2%2Fcomments&post=27099"}],"version-history":[{"count":0,"href":"https:\/\/www.invarena.cz\/index.php?rest_route=\/wp\/v2\/posts\/27099\/revisions"}],"wp:attachment":[{"href":"https:\/\/www.invarena.cz\/index.php?rest_route=%2Fwp%2Fv2%2Fmedia&parent=27099"}],"wp:term":[{"taxonomy":"category","embeddable":true,"href":"https:\/\/www.invarena.cz\/index.php?rest_route=%2Fwp%2Fv2%2Fcategories&post=27099"},{"taxonomy":"post_tag","embeddable":true,"href":"https:\/\/www.invarena.cz\/index.php?rest_route=%2Fwp%2Fv2%2Ftags&post=27099"}],"curies":[{"name":"wp","href":"https:\/\/api.w.org\/{rel}","templated":true}]}}