{"id":27105,"date":"2017-01-27T10:11:23","date_gmt":"2017-01-27T09:11:23","guid":{"rendered":"http:\/\/www.invarena.cz\/?p=27105"},"modified":"2017-01-27T10:11:23","modified_gmt":"2017-01-27T09:11:23","slug":"stacionar-pochybil-radnice-to-nemini-tolerovat-peci-o-klienty-prevezme-apropo","status":"publish","type":"post","link":"https:\/\/www.invarena.cz\/?p=27105","title":{"rendered":"Stacion\u00e1\u0159 pochybil, radnice to nem\u00edn\u00ed tolerovat. P\u00e9\u010di o klienty p\u0159evezme Apropo"},"content":{"rendered":"<p><strong>Ji\u010d\u00ednsk\u00fd stacion\u00e1\u0159 Kamar\u00e1d poru\u0161il smlouvu o poskytnut\u00ed dotace od m\u011bsta. Radnici mus\u00ed vr\u00e1tit 1,5 milionu korun a opustit pronajat\u00e9 prostory.<\/strong><!--more--><\/p>\n<p>Ji\u010d\u00edn \u2013 \u017divot dev\u011btadvaceti klient\u016f stacion\u00e1\u0159e Kamar\u00e1d z\u0159ejm\u011b v brzk\u00e9 dob\u011b nabere jin\u00fd sm\u011br. Lid\u00e9 s t\u011blesn\u00fdm nebo du\u0161evn\u00edm posti\u017een\u00edm si tak budou muset zvykat na nov\u00e9 prost\u0159ed\u00ed i person\u00e1l. Pro mnoh\u00e9 to bude bolestiv\u00e1 zm\u011bna.<\/p>\n<p>SPOLEK P\u0158I\u0160EL O Z\u00c1ZEM\u00cd<\/p>\n<p>Radnice po\u010d\u00ednaje prvn\u00edm \u00fanorem vypov\u011bd\u011bla stacion\u00e1\u0159i smlouvu o n\u00e1jmu prostor v ulici Vrchlick\u00e9ho 823 a 824, kde m\u00e1 za\u0159\u00edzen\u00ed z\u00e1zem\u00ed. Vedl ji k tomu z\u00e1v\u011br ve\u0159ejnospr\u00e1vn\u00ed kontroly, kdy \u0159editel spolku Ji\u0159\u00ed J\u00edlek nep\u0159edlo\u017eil doklady, jak\u00fdm zp\u016fsobem zach\u00e1zel s m\u011bstsk\u00fdmi pen\u011bzi. Radnice to nehodl\u00e1 tolerovat.<\/p>\n<p>&#8222;\u0158editel dvakr\u00e1t po\u017e\u00e1dal o prodlou\u017een\u00ed term\u00ednu pro p\u0159edlo\u017een\u00ed doklad\u016f, n\u00e1sledn\u011b prost\u0159ednictv\u00edm advok\u00e1tky \u017e\u00e1dal dal\u0161\u00ed posun. T\u00e9to \u017e\u00e1dosti u\u017e nebylo vyhov\u011bno,&#8220; popisuje \u0161et\u0159en\u00ed m\u00edstostarosta Petr Ham\u00e1\u010dek.<\/p>\n<p>Stacion\u00e1\u0159 tak nep\u0159edlo\u017eil ke kontrole \u010d\u00e1st po\u017eadovan\u00fdch doklad\u016f o pou\u017eit\u00ed m\u011bstsk\u00fdch dota\u010dn\u00edch pen\u011bz, kter\u00e9 \u010derp\u00e1 na \u010dinnost. \u00da\u0159ad mu odeslal v\u00fdzvu k vr\u00e1cen\u00ed dotace za roky 2015 a 2016, a to ve stoprocentn\u00ed v\u00fd\u0161i. Celkem se jedn\u00e1 asi o 1,5 milionu korun.<\/p>\n<p>Stacion\u00e1\u0159 tak\u00e9 neopr\u00e1vn\u011bn\u011b pronaj\u00edmal prostory t\u0159et\u00ed osob\u011b bez souhlasu majitele objektu. Podle m\u00edstostarosty Petra Ham\u00e1\u010dka je nemo\u017en\u00e9, aby m\u011bsto spolupracovalo s n\u011bk\u00fdm, kdo nechce dolo\u017eit vyu\u017eit\u00ed m\u011bstsk\u00fdch pen\u011bz, ur\u010den\u00fdch na \u010dinnost. O dal\u0161\u00ed nefunk\u010dnosti stacion\u00e1\u0159e \u00fadajn\u011b sv\u011bd\u010d\u00ed i okam\u017eit\u00e1 v\u00fdpov\u011b\u010f n\u011bkter\u00fdm zam\u011bstnanc\u016fm.<\/p>\n<p>&#8222;Neznamen\u00e1 to, \u017ee bychom stacion\u00e1\u0159 Kamar\u00e1d ru\u0161ili, ale u\u017e ho nebudeme podporovat,&#8220; uvedl Ham\u00e1\u010dek, kter\u00fd upozornil i na n\u011bkter\u00e9 st\u00ed\u017enosti rodi\u010d\u016f na provoz stacion\u00e1\u0159e.<\/p>\n<p>\u0158editel stacion\u00e1\u0159e Kamar\u00e1d Ji\u0159\u00ed J\u00edlek se br\u00e1n\u00ed, na radnici, kter\u00e1 ho pr\u00fd c\u00edlen\u011b &#8222;sest\u0159elila&#8220;, hodl\u00e1 poslat pr\u00e1vnick\u00fd rozbor.<\/p>\n<p>J\u00cdLEK SE BR\u00c1N\u00cd<\/p>\n<p>&#8222;Byla na n\u00e1s u\u017e v l\u00e9t\u011b kontrola z kraje, ta prob\u011bhla bez chybi\u010dky, m\u011bstsk\u00fd \u00fa\u0159ad pr\u00fd objevil velk\u00e9 chyby. Ano, prostory jsme pronaj\u00edmali \u010d\u00e1ste\u010dn\u011b, aby si sem mohli lid\u00e9 ulo\u017eit pr\u00e1dlo pro pr\u00e1delnu. Jinak doklady za rok 2015 jsme dolo\u017eili, m\u011bstsk\u00e9 pen\u00edze byly vy\u00fa\u010dtov\u00e1ny. Je to v\u0161echno prachsprost\u00e1 le\u017e, c\u00edt\u00edm se \u00fa\u010delov\u011b po\u0161kozen,&#8220; br\u00e1n\u00ed se rozhodnut\u00ed m\u011bsta, kter\u00e9 je pro n\u011bho likvida\u010dn\u00ed, nebo\u0165 se ob\u00e1v\u00e1, \u017ee m\u011bsto vy\u0159ad\u00ed spolek z komunitn\u00edho pl\u00e1nov\u00e1n\u00ed a t\u00edm stacion\u00e1\u0159 nez\u00edsk\u00e1 \u017e\u00e1dn\u00e9 dotace na \u010dinnost.<\/p>\n<p>KLIENTI NA ULICI NEZ\u016eSTANOU<\/p>\n<p>Proto\u017ee m\u011bsto mus\u00ed ze z\u00e1kona zajistit klient\u016fm adekv\u00e1tn\u00ed soci\u00e1ln\u00ed slu\u017ebu, se\u0161lo se jeho veden\u00ed s rodi\u010di klient\u016f, aby s nimi z\u00e1le\u017eitost probralo. Slu\u017eba bude po domluv\u011b zaji\u0161t\u011bna pomoc\u00ed organizace Apropo, zat\u00edm v provizorn\u00edch podm\u00ednk\u00e1ch v jednom z byt\u016f na Nov\u00e9m M\u011bst\u011b, \u010d\u00e1ste\u010dn\u011b v Soudn\u00e9, pot\u00e9 v p\u016fvodn\u00edch prostor\u00e1ch domu ve Vrchlick\u00e9ho ulici.<\/p>\n<p>&#8222;Zda p\u0159evezmeme v\u0161echny zam\u011bstnance nen\u00ed jist\u00e9, z\u00e1le\u017e\u00ed, jakou maj\u00ed kvalifikaci. Co se t\u00fdk\u00e1 klient\u016f, m\u00e1me kapacitu, abychom mohli p\u00e9\u010di o n\u011b zajistit,&#8220; reaguje na dotaz Jitka Kr\u00e1lov\u00e1, \u0159editelka Apropa, jen\u017e poskytuje soci\u00e1ln\u00ed slu\u017eby posti\u017een\u00fdm d\u011btem a jejich rodi\u010d\u016fm.<\/p>\n<p>Apropo disponuje volnou kapacitou v are\u00e1lu v Soudn\u00e9, v ulici P\u0159\u00e1telstv\u00ed a Butovsk\u00e9, kde m\u016f\u017ee slu\u017ebu stacion\u00e1\u0159e garantovat. &#8222;Tato zm\u011bna nen\u00ed jednoduch\u00e1 jak pro klienty, tak jejich rodi\u010de. Ide\u00e1ln\u00ed by bylo, kdyby slu\u017eba mohla pokra\u010dovat,&#8220; zam\u00fd\u0161l\u00ed se nad ud\u00e1lost\u00ed Kr\u00e1lov\u00e1.<\/p>\n<p>Vyj\u00e1d\u0159en\u00ed J. J\u00edlka na webu.<\/p>\n<p>Stacion\u00e1\u0159 Kamar\u00e1d zaji\u0161\u0165uje slu\u017ebu pro 29 klient\u016f s lehk\u00fdm, st\u0159edn\u011b t\u011b\u017ek\u00fdm a t\u011b\u017ek\u00fdm ment\u00e1ln\u00edm, t\u011blesn\u00fdm nebo kombinovan\u00fdm posti\u017een\u00edm ve v\u011bku od 16 (od ukon\u010den\u00ed povinn\u00e9 \u0161koln\u00ed doch\u00e1zky) do 55 let. D\u00e1le poskytuje slu\u017ebu soci\u00e1ln\u00ed rehabilitace. Zam\u011bstn\u00e1v\u00e1 12 lid\u00ed.<\/p>\n<p>IVA KOV\u00c1\u0158OV\u00c1<br \/>\nJi\u010d\u00ednsk\u00fd den\u00edk<br \/>\n<a href=\"http:\/\/jicinsky.denik.cz\/\">http:\/\/jicinsky.denik.cz\/<\/a><\/p>\n","protected":false},"excerpt":{"rendered":"<div class=\"mh-excerpt\"><p>Ji\u010d\u00ednsk\u00fd stacion\u00e1\u0159 Kamar\u00e1d poru\u0161il smlouvu o poskytnut\u00ed dotace od m\u011bsta. Radnici mus\u00ed vr\u00e1tit 1,5 milionu korun a opustit pronajat\u00e9 prostory.<\/p>\n<\/div>","protected":false},"author":1,"featured_media":14487,"comment_status":"open","ping_status":"closed","sticky":false,"template":"","format":"standard","meta":{"footnotes":""},"categories":[9],"tags":[],"class_list":["post-27105","post","type-post","status-publish","format-standard","has-post-thumbnail","hentry","category-zpravy"],"_links":{"self":[{"href":"https:\/\/www.invarena.cz\/index.php?rest_route=\/wp\/v2\/posts\/27105","targetHints":{"allow":["GET"]}}],"collection":[{"href":"https:\/\/www.invarena.cz\/index.php?rest_route=\/wp\/v2\/posts"}],"about":[{"href":"https:\/\/www.invarena.cz\/index.php?rest_route=\/wp\/v2\/types\/post"}],"author":[{"embeddable":true,"href":"https:\/\/www.invarena.cz\/index.php?rest_route=\/wp\/v2\/users\/1"}],"replies":[{"embeddable":true,"href":"https:\/\/www.invarena.cz\/index.php?rest_route=%2Fwp%2Fv2%2Fcomments&post=27105"}],"version-history":[{"count":0,"href":"https:\/\/www.invarena.cz\/index.php?rest_route=\/wp\/v2\/posts\/27105\/revisions"}],"wp:featuredmedia":[{"embeddable":true,"href":"https:\/\/www.invarena.cz\/index.php?rest_route=\/wp\/v2\/media\/14487"}],"wp:attachment":[{"href":"https:\/\/www.invarena.cz\/index.php?rest_route=%2Fwp%2Fv2%2Fmedia&parent=27105"}],"wp:term":[{"taxonomy":"category","embeddable":true,"href":"https:\/\/www.invarena.cz\/index.php?rest_route=%2Fwp%2Fv2%2Fcategories&post=27105"},{"taxonomy":"post_tag","embeddable":true,"href":"https:\/\/www.invarena.cz\/index.php?rest_route=%2Fwp%2Fv2%2Ftags&post=27105"}],"curies":[{"name":"wp","href":"https:\/\/api.w.org\/{rel}","templated":true}]}}