{"id":27107,"date":"2017-01-28T16:39:36","date_gmt":"2017-01-28T15:39:36","guid":{"rendered":"http:\/\/www.invarena.cz\/?p=27107"},"modified":"2017-01-28T16:39:36","modified_gmt":"2017-01-28T15:39:36","slug":"pozarni-hlasice-dostanou-letos-dalsi-handicapovani-lide","status":"publish","type":"post","link":"https:\/\/www.invarena.cz\/?p=27107","title":{"rendered":"Po\u017e\u00e1rn\u00ed hl\u00e1si\u010de dostanou letos dal\u0161\u00ed handicapovan\u00ed lid\u00e9"},"content":{"rendered":"<p>Ji\u017e t\u0159et\u00edm rokem bude letos Olomouc pokra\u010dovat v realizaci projektu, v jeho\u017e r\u00e1mci jsou instalov\u00e1ny po\u017e\u00e1rn\u00ed hl\u00e1si\u010de a detektory plynu do byt\u016f zdravotn\u011b znev\u00fdhodn\u011bn\u00fdch ob\u010dan\u016f. <!--more-->Pot\u00e9, co tato za\u0159\u00edzen\u00ed dostali z\u00e1jemci z \u0159ad senior\u016f a zrakov\u011b posti\u017een\u00fdch, se nyn\u00ed projekt soust\u0159ed\u00ed na osoby s t\u011b\u017ek\u00fdm zdravotn\u00edm posti\u017een\u00edm. &#8222;R\u00e1di bychom p\u0159isp\u011bli ke zlep\u0161en\u00ed \u017eivotn\u00edch podm\u00ednek z pohledu ochrany obyvatel pro tyto specifick\u00e9 skupiny ob\u010dan\u016f. Proto jsme letos nav\u00e1zali spolupr\u00e1ci se Spolkem Trend voz\u00ed\u010dk\u00e1\u0159\u016f Olomouc a na\u0161\u00edm odborem soci\u00e1ln\u00edch v\u011bc\u00ed, kte\u0159\u00ed tuto pomoc velmi v\u00edtaj\u00ed a budou se na organizaci projektu spolupod\u00edlet,&#8220; uvedl n\u00e1m\u011bstek olomouck\u00e9ho prim\u00e1tora Martin Major (ODS).<br \/>\nV lo\u0148sk\u00e9m roce se do projektu zapojilo 23 z\u00e1jemc\u016f, letos Spolek Trend voz\u00ed\u010dk\u00e1\u0159\u016f Olomouc podle p\u0159edb\u011b\u017en\u00fdch pr\u016fzkum\u016f odhaduje zhruba stejn\u00fd po\u010det klient\u016f. O poskytnut\u00ed hl\u00e1si\u010de po\u017e\u00e1ru a detektoru nebezpe\u010dn\u00fdch plyn\u016f mohou \u017e\u00e1dat osoby star\u0161\u00ed 18 let, kter\u00e9 maj\u00ed trval\u00fd pobyt na \u00fazem\u00ed m\u011bsta a jsou dr\u017eiteli platn\u00e9ho pr\u016fkazu ZTP\/P nebo ZTP a z\u00e1rove\u0148 k pohybu vyu\u017e\u00edvaj\u00ed kompenza\u010dn\u00ed pom\u016fcku, tedy voz\u00edk, chod\u00edtko, francouzsk\u00e9 hole \u010di berle.<br \/>\n\u017d\u00e1dosti bude mo\u017en\u00e9 pod\u00e1vat od 15. \u00fanora do 13. dubna. Spolek Trend voz\u00ed\u010dk\u00e1\u0159\u016f Olomouc p\u0159itom m\u016f\u017ee uchaze\u010d\u016fm v p\u0159\u00edpad\u011b jejich z\u00e1jmu pomoci s vypl\u0148ov\u00e1n\u00edm \u017e\u00e1dost\u00ed. Samotn\u00e1 instalace hl\u00e1si\u010d\u016f a detektor\u016f by m\u011bla prob\u011bhnout ve druh\u00e9 polovin\u011b roku.<\/p>\n<p>Pr\u00e1vo<\/p>\n","protected":false},"excerpt":{"rendered":"<div class=\"mh-excerpt\"><p>Ji\u017e t\u0159et\u00edm rokem bude letos Olomouc pokra\u010dovat v realizaci projektu, v jeho\u017e r\u00e1mci jsou instalov\u00e1ny po\u017e\u00e1rn\u00ed hl\u00e1si\u010de a detektory plynu do byt\u016f zdravotn\u011b znev\u00fdhodn\u011bn\u00fdch ob\u010dan\u016f.<\/p>\n<\/div>","protected":false},"author":1,"featured_media":0,"comment_status":"open","ping_status":"closed","sticky":false,"template":"","format":"standard","meta":{"footnotes":""},"categories":[9],"tags":[],"class_list":["post-27107","post","type-post","status-publish","format-standard","hentry","category-zpravy"],"_links":{"self":[{"href":"https:\/\/www.invarena.cz\/index.php?rest_route=\/wp\/v2\/posts\/27107","targetHints":{"allow":["GET"]}}],"collection":[{"href":"https:\/\/www.invarena.cz\/index.php?rest_route=\/wp\/v2\/posts"}],"about":[{"href":"https:\/\/www.invarena.cz\/index.php?rest_route=\/wp\/v2\/types\/post"}],"author":[{"embeddable":true,"href":"https:\/\/www.invarena.cz\/index.php?rest_route=\/wp\/v2\/users\/1"}],"replies":[{"embeddable":true,"href":"https:\/\/www.invarena.cz\/index.php?rest_route=%2Fwp%2Fv2%2Fcomments&post=27107"}],"version-history":[{"count":0,"href":"https:\/\/www.invarena.cz\/index.php?rest_route=\/wp\/v2\/posts\/27107\/revisions"}],"wp:attachment":[{"href":"https:\/\/www.invarena.cz\/index.php?rest_route=%2Fwp%2Fv2%2Fmedia&parent=27107"}],"wp:term":[{"taxonomy":"category","embeddable":true,"href":"https:\/\/www.invarena.cz\/index.php?rest_route=%2Fwp%2Fv2%2Fcategories&post=27107"},{"taxonomy":"post_tag","embeddable":true,"href":"https:\/\/www.invarena.cz\/index.php?rest_route=%2Fwp%2Fv2%2Ftags&post=27107"}],"curies":[{"name":"wp","href":"https:\/\/api.w.org\/{rel}","templated":true}]}}