{"id":27110,"date":"2017-01-28T16:32:13","date_gmt":"2017-01-28T15:32:13","guid":{"rendered":"http:\/\/www.invarena.cz\/?p=27110"},"modified":"2017-01-28T16:32:13","modified_gmt":"2017-01-28T15:32:13","slug":"prijde-zkrat-a-pak-clovek-musi-vyzkouset-jak-kokrha-kohout","status":"publish","type":"post","link":"https:\/\/www.invarena.cz\/?p=27110","title":{"rendered":"P\u0159ijde zkrat. A pak \u010dlov\u011bk mus\u00ed vyzkou\u0161et, jak kokrh\u00e1 kohout"},"content":{"rendered":"<p>Tourette\u016fv syndrom nut\u00ed nemocn\u00e9ho \u0161kubat hlavou,<br \/>\nd\u011blat grimasy, vyk\u0159ikovat. Pobu\u0159uje ve\u0159ejnost. &#8222;Ti lid\u0161t\u011bj\u0161\u00ed se zeptaj\u00ed, jestli jsem v po\u0159\u00e1dku. Ostatn\u00ed si mysl\u00ed, \u017ee jedu v drog\u00e1ch,&#8220; mrz\u00ed mlad\u00edka s poruchou.<!--more--><\/p>\n<p>\u010casto se styd\u00ed a ob\u00e1vaj\u00ed se reakce okol\u00ed. N\u011bkdy rad\u011bji z\u016fstanou doma, ne\u017e by vy\u0161li na n\u00e1kup. Vyh\u00fdbaj\u00ed se kinu, ve vlaku vyhled\u00e1vaj\u00ed soukrom\u00e1 kup\u00e9. Lid\u00ed s Touretteov\u00fdm syndromem jste si mo\u017en\u00e1 na ulici v\u0161imli. Trp\u00ed neovladateln\u00fdmi tiky, \u0161kubou hlavou, obli\u010dej k\u0159iv\u00ed do grimas, vyd\u00e1vaj\u00ed zv\u00ed\u0159ec\u00ed \u010di hrdeln\u00ed zvuky nebo vyk\u0159ikuj\u00ed sprost\u00e1 slova. Onemocn\u011bn\u00ed nen\u00ed v \u010cesku moc zn\u00e1m\u00e9, rozhodn\u011b nen\u00ed ale vz\u00e1cn\u00e9. Trp\u00ed j\u00edm asi jeden \u010dlov\u011bk z tis\u00edce.<br \/>\nS 22let\u00fdm Markem Kotal\u00edkem jsme vyrazili do velk\u00e9ho obchodn\u00edho domu v Praze na Flo\u0159e. Dneska u\u017e Tourette\u016fv syndrom zvl\u00e1d\u00e1, mezi lidmi se c\u00edt\u00ed v po\u0159\u00e1dku. P\u0159ed dv\u011bma lety to ale bylo jinak. &#8222;Vyd\u00e1val jsem zvuky jako chrocht\u00e1n\u00ed a hrdeln\u00ed chr\u010den\u00ed. Do toho jsem nekontrolovateln\u011b vyplazoval jazyk a trhal hlavou,&#8220; rozpov\u00eddal se Marek.<\/p>\n<p>&#8222;Pusinky&#8220; a nap\u0159a\u017een\u00e1 p\u011bst<\/p>\n<p>Tiky p\u0159ich\u00e1zely i n\u011bkolikr\u00e1t za hodinu a velk\u00fd probl\u00e9m mu d\u011blalo cestov\u00e1n\u00ed ve ve\u0159ejn\u00e9 doprav\u011b. &#8222;\u010clov\u011bk se nechce mezi lidmi moc pohybovat. Kolemjdouc\u00ed se \u010dasto ot\u00e1\u010dej\u00ed a ob\u010das si m\u00e9 projevy n\u011bkdo m\u016f\u017ee vz\u00edt osobn\u011b,&#8220; \u0159\u00edk\u00e1. Do konfliktn\u00ed situace se dostal ned\u00e1vno a musel nakonec ut\u00e9ct. &#8222;M\u011bl jsem obdob\u00ed, kdy jsem d\u011blal takov\u00e9 \u201apusinky\u2018, jako kdy\u017e d\u00e1te pusu do pr\u00e1zdna s charakteristick\u00fdm zvukem. Kdy\u017e to v tramvaji na Palmovce uvid\u011bl chlap, zvedl se a postavil se p\u0159ede m\u011b. Za\u010dal mi nad\u00e1vat, co to pr\u00fd na n\u011bj zkou\u0161\u00edm. Tak jsem rad\u011bji utekl. Kdy\u017e u\u017e m\u00e1 n\u011bkdo nap\u0159a\u017eenou p\u011bst, t\u011b\u017eko mu vysv\u011btl\u00edte, co je Tourette\u016fv syndrom,&#8220; vypr\u00e1v\u00ed. Reakce ve\u0159ejnosti se pr\u00fd v\u011bt\u0161inou opakuj\u00ed. &#8222;Ti lid\u0161t\u011bj\u0161\u00ed se zeptaj\u00ed, jestli jsem v po\u0159\u00e1dku. No a pak jsou takov\u00ed, a nen\u00ed jich m\u00e1lo, co se na mne mra\u010d\u00ed, mysl\u00ed si, \u017ee jsem pod vlivem drog, odsednou si, nebo se mi sm\u011bj\u00ed. Lid\u00e9 prost\u011b nev\u011bd\u00ed, co je to Tourette\u016fv syndrom,&#8220; \u0159\u00edk\u00e1 Marek.<br \/>\nTiky paradoxn\u011b nejsou Markovi protivn\u00e9. &#8222;Vad\u00ed mi, kdy\u017e jsou nep\u0159\u00edjemn\u00e9 m\u00e9mu okol\u00ed. T\u0159eba m\u016fj bratr nemohl v pokoji usnout, dokud jsem neusnul j\u00e1. J\u00e1 s\u00e1m se tik\u016fm podd\u00e1m a je to asi jako kdy\u017e se v\u00e1m chce na z\u00e1chod a pak si dojdete, projev tiku je \u00faleva. Nemus\u00edm to dr\u017eet a t\u011blo si d\u011bl\u00e1, co chce, uvoln\u00ed vnit\u0159n\u00ed pnut\u00ed,&#8220; vysv\u011btluje. Marek m\u00e1 \u0161t\u011bst\u00ed, projevy nevyl\u00e9\u010diteln\u00e9 nemoci se mu poda\u0159ilo ovl\u00e1dnout. B\u011bhem rozhovoru uprost\u0159ed tis\u00edcihlav\u00e9ho davu nakupuj\u00edc\u00edch v n\u011bkolikapatrov\u00e9m obchodn\u00edm centru si nezaujat\u00fd pozorovatel v\u0161imne pouze dvou mlad\u00fdch mu\u017e\u016f zabran\u00fdch do rozhovoru, tiky m\u00e1 Marek u\u017e z\u0159\u00eddka.<br \/>\n&#8222;Dnes beru pr\u00e1\u0161ky a \u010d\u00e1ste\u010dn\u011b u\u017e jsem dosp\u011bl\u00fd a nemoc v dosp\u011blosti odch\u00e1z\u00ed,&#8220; dod\u00e1v\u00e1.<\/p>\n<p>Z\u00e1kazy jako spou\u0161t\u011b\u010d<\/p>\n<p>Tourettik nikdy nev\u00ed, jak\u00fd tik se u n\u011bho projev\u00ed. &#8222;N\u011bkdy ho spou\u0161t\u00ed n\u011bco, co je zak\u00e1zan\u00e9. T\u0159eba ve \u0161kole jsme si d\u011blali srandu z jedn\u00e9 pan\u00ed u\u010ditelky, d\u011blali jsme na ni takov\u00e9 hrdeln\u00ed zvuky. Jen\u017ee kdy\u017e jsem se zapojil do \u201ahry\u2018 i j\u00e1, tak jsem najednou ten zvuk nemohl zastavit a d\u011blal jsem ho je\u0161t\u011b p\u016fl roku, to m\u011b vytrestalo,&#8220; vzpom\u00edn\u00e1 Marek.<br \/>\nNa z\u00e1kladn\u00ed \u0161kole se mu d\u011bti sm\u00e1ly, na st\u0159edn\u00ed se u\u017e nad probl\u00e9m povznesl, nenechal si ur\u00e1\u017eky l\u00edbit a hlavn\u011b v\u011bd\u011bl, co mu je. &#8222;L\u00e9ka\u0159i mi nejd\u0159\u00edv tvrdili, \u017ee to jsou k\u0159e\u010de a na jejich zm\u00edrn\u011bn\u00ed mi p\u0159edepsali ho\u0159\u010d\u00edk. Ale k\u0159e\u010de to samoz\u0159ejm\u011b nebyly. Na st\u0159edn\u00ed \u0161kole u\u017e jsem v\u011bd\u011bl, \u017ee m\u00e1m Tourette\u016fv syndrom a nemusel jsem \u0159\u00edkat, \u017ee nev\u00edm, co mi je. To byla pro vyrovn\u00e1n\u00ed se s nemoc\u00ed z\u00e1sadn\u00ed zm\u011bna,&#8220; \u0159\u00edk\u00e1.<br \/>\nKv\u016fli nemoci za\u010dal br\u00e1t medikamenty a vyzkou\u0161el r\u016fzn\u00e9 druhy l\u00e9\u010dby. &#8222;Na jednu injekci jsem dostal alergickou reakci. Zrovna jsem jel na mistrovstv\u00ed republiky ve veslov\u00e1n\u00ed. Najednou mi tam za\u010dalo b\u00fdt horko, z\u00fa\u017eilo se mi perifern\u00ed vid\u011bn\u00ed a odvezli m\u011b dom\u016f. Dva dny jsem spal, a kdy\u017e jsem vstal, chodil jsem nak\u0159ivo, byl jsem uklon\u011bn\u00fd doprava. M\u00e1ma se lekla, dala m\u011b do sprchy, mn\u011b se najednou p\u0159eto\u010dila hlava na stranu a za\u010dal jsem nekontrolovateln\u011b vyplazovat jazyk. Pak p\u0159ijela z\u00e1chranka a u\u017e si toho moc nepamatuji,&#8220; vzpom\u00edn\u00e1 na nep\u0159\u00edjemnosti.<br \/>\nK nemoci se na radu l\u00e9ka\u0159\u016f i sv\u00e9ho vlastn\u00edho uv\u00e1\u017een\u00ed postavil pozitivn\u011b. &#8222;Beru to jako v\u00fdhodu, pro\u010d bych z toho m\u011bl b\u00fdt \u0161patn\u00fd, kdy\u017e s t\u00edm nic neud\u011bl\u00e1m. Sna\u017e\u00edm se ku prosp\u011bchu sv\u00e9mu vyu\u017e\u00edt s\u00edlu protivn\u00edka, jak se \u0159\u00edk\u00e1,&#8220; uva\u017euje t\u00e9m\u011b\u0159 filozoficky. &#8222;U holek mi tiky paradoxn\u011b pom\u00e1haj\u00ed vzbudit jejich z\u00e1jem. D\u00edky tik\u016fm mi to jde dob\u0159e, nemysl\u00edte?&#8220; uzav\u00edr\u00e1 Marek se sm\u00edchem.<\/p>\n<p>Chrochtala v prvn\u00ed t\u0159\u00edd\u011b<\/p>\n<p>S Markem jsem se sezn\u00e1mil na setk\u00e1n\u00ed spolku lid\u00ed s Touretteov\u00fdm syndromem ATOS v pra\u017esk\u00e9m Karl\u00edn\u011b. P\u0159ijely jich des\u00edtky a na prvn\u00ed pohled si \u010dlov\u011bk projev\u016f nev\u0161imne. A\u017e po chv\u00edli.<br \/>\nSed\u00edme v zasedac\u00ed m\u00edstnosti soukrom\u00e9 kliniky INEP a Marek sebou ob\u010das trhne, a\u017e povysko\u010d\u00ed ze \u017eidle. Dal\u0161\u00ed mu\u017e tu a tam &#8222;zachrocht\u00e1&#8220;, vypl\u00e1zne jazyk. Vedle mne je asi osmilet\u00e1 hezk\u00e1 hol\u010di\u010dka, kter\u00e1 p\u0159ijela s maminkou ze severn\u00ed Moravy. Je tu poprv\u00e9. Kdy\u017e si pov\u00edd\u00e1me, ob\u010das zamrk\u00e1 a k\u0159iv\u00ed se j\u00ed svaly v obli\u010deji. &#8222;U n\u00e1s maj\u00ed Touretta v\u0161echny t\u0159i mal\u00e9 d\u011bti a man\u017eel. Ta nejmen\u0161\u00ed, kdy\u017e \u0161la do 1. t\u0159\u00eddy, tak \u201achrochtala\u2018, ale u\u017e se to nau\u010dila trochu ovl\u00e1dat, v\u0161em d\u011btem pomohly l\u00e9ky. J\u00e1 to jako matka u\u017e ani nevn\u00edm\u00e1m a nevad\u00ed mi to,&#8220; \u0159\u00edk\u00e1 maminka hol\u010di\u010dky Ji\u0159ina Mlinkov\u00e1 z Orlov\u00e9.<br \/>\nVe skupin\u011b se pr\u00e1v\u011b \u0159e\u0161\u00ed probl\u00e9m \u010dtrn\u00e1ctilet\u00e9ho Patrika z Velk\u00fdch Hamr\u016f na Semilsku. Na setk\u00e1n\u00ed p\u0159ijela i jeho maminka Zlatu\u0161e H., kter\u00e1 si p\u0159eje z\u016fstat v anonymit\u011b. &#8222;Vyst\u0159\u00eddali jsme \u010dty\u0159i z\u00e1kladn\u00ed \u0161koly, t\u0159eba v Semilech ho odm\u00edtli p\u0159ijmout. \u0158ekli mi, a\u0165 syna u\u010d\u00edm doma nebo ho zkou\u0161eli u\u010dit samostatn\u011b v kabinetu, pr\u00e1v\u011b te\u010f u\u017e zase do \u0161koly nechod\u00ed, necht\u011bj\u00ed ho tam. P\u0159ed V\u00e1noci se chlapcovy probl\u00e9my zhor\u0161ily a byl hospitalizov\u00e1n v nemocnici v Motole,&#8220; \u0159\u00edk\u00e1 Zlatu\u0161e. Patrik se pr\u00fd sna\u017e\u00ed ze v\u0161ech sil tiky zvl\u00e1dnout, ty se ale projevuj\u00ed v obdob\u00ed puberty siln\u011b. T\u0159eba v aut\u011b m\u00e1 nutk\u00e1n\u00ed sahat na ru\u010dn\u00ed brzdu, tak\u00e9 hodn\u011b vyk\u0159ikuje sprost\u00e1 slova. &#8222;Nejv\u00edc n\u00e1zvy pohlavn\u00edch org\u00e1n\u016f nebo obecn\u00fd n\u00e1zev prostitutky,&#8220; dod\u00e1v\u00e1 maminka. &#8222;Tourette\u016fv syndrom je zkrat mezi dv\u011bma vrstvami mozku, mezi \u0161edou k\u016frou a smyslov\u00fdmi centry. My t\u0159eba v\u00edme, jak kokrh\u00e1 kohout a dok\u00e1\u017eeme si to p\u0159edstavit, ale tourettik to mus\u00ed ud\u011blat hlasem. Zaujme ho cokoliv, co m\u00e1 pro n\u011bj emocion\u00e1ln\u00ed n\u00e1boj. Sprost\u00e9 slovo, n\u011bco, co nezn\u00e1, zv\u00ed\u0159ec\u00ed zvuk a tak d\u00e1l,&#8220; vysv\u011btluje p\u0159\u00edtel Roman, kter\u00fd se o Patrika tak\u00e9 star\u00e1.<br \/>\n\u010c\u00edm v\u00edc je chlapec unaven\u00fd, t\u00edm v\u00edc vulgarismy vyk\u0159ikuje, t\u0159eba ve\u010der ve van\u011b. &#8222;Jezd\u00edm s n\u00edm \u010dasto vlakem, proto\u017ee m\u00e1 od VZP v\u00fdhodnou j\u00edzdenku, ono ho to i socializuje a zam\u011bstn\u00e1v\u00e1 a celkov\u011b dob\u0159e to p\u016fsob\u00ed. Kdy\u017e jedeme t\u0159eba na ryby, tak na cest\u011b tam je to dobr\u00e9, zp\u00e1tky u\u017e Patrik vyhled\u00e1v\u00e1 vagon s kup\u00e9, proto\u017ee v\u00ed, \u017ee bude unaven\u00fd a bude vyk\u0159ikovat. Kdy\u017e jsou v kup\u00e9 lid\u00e9, on se se vytrat\u00ed na chodbi\u010dku, tam se n\u011bkde v rohu \u201avytik\u00e1\u2018 a pak se vr\u00e1t\u00ed. Jedin\u00e9, co nezvl\u00e1d\u00e1, jsou z\u00e1chvaty agresivity, v\u011bt\u0161inou, kdy\u017e po n\u011b\u010dem tou\u017e\u00ed. To se neovl\u00e1dne, pak za hodinu ale bre\u010d\u00ed a omlouv\u00e1 se,&#8220; popisuje Roman chlapcovy projevy.<\/p>\n<p>Na psychiatrii a do klece<\/p>\n<p>Za mnou zase sed\u00ed pan\u00ed, kter\u00e1 se ostatn\u00edch trochu stran\u00ed. Co chv\u00edli vyd\u00e1 neartikulovan\u00fd zvuk a vypl\u00e1zne jazyk. Je to 48let\u00e1 Marcela z obce Blovice. Ani ona sv\u00e9 p\u0159\u00edjmen\u00ed prozradit nechce.<br \/>\n&#8222;Tourette\u016fv syndrom mi zjistili v \u0161esti letech, pak jsem vychodila z\u00e1kladku, ve 13 mi uznali invaliditu a ve 28, kdy\u017e mi zem\u0159ela matka, jsem dostala invalidn\u00ed d\u016fchod. M\u00e1ma mi d\u00e1vala po\u0159\u00e1d diazepam a dal\u0161\u00ed l\u00e9ky, byla jsem n\u011bkolik let zcela utlumen\u00e1, \u0161kolu jsem vychodila, ani nev\u00edm jak, celou dobu jsem akor\u00e1t spala. Pak m\u011b zav\u0159eli na psychiatrii a dali m\u011b i do klece, bylo to stra\u0161n\u00e9, z toho by se zbl\u00e1znil i bl\u00e1zen,&#8220; emotivn\u011b se rozpov\u00eddala Marcela, kter\u00e1 pr\u00fd nikdy v \u017eivot\u011b nepracovala, i kdy\u017e by si to moc p\u0159\u00e1la. &#8222;\u017diji z minima, peru vodou ze studn\u011b, jsem na okraji spole\u010dnosti na mal\u00e9 vesnici, kde je 40 chalup a 38 lid\u00ed,&#8220; popisuje.<br \/>\n1 \u010dlov\u011bk z tis\u00edce se projevuje tiky, zv\u00ed\u0159ec\u00edmi zvuky, ale i vyk\u0159ikov\u00e1n\u00edm sprostost\u00ed. Zm\u011bna u Marcely nastala p\u0159ed rokem, kdy se rozhodla nav\u0161t\u00edvit l\u00e9ka\u0159e, kter\u00fd j\u00ed dob\u0159e poradil. &#8222;Mn\u011b toti\u017e po\u0159\u00e1d n\u011bkdo zakazoval chodit mezi lidi, \u017eila jsem v ulit\u011b, p\u0159esv\u011bd\u010den\u00e1, \u017ee nikomu nemohu nic \u0159\u00edci, tak jsem se na\u0161tvala, \u017ee to mus\u00edm zm\u011bnit,&#8220; \u0159\u00edk\u00e1.<br \/>\nNakonec se dostala do spolku ATOS mezi ostatn\u00ed tourettiky. &#8222;D\u00edky nim jsem zm\u011bnila n\u00e1zor na sv\u011bt, prvn\u011b v \u017eivot\u011b jsem vid\u011bla takov\u00e9 lidi, jako jsem j\u00e1. To mi vlilo s\u00edlu do \u017eivota, \u017ee bych mohla l\u00e1mat sk\u00e1ly,&#8220; uzav\u00edr\u00e1 s nad\u0161en\u00edm.<\/p>\n<p>\u017d\u00e1dn\u00e9 tabu. Mus\u00ed to ven<\/p>\n<p>O slastech i strastech lid\u00ed s Touretteov\u00fdm syndromem by m\u011bl p\u0159\u00ed\u0161t\u00ed rok vzniknout film. &#8222;P\u016fjde o d\u011bl\u00e1n\u00ed zak\u00e1zan\u00fdch v\u011bc\u00ed na ve\u0159ejnosti, co\u017e je podstatn\u00fd rys Touretteova syndromu. T\u0159eba kdy\u017e n\u011bkdo \u0161t\u011bk\u00e1 v autobuse. V\u0161ichni ob\u010das ud\u011bl\u00e1me n\u011bco zak\u00e1zan\u00e9ho, ale m\u00e1me v mozku inhibitory, kter\u00e9 t\u0159eba na ve\u0159ejnosti ur\u010dit\u00e9 chov\u00e1n\u00ed zastav\u00ed, kde\u017eto lid\u00e9 s Tourettem maj\u00ed pot\u0159ebu to tabu vypustit ven, jejich t\u011blo tabu nerespektuje a nez\u00e1visle na v\u016fli ho obna\u017euje. A zrcadlem bude chov\u00e1n\u00ed a reakce ostatn\u00edch lid\u00ed. Pr\u00e1v\u011b te\u010f pracujeme na sc\u00e9n\u00e1\u0159i,&#8220; vysv\u011btluje re\u017eis\u00e9r Ji\u0159\u00ed Havelka, kter\u00fd by m\u011bl sn\u00edmek nato\u010dit.<\/p>\n<p>S\u00e1m se tik\u016fm podd\u00e1m. Je to jako kdy\u017e se v\u00e1m chce na z\u00e1chod a pak si dojdete. Je to \u00faleva. M\u00e1ma mi d\u00e1vala diazepam a dal\u0161\u00ed l\u00e9ky. N\u011bkolik let jsem byla utlumen\u00e1.<\/p>\n<p>Spolek pom\u016f\u017ee i t\u011bm, kte\u0159\u00ed b\u00fdvali v \u00fastran\u00ed ATOS (Asociace pacient\u016f s Touretteov\u00fdm syndromem) vznikla v roce 2001 z iniciativy pacient\u016f, jejich rodin a l\u00e9ka\u0159\u016f za \u00fa\u010delem podpory nemocn\u00fdch s Touretteov\u00fdm syndromem. ATOS zprost\u0159edkov\u00e1v\u00e1 l\u00e9ka\u0159skou i psychologickou p\u00e9\u010di, po\u0159\u00e1d\u00e1 pravideln\u00e1 setk\u00e1n\u00ed \u010dlen\u016f, p\u0159edn\u00e1\u0161ky pro ve\u0159ejnost, m\u00e9dia, l\u00e9ka\u0159e, pedagogy \u010di psychology. Setk\u00e1n\u00ed b\u00fdvaj\u00ed n\u011bkolikr\u00e1t do roka a dostav\u00ed se na n\u011b n\u011bkolik des\u00edtek lid\u00ed. V\u0161ichni se na za\u010d\u00e1tku sezen\u00ed p\u0159edstav\u00ed, pop\u00ed\u0161\u00ed sv\u016fj probl\u00e9m a pod veden\u00edm neurolog\u016f a psychiatr\u016f se pot\u00e9 hled\u00e1 \u0159e\u0161en\u00ed v otev\u0159en\u00e9 diskusi, kter\u00e1 p\u016fsob\u00ed i jako terapie. Je d\u016fle\u017eit\u00e9, \u017ee nov\u011b p\u0159\u00edchoz\u00ed mohou mluvit o nemoci u sebe \u010di v rodin\u011b bez z\u00e1bran a z\u00edskaj\u00ed mnoho informac\u00ed. Pr\u00e1v\u011b informace jsou hlavn\u00edm posl\u00e1n\u00edm spolku, nebo\u0165 Tourette\u016fv syndrom je v \u010cesku m\u00e1lo zn\u00e1m, a to i mezi l\u00e9ka\u0159i. Nav\u00edc \u0159ada nemocn\u00fdch v\u016fbec l\u00e9ka\u0159e nevyhled\u00e1, sv\u00e9 pot\u00ed\u017ee skr\u00fdv\u00e1 a nez\u0159\u00eddka kon\u010d\u00ed v \u00fastran\u00ed spole\u010dnosti. Spolek vede Ond\u0159ej Fiala, kter\u00fd s\u00e1m trp\u00ed Touretteov\u00fdm syndromem, co\u017e ho inspirovalo k vystudov\u00e1n\u00ed neurologie na 2. l\u00e9ka\u0159sk\u00e9 fakult\u011b UK a k zalo\u017een\u00ed soukrom\u00e9 kliniky INEP. \u010clenem spolku se stanete po vypln\u011bn\u00ed p\u0159ihl\u00e1\u0161ky, kterou ode\u0161lete na adresu sdru\u017een\u00ed Goetheho 15, Praha 6, 160 00. Formul\u00e1\u0159 p\u0159ihl\u00e1\u0161ky najdete na www.atosaci.cz.<\/p>\n<p>Amy Winehouse mohla trp\u011bt stejnou nemoc\u00ed Tourette\u016fv syndrom n\u011bkdy naz\u00fdvaj\u00ed &#8222;tikov\u00e1&#8220; nemoc. Popisy pravd\u011bpodobn\u00fdch p\u0159\u00edpad\u016f lze naj\u00edt ve star\u00fdch soudn\u00edch spisech a v\u016fbec prvn\u00ed z\u00e1znam je zachov\u00e1n v nechvaln\u011b zn\u00e1m\u00e9m svazku Malleus maleficarum z roku 1489, zvan\u00e9m Kladivo na \u010darod\u011bjnice. Zde jsou pops\u00e1ny p\u0159\u00edpady exorcismu a vym\u00fdt\u00e1n\u00ed \u010f\u00e1bla \u010di zl\u00fdch duch\u016f a d\u00e9mon\u016f z \u00fadajn\u011b posedl\u00fdch \u010darod\u011bjnic a \u010darod\u011bjn\u00edk\u016f, kte\u0159\u00ed ale nejsp\u00ed\u0161 trp\u011bli r\u016fzn\u00fdmi neurologick\u00fdmi poruchami, nap\u0159\u00edklad Touretteov\u00fdm syndromem. Onemocn\u011bn\u00ed nesouvis\u00ed s inteligenc\u00ed a postihuje tak\u00e9 nev\u0161edn\u011b tvo\u0159iv\u00e9 a nadan\u00e9 osobnosti. \u00dadajn\u011b j\u00edm trp\u011bli hudebn\u00ed skladatel W. A. Mozart \u010di slavn\u00fd spisovatel Charles Dickens. A tak\u00e9 britsk\u00e1 zp\u011bva\u010dka Amy Winehouse (na sn\u00edmku), kter\u00e1 p\u0159ed 7 lety zem\u0159ela na otravu alkoholem v pouh\u00fdch 27 letech. Jej\u00ed matka Janis sepsala memo\u00e1ry s n\u00e1zvem Loving Amy, A Mother\u2018s Story. Vypr\u00e1v\u00ed o zp\u011bva\u010d\u010din\u011b d\u011btstv\u00ed i o jej\u00edm upadnut\u00ed do z\u00e1vislosti na drog\u00e1ch. A popisuje, \u017ee od mali\u010dka trp\u011bla Touretteov\u00fdm syndromem. D\u016fkaz o tom pr\u00fd nalezla v dce\u0159in\u00fdch den\u00edc\u00edch, v jej\u00edch textech a z\u00e1pisc\u00edch.<\/p>\n<p>JOSEF HORA<br \/>\n5plus2<\/p>\n","protected":false},"excerpt":{"rendered":"<div class=\"mh-excerpt\"><p>Tourette\u016fv syndrom nut\u00ed nemocn\u00e9ho \u0161kubat hlavou, d\u011blat grimasy, vyk\u0159ikovat. Pobu\u0159uje ve\u0159ejnost. &#8222;Ti lid\u0161t\u011bj\u0161\u00ed se zeptaj\u00ed, jestli jsem v po\u0159\u00e1dku. Ostatn\u00ed si mysl\u00ed, \u017ee jedu v <a class=\"mh-excerpt-more\" href=\"https:\/\/www.invarena.cz\/?p=27110\" title=\"P\u0159ijde zkrat. A pak \u010dlov\u011bk mus\u00ed vyzkou\u0161et, jak kokrh\u00e1 kohout\">[&#8230;]<\/a><\/p>\n<\/div>","protected":false},"author":1,"featured_media":18186,"comment_status":"open","ping_status":"closed","sticky":false,"template":"","format":"standard","meta":{"footnotes":""},"categories":[9],"tags":[],"class_list":["post-27110","post","type-post","status-publish","format-standard","has-post-thumbnail","hentry","category-zpravy"],"_links":{"self":[{"href":"https:\/\/www.invarena.cz\/index.php?rest_route=\/wp\/v2\/posts\/27110","targetHints":{"allow":["GET"]}}],"collection":[{"href":"https:\/\/www.invarena.cz\/index.php?rest_route=\/wp\/v2\/posts"}],"about":[{"href":"https:\/\/www.invarena.cz\/index.php?rest_route=\/wp\/v2\/types\/post"}],"author":[{"embeddable":true,"href":"https:\/\/www.invarena.cz\/index.php?rest_route=\/wp\/v2\/users\/1"}],"replies":[{"embeddable":true,"href":"https:\/\/www.invarena.cz\/index.php?rest_route=%2Fwp%2Fv2%2Fcomments&post=27110"}],"version-history":[{"count":0,"href":"https:\/\/www.invarena.cz\/index.php?rest_route=\/wp\/v2\/posts\/27110\/revisions"}],"wp:featuredmedia":[{"embeddable":true,"href":"https:\/\/www.invarena.cz\/index.php?rest_route=\/wp\/v2\/media\/18186"}],"wp:attachment":[{"href":"https:\/\/www.invarena.cz\/index.php?rest_route=%2Fwp%2Fv2%2Fmedia&parent=27110"}],"wp:term":[{"taxonomy":"category","embeddable":true,"href":"https:\/\/www.invarena.cz\/index.php?rest_route=%2Fwp%2Fv2%2Fcategories&post=27110"},{"taxonomy":"post_tag","embeddable":true,"href":"https:\/\/www.invarena.cz\/index.php?rest_route=%2Fwp%2Fv2%2Ftags&post=27110"}],"curies":[{"name":"wp","href":"https:\/\/api.w.org\/{rel}","templated":true}]}}