{"id":27150,"date":"2017-02-12T23:14:24","date_gmt":"2017-02-12T22:14:24","guid":{"rendered":"http:\/\/www.invarena.cz\/?p=27150"},"modified":"2017-02-12T23:14:24","modified_gmt":"2017-02-12T22:14:24","slug":"zdravi-tuzi-uz-ctrnact-let","status":"publish","type":"post","link":"https:\/\/www.invarena.cz\/?p=27150","title":{"rendered":"Zdrav\u00ed tu\u017e\u00ed u\u017e \u010dtrn\u00e1ct let"},"content":{"rendered":"<p>Listopadov\u00e1 v\u00fdro\u010dn\u00ed \u010dlensk\u00e1 sch\u016fze byla r\u00e1zn\u00fdm krokem do patn\u00e1ct\u00e9ho roku \u010dinnosti Nov\u00e9ho sdru\u017een\u00ed zdravotn\u011b posti\u017een\u00fdch v Letovic\u00edch.<!--more--><\/p>\n<p> Ofici\u00e1ln\u00ed zah\u00e1jen\u00ed dnes ji\u017e bohat\u00e9 \u010dinnosti sdru\u017een\u00ed se datuje k 24. \u0159\u00edjnu 2002. Lze konstatovat, \u017ee jsou beze zbytku napl\u0148ov\u00e1ny pl\u00e1ny, kter\u00e9 si na startovn\u00ed \u010d\u00e1\u0159e p\u0159edsevzal zakl\u00e1daj\u00edc\u00ed v\u00fdbor sdru\u017een\u00ed s \u010dlenskou z\u00e1kladnou asi sto lid\u00ed.<br \/>\nZ\u00e1sadn\u00ed n\u00e1pln\u00ed \u010dinnosti, kterou v\u00fdbor sdru\u017een\u00ed dnes p\u0159ipravuje, je i nad\u00e1le p\u00e9\u010de o zdrav\u00ed \u010dlen\u016f sdru\u017een\u00ed. K tomuto \u00fa\u010delu byla tak\u00e9 v roce 2016 p\u0159ipravena cel\u00e1 \u0159ada akc\u00ed p\u0159edev\u0161\u00edm pro zdrav\u00ed. Byly to d\u00edlem ty, kde se vyu\u017e\u00edvala nab\u00eddka k rehabilitaci i relaxaci. D\u00e1le se jednalo o z\u00e1jezdy pro zdrav\u00ed a akce s kulturn\u00edm zam\u011b\u0159en\u00edm, dob\u0159e spolupracujeme s M\u011bstsk\u00fdm kulturn\u00edm st\u0159ediskem Letovice. V pr\u016fb\u011bhu uplynul\u00e9ho roku se uskute\u010dnila celkem \u010dty\u0159i obl\u00edben\u00e1 rehabilita\u010dn\u00ed odpoledne v Nemocnici Blansko na balneoterapii p\u0159i rehabilita\u010dn\u00edm odd\u011blen\u00ed. K dal\u0161\u00edmu upevn\u011bn\u00ed zdrav\u00ed na\u0161i \u010dlenov\u00e9 vyu\u017e\u00edvali relaxa\u010dn\u00ed odpoledne v boskovick\u00fdch m\u011bstsk\u00fdch l\u00e1zn\u00edch.<br \/>\nPodobn\u00e9ho ozdravn\u00e9ho programu se z\u00fa\u010dast\u0148ujeme p\u0159i n\u00e1v\u0161t\u011bv\u011b Aquaparku v Ku\u0159imi. Relaxa\u010dn\u00edch odpoledn\u00ed bylo celkem sedm. V pr\u016fb\u011bhu roku, v\u017edy od \u0159\u00edjna do kv\u011btna, prob\u00edh\u00e1 tradi\u010dn\u00ed Relaxa\u010dn\u00ed cvi\u010den\u00ed s Lenkou v kulturn\u00edm dom\u011b v Letovic\u00edch. Z\u00e1jem o toto cvi\u010den\u00ed je neust\u00e1le velk\u00fd.<br \/>\nD\u016fle\u017eit\u00e9 a hojn\u011b vyu\u017e\u00edvan\u00e9 akce pro zdrav\u00ed jsou takt\u00e9\u017e dva t\u00fddenn\u00ed ozdravn\u00e9 pobyty. K tomu \u00fa\u010delu jsme vyu\u017eili vhodn\u00e9 prostory hotelov\u00fdch za\u0159\u00edzen\u00ed v Orlick\u00fdch hor\u00e1ch a na Vyso\u010din\u011b. Zde si na\u0161i \u010dlenov\u00e9 intenzivn\u011b upev\u0148ovali zdrav\u00ed v kolektivu, co\u017e rozhodn\u011b prosp\u00edvalo v\u0161em \u00fa\u010dastn\u00edk\u016fm, nejv\u00edce v\u0161ak lidem osam\u011bl\u00fdm, ale tak\u00e9 du\u0161evn\u011b a psychicky nemocn\u00fdm.<br \/>\nNov\u011b jsme zavedli p\u0159edn\u00e1\u0161ky Zdeny St\u00f6hrov\u00e9 o zdrav\u00e9m \u017eivotn\u00edm stylu. Znamenit\u00e1 a pot\u011b\u0161uj\u00edc\u00ed je rovn\u011b\u017e spolupr\u00e1ce s brn\u011bnsk\u00fdm hercem Janem Grygarem na na\u0161ich kulturn\u00edch akc\u00edch.<br \/>\nNa\u0161i \u010dinnost p\u0159edn\u011b podpo\u0159il M\u011bstsk\u00fd \u00fa\u0159ad Letovice, Nadace m\u011bsta Letovice, m\u00edstn\u00ed podnikatel\u00e9 i n\u011bkter\u00e9 okoln\u00ed obce.<br \/>\nV\u0161echny akce pro zdrav\u00ed byly po\u0159\u00e1d\u00e1ny v r\u00e1mci projektu Zdrav\u00e9 m\u011bsto Letovice.<\/p>\n<p>BO\u0158IVOJ RA\u0160OVSK\u00dd<br \/>\nT\u00fdden u n\u00e1s<\/p>\n","protected":false},"excerpt":{"rendered":"<div class=\"mh-excerpt\"><p>Listopadov\u00e1 v\u00fdro\u010dn\u00ed \u010dlensk\u00e1 sch\u016fze byla r\u00e1zn\u00fdm krokem do patn\u00e1ct\u00e9ho roku \u010dinnosti Nov\u00e9ho sdru\u017een\u00ed zdravotn\u011b posti\u017een\u00fdch v Letovic\u00edch.<\/p>\n<\/div>","protected":false},"author":1,"featured_media":0,"comment_status":"open","ping_status":"closed","sticky":false,"template":"","format":"standard","meta":{"footnotes":""},"categories":[9],"tags":[],"class_list":["post-27150","post","type-post","status-publish","format-standard","hentry","category-zpravy"],"_links":{"self":[{"href":"https:\/\/www.invarena.cz\/index.php?rest_route=\/wp\/v2\/posts\/27150","targetHints":{"allow":["GET"]}}],"collection":[{"href":"https:\/\/www.invarena.cz\/index.php?rest_route=\/wp\/v2\/posts"}],"about":[{"href":"https:\/\/www.invarena.cz\/index.php?rest_route=\/wp\/v2\/types\/post"}],"author":[{"embeddable":true,"href":"https:\/\/www.invarena.cz\/index.php?rest_route=\/wp\/v2\/users\/1"}],"replies":[{"embeddable":true,"href":"https:\/\/www.invarena.cz\/index.php?rest_route=%2Fwp%2Fv2%2Fcomments&post=27150"}],"version-history":[{"count":0,"href":"https:\/\/www.invarena.cz\/index.php?rest_route=\/wp\/v2\/posts\/27150\/revisions"}],"wp:attachment":[{"href":"https:\/\/www.invarena.cz\/index.php?rest_route=%2Fwp%2Fv2%2Fmedia&parent=27150"}],"wp:term":[{"taxonomy":"category","embeddable":true,"href":"https:\/\/www.invarena.cz\/index.php?rest_route=%2Fwp%2Fv2%2Fcategories&post=27150"},{"taxonomy":"post_tag","embeddable":true,"href":"https:\/\/www.invarena.cz\/index.php?rest_route=%2Fwp%2Fv2%2Ftags&post=27150"}],"curies":[{"name":"wp","href":"https:\/\/api.w.org\/{rel}","templated":true}]}}