{"id":27178,"date":"2017-02-05T19:39:47","date_gmt":"2017-02-05T18:39:47","guid":{"rendered":"http:\/\/www.invarena.cz\/?p=27178"},"modified":"2017-02-05T19:39:47","modified_gmt":"2017-02-05T18:39:47","slug":"vzkaz-knihou-muze-pomoci-onkologickym-pacientum-v-liberci","status":"publish","type":"post","link":"https:\/\/www.invarena.cz\/?p=27178","title":{"rendered":"Vzkaz knihou m\u016f\u017ee pomoci onkologick\u00fdm pacient\u016fm v Liberci"},"content":{"rendered":"<p>Pomoci pacient\u016fm s onkologick\u00fdm onemocn\u011bn\u00edm, to je c\u00edlem projektu &#8222;Vzkaz knihou&#8220;, kter\u00fd ve spolupr\u00e1ci s Krajskou v\u011bdeckou knihovnou v Liberci p\u0159ipravil spolek Centrum Amelie. <!--more--><\/p>\n<p>Zapojit se m\u016f\u017ee ka\u017ed\u00fd, a\u0165 u\u017e t\u00edm, \u017ee v\u011bnuje knihu, kterou u\u017e nepot\u0159ebuje, nebo si v knihovn\u011b prost\u0159ednictv\u00edm panelu spolku vybere knihu v\u011bnovanou n\u011bk\u00fdm jin\u00fdm a finan\u010dn\u00edm p\u0159\u00edsp\u011bvkem m\u016f\u017ee, ale nemus\u00ed, podpo\u0159it onkologicky nemocn\u00e9 v regionu. \u010cTK to \u0159ekla koordin\u00e1torka spolku Amelie v Liberci Petra Kunto\u0161ov\u00e1.<\/p>\n<p>A pro\u010d dostal projekt n\u00e1zev &#8222;Vzkaz knihou&#8220;? &#8222;Daruj\u00edc\u00ed m\u016f\u017ee pro budouc\u00edho \u010dten\u00e1\u0159e nechat v knize vzkaz t\u00fdkaj\u00edc\u00ed se samotn\u00e9 knihy, jeho vztahu k n\u00ed \u010di prost\u0159ednictv\u00edm knihy zaslat n\u011bjak\u00e9 p\u0159\u00e1n\u00ed \u010di poselstv\u00ed. Z\u00e1rove\u0148 ten, kdo si knihu odnese a p\u0159isp\u011bje finan\u010dn\u00edm p\u0159\u00edsp\u011bvkem, zas\u00edl\u00e1 onkologicky nemocn\u00fdm vzkaz, \u017ee mu nen\u00ed jejich n\u00e1ro\u010dn\u00e1 \u017eivotn\u00ed situace lhostejn\u00e1,&#8220; vysv\u011btlila d\u016fvod n\u00e1zvu projektu Kunto\u0161ov\u00e1.<\/p>\n<p>Libereck\u00e1 knihovna se podle \u0159editelky Blanky Konvalinkov\u00e9 r\u00e1da zapojila. &#8222;Pracovn\u00edci sdru\u017een\u00ed se sna\u017e\u00ed odborn\u00fdm, ale hlavn\u011b lidsk\u00fdm p\u0159\u00edstupem usnadnit situaci lidem, kte\u0159\u00ed p\u0159i\u0161li o zdrav\u00ed a \u010dasto nejenom o n\u011bj. N\u011bkdy i o pr\u00e1ci, partnera nebo finan\u010dn\u00ed jistoty. Na\u0161i u\u017eivatel\u00e9 neb\u00fdvaj\u00ed k t\u011bmto v\u00fdzv\u00e1m lhostejn\u00ed. V\u011b\u0159\u00edme tomu, \u017ee se do projektu zapoj\u00ed a snahy Centra Amelie sv\u00fdm vst\u0159\u00edcn\u00fdm p\u0159\u00edstupem podpo\u0159\u00ed,&#8220; poznamenala \u0159editelka.<\/p>\n<p>Centrum Amelie poskytuje psychosoci\u00e1ln\u00ed podporu onkologicky nemocn\u00fdm a jejich rodin\u00e1m a bl\u00edzk\u00fdm. &#8222;Lid\u00e9 se na n\u00e1s mohou obracet v podstat\u011b se v\u0161\u00edm, co souvis\u00ed s onkologickou nemoc\u00ed a nespad\u00e1 p\u0159\u00edmo do oblasti l\u00e9\u010dby,&#8220; \u0159ekla Kunto\u0161ov\u00e1. Centrum nab\u00edz\u00ed pomoc soci\u00e1ln\u00ed pracovnice p\u0159i \u0159e\u0161en\u00ed probl\u00e9m\u016f se sn\u00ed\u017een\u00edm p\u0159\u00edjmu, podporu psycholo\u017eky ale i zdravotn\u00ed cvi\u010den\u00ed. Centrum je otev\u0159eno dvakr\u00e1t v t\u00fddnu, v \u00fater\u00fd a \u010dtvrtek od 9:00 do 12:00 v prostor\u00e1ch Krajsk\u00e9 nemocnice Liberec v pavilonu U v Jabloneck\u00e9 ulici.<\/p>\n","protected":false},"excerpt":{"rendered":"<div class=\"mh-excerpt\"><p>Pomoci pacient\u016fm s onkologick\u00fdm onemocn\u011bn\u00edm, to je c\u00edlem projektu &#8222;Vzkaz knihou&#8220;, kter\u00fd ve spolupr\u00e1ci s Krajskou v\u011bdeckou knihovnou v Liberci p\u0159ipravil spolek Centrum Amelie.<\/p>\n<\/div>","protected":false},"author":1,"featured_media":22177,"comment_status":"open","ping_status":"closed","sticky":false,"template":"","format":"standard","meta":{"footnotes":""},"categories":[9],"tags":[],"class_list":["post-27178","post","type-post","status-publish","format-standard","has-post-thumbnail","hentry","category-zpravy"],"_links":{"self":[{"href":"https:\/\/www.invarena.cz\/index.php?rest_route=\/wp\/v2\/posts\/27178","targetHints":{"allow":["GET"]}}],"collection":[{"href":"https:\/\/www.invarena.cz\/index.php?rest_route=\/wp\/v2\/posts"}],"about":[{"href":"https:\/\/www.invarena.cz\/index.php?rest_route=\/wp\/v2\/types\/post"}],"author":[{"embeddable":true,"href":"https:\/\/www.invarena.cz\/index.php?rest_route=\/wp\/v2\/users\/1"}],"replies":[{"embeddable":true,"href":"https:\/\/www.invarena.cz\/index.php?rest_route=%2Fwp%2Fv2%2Fcomments&post=27178"}],"version-history":[{"count":0,"href":"https:\/\/www.invarena.cz\/index.php?rest_route=\/wp\/v2\/posts\/27178\/revisions"}],"wp:featuredmedia":[{"embeddable":true,"href":"https:\/\/www.invarena.cz\/index.php?rest_route=\/wp\/v2\/media\/22177"}],"wp:attachment":[{"href":"https:\/\/www.invarena.cz\/index.php?rest_route=%2Fwp%2Fv2%2Fmedia&parent=27178"}],"wp:term":[{"taxonomy":"category","embeddable":true,"href":"https:\/\/www.invarena.cz\/index.php?rest_route=%2Fwp%2Fv2%2Fcategories&post=27178"},{"taxonomy":"post_tag","embeddable":true,"href":"https:\/\/www.invarena.cz\/index.php?rest_route=%2Fwp%2Fv2%2Ftags&post=27178"}],"curies":[{"name":"wp","href":"https:\/\/api.w.org\/{rel}","templated":true}]}}