{"id":27184,"date":"2017-02-06T15:56:02","date_gmt":"2017-02-06T14:56:02","guid":{"rendered":"http:\/\/www.invarena.cz\/?p=27184"},"modified":"2017-02-07T08:58:24","modified_gmt":"2017-02-07T07:58:24","slug":"diky-darcum-pavel-mozna-zase-bude-chodit","status":"publish","type":"post","link":"https:\/\/www.invarena.cz\/?p=27184","title":{"rendered":"D\u00edky d\u00e1rc\u016fm Pavel mo\u017en\u00e1 zase bude chodit"},"content":{"rendered":"<p><strong>Tak\u0159ka nehybn\u00fd apatick\u00fd pacient vy\u017eivovan\u00fd pomoc\u00ed sondy, tak vypadal po v\u00e1\u017en\u00e9 nehod\u011b Pavel Svoboda, kdy\u017e se jeho maminka rozhodla navzdory progn\u00f3z\u00e1m l\u00e9ka\u0159\u016f zapomenout na hospic a zkusit ud\u011blat v\u0161e pro z\u00e1chranu syna v dom\u00e1c\u00edch podm\u00ednk\u00e1ch.<\/strong> <!--more--><\/p>\n<p>Nov\u00e9 Hrady \u2013 Dnes rozd\u00e1v\u00e1 mlad\u00fd mu\u017e d\u00edky n\u00ed, sv\u00e9 vlastn\u00ed v\u016fli a pomoci \u0161irok\u00e9ho okol\u00ed z invalidn\u00edho voz\u00edku \u00fasm\u011bvy, \u010dile komunikuje a netaj\u00ed se snem zahr\u00e1t si jednou zase fotbal.<\/p>\n<p>&#8222;Pravideln\u011b cvi\u010d\u00edme a je to vid\u011bt. V prav\u00e9 ruce u\u017e m\u00e1 slu\u0161nou s\u00edlu, tro\u0161ku pohne i nohama. Pokroky jsou zn\u00e1t, i kdy\u017e p\u0159ich\u00e1z\u00ed pomalinku,&#8220; bilancuje v\u00fdsledky spole\u010dn\u00e9 mnohalet\u00e9 snahy Renata Svobodov\u00e1. S\u00e1m Pavel na d\u016fkaz pokroku pravic\u00ed lousk\u00e1 prsty a pomalu zved\u00e1 i levou, st\u00e1le je\u0161t\u011b tak\u0159ka bezvl\u00e1dnou ruku. &#8222;Na to jsem opravdu py\u0161n\u00fd,&#8220; zd\u016fraz\u0148uje.<\/p>\n<p>Rozhodn\u011b ale nechce b\u00fdt se sou\u010dasn\u00fdm stavem spokojen\u00fd a usiluje o dal\u0161\u00ed zlep\u0161en\u00ed.<\/p>\n<p>V tom by mu mohl pomoci v\u00fdt\u011b\u017eek T\u0159\u00edkr\u00e1lov\u00e9 sb\u00edrky na Novohradsku, kter\u00fd by Svobodovi m\u011bli pou\u017e\u00edt na dal\u0161\u00ed rehabilitaci. &#8222;Jsem moc vd\u011b\u010dn\u00fd, stra\u0161n\u011b moc d\u011bkuji,&#8220; vzkazuje Pavel v\u0161em, kdo p\u0159isp\u011bli i samotn\u00fdm koledn\u00edk\u016fm a organiz\u00e1tor\u016fm sb\u00edrky.<\/p>\n<p>&#8222;Cht\u011bli bychom na rehabilitaci do Klimkovic, kde maj\u00ed speci\u00e1ln\u00ed oble\u010dky, d\u00edky nim\u017e se podobn\u00ed pacienti ohromn\u011b zlep\u0161uj\u00ed. Byla tam zn\u00e1m\u00e1 se synem, kter\u00fd je tak\u00e9 po nehod\u011b, a ten u\u017e s pomoc\u00ed chod\u00ed,&#8220; nazna\u010duje Renata Svobodov\u00e1 spole\u010dn\u00fd c\u00edl. I Pavel si od speci\u00e1ln\u00ed rehabilita\u010dn\u00ed metody mnoho slibuje. &#8222;V l\u00e9t\u011b bych si cht\u011bl zahr\u00e1t s klukama fotbal,&#8220; p\u0159eje si. V pl\u00e1nu m\u00e1 ale nap\u0159ed men\u0161\u00ed c\u00edl. &#8222;Jsme domluven\u00ed s mlad\u0161\u00edm bratrem, \u017ee a\u017e p\u0159ijede s p\u0159\u00edtelkyn\u00ed, vyraz\u00edme spole\u010dn\u011b na proch\u00e1zku.&#8220; T\u0159eba na n\u00ed potk\u00e1 i ty, kdo mu sv\u00fdm p\u0159\u00edsp\u011bvkem do kasi\u010dek koledn\u00edk\u016f p\u0159isp\u011bli.<\/p>\n<p>&#8222;Lid\u00e9 reagovali velmi vst\u0159\u00edcn\u011b a kdy\u017e jsme vysv\u011btlili, k \u010demu je v\u00fdt\u011b\u017eek ur\u010den\u00fd, d\u00e1vali do sb\u00edrky v\u00edc, ne\u017e je jinde obvykl\u00e9,&#8220; vzpom\u00edn\u00e1 Jana \u0160ulistov\u00e1, vedouc\u00ed jedn\u00e9 ze skupinek koledn\u00edk\u016f. &#8222;Lidi d\u00e1vali hodn\u011b pen\u011bz, stovky, jedna pan\u00ed dokonce tis\u00edcovku, m\u011bly jsme skoro plnou kasi\u010dku,&#8220; potvrzuj\u00ed jej\u00ed slova \u0161kola\u010dky Jana \u0160abatkov\u00e1, Ane\u017eka \u0160ulistov\u00e1 a Nikola Szypulov\u00e1.<\/p>\n<p>&#8222;M\u00e1me radost, \u017ee se n\u00e1m povedlo Pavlovi pomoct,&#8220; dod\u00e1vaj\u00ed.<\/p>\n<p>HANA SV\u00cdTILOV\u00c1<br \/>\n\u010ceskobud\u011bjovick\u00fd den\u00edk<br \/>\n<a href=\"http:\/\/ceskobudejovicky.denik.cz\/\">http:\/\/ceskobudejovicky.denik.cz\/<\/a><\/p>\n","protected":false},"excerpt":{"rendered":"<div class=\"mh-excerpt\"><p>Tak\u0159ka nehybn\u00fd apatick\u00fd pacient vy\u017eivovan\u00fd pomoc\u00ed sondy, tak vypadal po v\u00e1\u017en\u00e9 nehod\u011b Pavel Svoboda, kdy\u017e se jeho maminka rozhodla navzdory progn\u00f3z\u00e1m l\u00e9ka\u0159\u016f zapomenout na hospic <a class=\"mh-excerpt-more\" href=\"https:\/\/www.invarena.cz\/?p=27184\" title=\"D\u00edky d\u00e1rc\u016fm Pavel mo\u017en\u00e1 zase bude chodit\">[&#8230;]<\/a><\/p>\n<\/div>","protected":false},"author":1,"featured_media":0,"comment_status":"open","ping_status":"closed","sticky":false,"template":"","format":"standard","meta":{"footnotes":""},"categories":[9],"tags":[],"class_list":["post-27184","post","type-post","status-publish","format-standard","hentry","category-zpravy"],"_links":{"self":[{"href":"https:\/\/www.invarena.cz\/index.php?rest_route=\/wp\/v2\/posts\/27184","targetHints":{"allow":["GET"]}}],"collection":[{"href":"https:\/\/www.invarena.cz\/index.php?rest_route=\/wp\/v2\/posts"}],"about":[{"href":"https:\/\/www.invarena.cz\/index.php?rest_route=\/wp\/v2\/types\/post"}],"author":[{"embeddable":true,"href":"https:\/\/www.invarena.cz\/index.php?rest_route=\/wp\/v2\/users\/1"}],"replies":[{"embeddable":true,"href":"https:\/\/www.invarena.cz\/index.php?rest_route=%2Fwp%2Fv2%2Fcomments&post=27184"}],"version-history":[{"count":0,"href":"https:\/\/www.invarena.cz\/index.php?rest_route=\/wp\/v2\/posts\/27184\/revisions"}],"wp:attachment":[{"href":"https:\/\/www.invarena.cz\/index.php?rest_route=%2Fwp%2Fv2%2Fmedia&parent=27184"}],"wp:term":[{"taxonomy":"category","embeddable":true,"href":"https:\/\/www.invarena.cz\/index.php?rest_route=%2Fwp%2Fv2%2Fcategories&post=27184"},{"taxonomy":"post_tag","embeddable":true,"href":"https:\/\/www.invarena.cz\/index.php?rest_route=%2Fwp%2Fv2%2Ftags&post=27184"}],"curies":[{"name":"wp","href":"https:\/\/api.w.org\/{rel}","templated":true}]}}