{"id":27204,"date":"2017-02-09T12:42:48","date_gmt":"2017-02-09T11:42:48","guid":{"rendered":"http:\/\/www.invarena.cz\/?p=27204"},"modified":"2017-02-09T12:42:48","modified_gmt":"2017-02-09T11:42:48","slug":"zmenil-se-se-zvysenim-minimalni-mzdy-odpocet-na-zdravotni-pojisteni-u-ozp-zamestnancu","status":"publish","type":"post","link":"https:\/\/www.invarena.cz\/?p=27204","title":{"rendered":"Zm\u011bnil se se zv\u00fd\u0161en\u00edm minim\u00e1ln\u00ed mzdy odpo\u010det na zdravotn\u00ed poji\u0161t\u011bn\u00ed u OZP zam\u011bstnanc\u016f?"},"content":{"rendered":"<p><strong>Dotaz:<br \/>\nJsem zam\u011bstnavatelem, kter\u00fd zam\u011bstn\u00e1v\u00e1 v\u00edce jak 50% OZP zam\u011bstnanc\u016f. R\u00e1d bych se zeptal, zda se se zv\u00fd\u0161en\u00edm minim\u00e1ln\u00ed mzdy zvedl i odpo\u010det na zdravotn\u00ed poji\u0161t\u011bn\u00ed u OZP zam\u011bstnanc\u016f?<\/strong><br \/>\n<!--more--><br \/>\nDotaz:<br \/>\nNa tento dotaz jsme se zeptali V\u0161eobecn\u00e9 zdravotn\u00ed poji\u0161\u0165ovny. Odpov\u00edd\u00e1 tiskov\u00e1 mluv\u010d\u00ed VZP Dana Blahutov\u00e1:<br \/>\n\u201eVym\u011b\u0159ovac\u00edm z\u00e1kladem pro v\u00fdpo\u010det pojistn\u00e9ho na ve\u0159ejn\u00e9 zdravotn\u00ed poji\u0161t\u011bn\u00ed u zam\u011bstnance, kter\u00e9mu byl p\u0159izn\u00e1n invalidn\u00ed d\u016fchod (bez ohledu na stupe\u0148 invalidity), je-li zam\u011bstnancem zam\u011bstnavatele zam\u011bstn\u00e1vaj\u00edc\u00edho v\u00edce ne\u017e 50% osob se zdravotn\u00edm posti\u017een\u00edm z celkov\u00e9ho pr\u016fm\u011brn\u00e9ho p\u0159epo\u010dten\u00e9ho po\u010dtu sv\u00fdch zam\u011bstnanc\u016f, je \u010d\u00e1stka p\u0159esahuj\u00edc\u00ed \u010d\u00e1stku vym\u011b\u0159ovac\u00edho z\u00e1kladu pro pojistn\u00e9 hrazen\u00e9 st\u00e1tem, nikoli minim\u00e1ln\u00ed mzda. <\/p>\n<p>Na\u0159\u00edzen\u00edm vl\u00e1dy \u010d. 181\/2016 Sb., ze dne 30. kv\u011btna 2016 se od 1.1.2017 zm\u011bnil vym\u011b\u0159ovac\u00ed z\u00e1klad pro pojistn\u00e9 hrazen\u00e9 st\u00e1tem na 6 814 K\u010d. Tzn. u invalidn\u00edch d\u016fchodc\u016f (kte\u0159\u00ed maj\u00ed p\u0159izn\u00e1n invalidn\u00ed d\u016fchod) a pracuj\u00ed u zam\u011bstnavatele, kter\u00fd zam\u011bstn\u00e1v\u00e1 v\u00edce jak 50 % sv\u00fdch zam\u011bstnanc\u016f &#8211; invalidn\u00edch d\u016fchodc\u016f, je vym\u011b\u0159ovac\u00edm z\u00e1kladem \u010d\u00e1stka p\u0159esahuj\u00edc\u00ed \u010d\u00e1stku 6 814 K\u010d.\u201c<\/p>\n<p>Ji\u0159\u00ed Marek<br \/>\ninvArena<\/p>\n","protected":false},"excerpt":{"rendered":"<div class=\"mh-excerpt\"><p>Dotaz: Jsem zam\u011bstnavatelem, kter\u00fd zam\u011bstn\u00e1v\u00e1 v\u00edce jak 50% OZP zam\u011bstnanc\u016f. R\u00e1d bych se zeptal, zda se se zv\u00fd\u0161en\u00edm minim\u00e1ln\u00ed mzdy zvedl i odpo\u010det na zdravotn\u00ed <a class=\"mh-excerpt-more\" href=\"https:\/\/www.invarena.cz\/?p=27204\" title=\"Zm\u011bnil se se zv\u00fd\u0161en\u00edm minim\u00e1ln\u00ed mzdy odpo\u010det na zdravotn\u00ed poji\u0161t\u011bn\u00ed u OZP zam\u011bstnanc\u016f?\">[&#8230;]<\/a><\/p>\n<\/div>","protected":false},"author":3,"featured_media":14519,"comment_status":"open","ping_status":"closed","sticky":false,"template":"","format":"standard","meta":{"footnotes":""},"categories":[1,18],"tags":[],"class_list":["post-27204","post","type-post","status-publish","format-standard","has-post-thumbnail","hentry","category-nezarazene","category-poradna"],"_links":{"self":[{"href":"https:\/\/www.invarena.cz\/index.php?rest_route=\/wp\/v2\/posts\/27204","targetHints":{"allow":["GET"]}}],"collection":[{"href":"https:\/\/www.invarena.cz\/index.php?rest_route=\/wp\/v2\/posts"}],"about":[{"href":"https:\/\/www.invarena.cz\/index.php?rest_route=\/wp\/v2\/types\/post"}],"author":[{"embeddable":true,"href":"https:\/\/www.invarena.cz\/index.php?rest_route=\/wp\/v2\/users\/3"}],"replies":[{"embeddable":true,"href":"https:\/\/www.invarena.cz\/index.php?rest_route=%2Fwp%2Fv2%2Fcomments&post=27204"}],"version-history":[{"count":0,"href":"https:\/\/www.invarena.cz\/index.php?rest_route=\/wp\/v2\/posts\/27204\/revisions"}],"wp:featuredmedia":[{"embeddable":true,"href":"https:\/\/www.invarena.cz\/index.php?rest_route=\/wp\/v2\/media\/14519"}],"wp:attachment":[{"href":"https:\/\/www.invarena.cz\/index.php?rest_route=%2Fwp%2Fv2%2Fmedia&parent=27204"}],"wp:term":[{"taxonomy":"category","embeddable":true,"href":"https:\/\/www.invarena.cz\/index.php?rest_route=%2Fwp%2Fv2%2Fcategories&post=27204"},{"taxonomy":"post_tag","embeddable":true,"href":"https:\/\/www.invarena.cz\/index.php?rest_route=%2Fwp%2Fv2%2Ftags&post=27204"}],"curies":[{"name":"wp","href":"https:\/\/api.w.org\/{rel}","templated":true}]}}