{"id":27216,"date":"2017-02-09T14:48:56","date_gmt":"2017-02-09T13:48:56","guid":{"rendered":"http:\/\/www.invarena.cz\/?p=27216"},"modified":"2017-02-09T14:48:56","modified_gmt":"2017-02-09T13:48:56","slug":"aco-pribyslav-plati-plavecky-kurz-postizenym-detem","status":"publish","type":"post","link":"https:\/\/www.invarena.cz\/?p=27216","title":{"rendered":"ACO P\u0159ibyslav plat\u00ed plaveck\u00fd kurz posti\u017een\u00fdm d\u011btem"},"content":{"rendered":"<p><strong>Podpo\u0159it t\u0159\u00eddu handicapovan\u00fdch d\u011bt\u00ed v p\u0159ibyslavsk\u00e9 z\u00e1kladn\u00ed \u0161kole se rozhodla stroj\u00edrensk\u00e1 firma ACO Industries.<\/strong> <!--more--><\/p>\n<p>P\u0159ibyslav \u2013 &#8222;Na z\u00e1klad\u011b sch\u016fzek s \u0159editelem \u0161koly, na kter\u00fdch jsme \u0159e\u0161ili pot\u0159eby \u0161koln\u00edch d\u011bt\u00ed a rodi\u010d\u016f, se ACO rozhodlo nakonec podpo\u0159it speci\u00e1ln\u00ed t\u0159\u00eddu se sedmi d\u011btmi t\u00edm, \u017ee jim pln\u011b uhrad\u00edme plaveck\u00fd v\u00fdcvik v baz\u00e9nu ve \u017d\u010f\u00e1\u0159e nad S\u00e1zavou, a to v\u010detn\u011b dopravy,&#8220; informovala marketingov\u00e1 specialistka firmy ACO Zuzana Siwkov\u00e1.<\/p>\n<p>Speci\u00e1ln\u00ed t\u0159\u00eddu nav\u0161t\u011bvuj\u00ed d\u011bti s r\u016fzn\u00fdm stupn\u011bm posti\u017een\u00ed fyzick\u00fdm i ment\u00e1ln\u00edm. Intenzivn\u00ed plaveck\u00fd kurz jim pom\u016f\u017ee v r\u00e1mci rehabilitace zlep\u0161it jejich celkov\u00fd zdravotn\u00ed stav. Podle Siwkov\u00e9 to ale nen\u00ed jedin\u00e1 forma spolupr\u00e1ce stroj\u00edrensk\u00e9 firmy se z\u00e1kladn\u00ed \u0161kolou. &#8222;V dal\u0161\u00edm pl\u00e1nu je podpora technick\u00fdch \u0161koln\u00edch d\u00edlen, kter\u00e1 by m\u011bla v \u017e\u00e1c\u00edch probudit z\u00e1jem o studium technick\u00fdch obor\u016f,&#8220; sd\u011blila Siwkov\u00e1.<\/p>\n<p>Podle starosty m\u011bsta Martina Kamar\u00e1da (ODS) \u0161kola u\u017e d\u00edlny m\u00e1, ty ale pot\u0159ebuj\u00ed lep\u0161\u00ed prostory a vybaven\u00ed. K vylep\u0161en\u00ed \u0161koln\u00edch d\u00edlen se podle starosty m\u011bsto sna\u017e\u00ed vyu\u017e\u00edt tak\u00e9 evropsk\u00e9 dotace. Firma ACO do t\u011bchto d\u00edlen zajist\u00ed pot\u0159ebn\u00e9 vybaven\u00ed.<\/p>\n<p>Havl\u00ed\u010dkobrodsk\u00fd den\u00edk<br \/>\n<a href=\"http:\/\/havlickobrodsky.denik.cz\/\">http:\/\/havlickobrodsky.denik.cz\/<\/a><\/p>\n","protected":false},"excerpt":{"rendered":"<div class=\"mh-excerpt\"><p>Podpo\u0159it t\u0159\u00eddu handicapovan\u00fdch d\u011bt\u00ed v p\u0159ibyslavsk\u00e9 z\u00e1kladn\u00ed \u0161kole se rozhodla stroj\u00edrensk\u00e1 firma ACO Industries.<\/p>\n<\/div>","protected":false},"author":1,"featured_media":16880,"comment_status":"open","ping_status":"closed","sticky":false,"template":"","format":"standard","meta":{"footnotes":""},"categories":[9],"tags":[],"class_list":["post-27216","post","type-post","status-publish","format-standard","has-post-thumbnail","hentry","category-zpravy"],"_links":{"self":[{"href":"https:\/\/www.invarena.cz\/index.php?rest_route=\/wp\/v2\/posts\/27216","targetHints":{"allow":["GET"]}}],"collection":[{"href":"https:\/\/www.invarena.cz\/index.php?rest_route=\/wp\/v2\/posts"}],"about":[{"href":"https:\/\/www.invarena.cz\/index.php?rest_route=\/wp\/v2\/types\/post"}],"author":[{"embeddable":true,"href":"https:\/\/www.invarena.cz\/index.php?rest_route=\/wp\/v2\/users\/1"}],"replies":[{"embeddable":true,"href":"https:\/\/www.invarena.cz\/index.php?rest_route=%2Fwp%2Fv2%2Fcomments&post=27216"}],"version-history":[{"count":0,"href":"https:\/\/www.invarena.cz\/index.php?rest_route=\/wp\/v2\/posts\/27216\/revisions"}],"wp:featuredmedia":[{"embeddable":true,"href":"https:\/\/www.invarena.cz\/index.php?rest_route=\/wp\/v2\/media\/16880"}],"wp:attachment":[{"href":"https:\/\/www.invarena.cz\/index.php?rest_route=%2Fwp%2Fv2%2Fmedia&parent=27216"}],"wp:term":[{"taxonomy":"category","embeddable":true,"href":"https:\/\/www.invarena.cz\/index.php?rest_route=%2Fwp%2Fv2%2Fcategories&post=27216"},{"taxonomy":"post_tag","embeddable":true,"href":"https:\/\/www.invarena.cz\/index.php?rest_route=%2Fwp%2Fv2%2Ftags&post=27216"}],"curies":[{"name":"wp","href":"https:\/\/api.w.org\/{rel}","templated":true}]}}