{"id":27265,"date":"2017-02-15T20:42:01","date_gmt":"2017-02-15T19:42:01","guid":{"rendered":"http:\/\/www.invarena.cz\/?p=27265"},"modified":"2017-02-15T20:42:01","modified_gmt":"2017-02-15T19:42:01","slug":"zeman-dnes-kritizoval-zruseni-poplatku-za-hospitalizaci","status":"publish","type":"post","link":"https:\/\/www.invarena.cz\/?p=27265","title":{"rendered":"Zeman dnes kritizoval zru\u0161en\u00ed poplatku za hospitalizaci"},"content":{"rendered":"<p>Prezident Milo\u0161 Zeman kritizoval zru\u0161en\u00ed stokorunov\u00e9ho poplatku za hospitalizaci v nemocnici. Podle n\u011bj by pen\u00edze mohly b\u00fdt pou\u017eity na zv\u00fd\u0161en\u00ed plat\u016f pe\u010dovatelek a zdravotn\u00edch sester. Zeman to dnes \u0159ekl na setk\u00e1n\u00ed se zastupiteli b\u011bhem sv\u00e9 t\u0159\u00eddenn\u00ed n\u00e1v\u0161t\u011bvy Kr\u00e1lov\u00e9hradeck\u00e9ho kraje. Premi\u00e9r Bohuslav Sobotka (\u010cSSD) zru\u0161en\u00ed poplatk\u016f d\u00e1l pova\u017euje za spr\u00e1vn\u00fd krok.<!--more--><\/p>\n<p>&#8222;Soci\u00e1ln\u00ed demokracie m\u011bla ve sv\u00e9m volebn\u00edm programu zachov\u00e1n\u00ed hospitaliza\u010dn\u00edch poplatk\u016f, naprosto zbyte\u010dn\u011b tento bod pustila, a t\u00edm zdravotnictv\u00ed p\u0159i\u0161lo o dv\u011b miliardy korun ro\u010dn\u011b, kter\u00e9 by se mohly v\u011bnovat na zlep\u0161en\u00ed platov\u00e9 \u00farovn\u011b, ne l\u00e9ka\u0159\u016f, ti maj\u00ed podle m\u00e9ho n\u00e1zoru u\u017e v\u00edce ne\u017e dost, p\u0159edev\u0161\u00edm sester a pe\u010dovatelek v t\u00e9to oblasti,&#8220; \u0159ekl Zeman.<\/p>\n<p>Podle Zemana n\u011bkte\u0159\u00ed lid\u00e9 umis\u0165uj\u00ed sv\u00e9 rodi\u010de na soci\u00e1ln\u00ed l\u016f\u017eka, proto\u017ee u\u0161et\u0159\u00ed \u010d\u00e1stky kolem t\u0159\u00ed tis\u00edc korun m\u011bs\u00ed\u010dn\u011b. &#8222;J\u00e1 budu prvn\u00ed, kdo bude se zv\u00fd\u0161en\u00edm plat\u016f souhlasit, ale tak\u00e9 mus\u00edm polo\u017eit ot\u00e1zku, kde na to vezmu pen\u00edze. Stovka denn\u011b za hospitaliza\u010dn\u00ed poplatek p\u0159ece nikoho nezabije. Tahle chyba by se m\u011bla napravit, aby dv\u011b miliardy mohly j\u00edt na tento \u00fa\u010del,&#8220; uvedl Zeman.<\/p>\n<p>Sobotka za zru\u0161en\u00edm platby za pobyt v nemocnici stoj\u00ed. &#8222;Mysl\u00edm, \u017ee pan prezident si neum\u00ed p\u0159edstavit, s jak\u00fdmi pen\u011bzi mus\u00ed mnoz\u00ed d\u016fchodci vy\u017e\u00edt. Jsem r\u00e1d, \u017ee jsem prosadil zru\u0161en\u00ed poplatk\u016f,&#8220; napsal premi\u00e9r na twitteru.<\/p>\n<p>Prezident o poplatc\u00edch za hospitalizaci mluvil v reakci na vystoupen\u00ed krajsk\u00e9ho zastupitele Josefa Luk\u00e1\u0161ka (KS\u010cM), kter\u00fd se zmi\u0148oval o zv\u00fd\u0161en\u00ed plat\u016f v soci\u00e1ln\u00edch slu\u017eb\u00e1ch. &#8222;V soci\u00e1ln\u00ed oblasti nejsou lidi, odch\u00e1zej\u00ed nap\u0159\u00edklad do automobilky, ale v posledn\u00ed dob\u011b je p\u0159epl\u00e1cej\u00ed i supermarkety,&#8220; kritizoval Luk\u00e1\u0161ek.<\/p>\n<p>Stokorunov\u00e9 poplatky za pobyt v nemocnici zru\u0161il \u00dastavn\u00ed soud na n\u00e1vrh \u010cSSD v \u010dervenci 2013 a z\u00e1konod\u00e1rc\u016fm dal do konce roku \u010das, aby je zru\u0161ili sami. Povinnost platit skon\u010dila 1. ledna 2014. Vl\u00e1da v b\u0159eznu rozhodla, \u017ee nemocnice dostanou 2,1 miliardy korun jako kompenzaci za zru\u0161en\u00e9 poplatky. Regula\u010dn\u00ed poplatky ve zdravotnictv\u00ed jako takov\u00e9 byly zavedeny v lednu 2008, ro\u010dn\u011b za n\u011b pacienti dali p\u0159es p\u011bt miliard korun a zhruba stejn\u00e1 \u010d\u00e1stka byla podle dostupn\u00fdch dat u\u0161et\u0159ena t\u00edm, \u017ee lid\u00e9 nechodili k l\u00e9ka\u0159i zbyte\u010dn\u011b.<\/p>\n<p>\ue602 Foto &#8211; 22x   <\/p>\n<p>BERNHARD MAIER, JI\u0158\u00cd \u0160T\u011aP\u00c1N, MILO\u0160 ZEMAN&#8230; <\/p>\n<p>BERNHARD MAIER, JI\u0158\u00cd \u0160T\u011aP\u00c1N, MILO\u0160 ZEMAN&#8230; zam\u011bstnanci spole\u010dnosti \u0160koda Auto ve&#8230; BOHDAN WOJNAR, BERNHARD MAIER, MILO\u0160&#8230; MILO\u0160 ZEMAN, prezident, n\u00e1v\u0161t\u011bva \u0160koda&#8230; MILO\u0160 ZEMAN, prezident Milo\u0161 Zeman, prezident, exkurze \u0160koda Au&#8230; Milo\u0161 Zeman, portr\u00e9t, fotografie, podpis MILO\u0160 ZEMAN, prezident, pozdrav, \u00fasm\u011bv,&#8230; MILO\u0160 ZEMAN, prezident, v\u00fdroba \u0160koda Au&#8230; MILO\u0160 ZEMAN, prezident, \u0160koda Kodiaq, au&#8230; MILO\u0160 ZEMAN, prezident, \u0160koda Kodiaq, au&#8230; MILO\u0160 ZEMAN, prezident, JI\u0158\u00cd \u0160T\u011aP\u00c1N, hej&#8230; MILO\u0160 ZEMAN, prezident, JI\u0158\u00cd \u0160T\u011aP\u00c1N, hej&#8230; JI\u0158\u00cd \u0160T\u011aP\u00c1N, hejtman, MILO\u0160 ZEMAN,&#8230; MILO\u0160 ZEMAN, prezident, JI\u0158\u00cd \u0160T\u011aP\u00c1N, hej&#8230; MILO\u0160 ZEMAN, prezident, JI\u0158\u00cd \u0160T\u011aP\u00c1N, hej&#8230; MILO\u0160 ZEMAN, prezident MILO\u0160 ZEMAN, prezident, JI\u0158\u00cd \u0160T\u011aP\u00c1N,&#8230; MILO\u0160 ZEMAN, prezident, JI\u0158\u00cd \u0160T\u011aP\u00c1N, hej&#8230; MILO\u0160 ZEMAN, prezident, zamy\u0161len\u00fd, unave&#8230; Milo\u0161 Zeman, prezident MILO\u0160 ZEMAN, prezident, IVANA ZEMANOV\u00c1,&#8230; <\/p>\n<p>Podrobnosti \ue611<\/p>\n<p>\ue603 Audio 23s<br \/>\nAudio Player<\/p>\n<p>00:00<\/p>\n<p>00:23<\/p>\n<p>Use Up\/Down Arrow keys to increase or decrease volume.<\/p>\n<p>Mluv\u00ed: Milo\u0161 Zeman<\/p>\n<p>Zeman dnes kritizoval zru\u0161en\u00ed poplatku za hospitalizaci<\/p>\n<p>Podrobnosti \ue611<\/p>\n<p>Kop\u00edrov\u00e1n\u00ed a \u0161\u00ed\u0159en\u00ed nahr\u00e1vky nen\u00ed mo\u017en\u00e9 bez souhlasu \u010cTK.<\/p>\n<p>\ue603 Audio 27s<br \/>\nAudio Player<\/p>\n<p>00:00<\/p>\n<p>00:27<\/p>\n<p>Use Up\/Down Arrow keys to increase or decrease volume.<\/p>\n<p>Mluv\u00ed: Martina G\u00f6tzov\u00e1<\/p>\n<p>Prezident Zeman dnes zah\u00e1j\u00ed n\u00e1v\u0161t\u011bvu Kr\u00e1lov\u00e9hradeck\u00e9ho kraje<\/p>\n<p>Podrobnosti \ue611<\/p>\n<p>Kop\u00edrov\u00e1n\u00ed a \u0161\u00ed\u0159en\u00ed nahr\u00e1vky nen\u00ed mo\u017en\u00e9 bez souhlasu \u010cTK.<\/p>\n<p>Priorita <\/p>\n<p>3 <\/p>\n<p>ID <\/p>\n<p>T201702151091502 <\/p>\n<p>Region <\/p>\n<p>Dom\u00e1c\u00ed &#8211; Kr\u00e1lovehradeck\u00fd kraj &#8211; (dhk)<br \/>\n\u010cR;HradecKr\u00e1lov\u00e9 <\/p>\n<p>Kategorie <\/p>\n<p>Zdravotnictv\u00ed (zdr) <\/p>\n<p>Soci\u00e1ln\u00ed problematika (sop) <\/p>\n<p>Parlamenty a vl\u00e1dy (for) <\/p>\n<p>Politika (pol) <\/p>\n<p>Politika dom\u00e1c\u00ed (pod) <\/p>\n<p>Kl\u00ed\u010dov\u00e1 slova \u010cTK <\/p>\n<p>\u010cR <\/p>\n<p>nemocnice <\/p>\n<p>soci\u00e1ln\u00ed <\/p>\n<p>Zeman <\/p>\n<p>Kr\u00e1lov\u00e9hradeck\u00fd <\/p>\n<p>2.VERZE <\/p>\n<p>Vyhled\u00e1v\u00e1n\u00ed<\/p>\n<p> \ue613 <\/p>\n<p>  \ue63b  <\/p>\n<p>Od nejnov\u011bj\u0161\u00ed \ue613 <\/p>\n<p>Nalezeno z\u00e1znam\u016f: 616<\/p>\n<p>Posledn\u00edch 30 dn\u00ed \ue61c<\/p>\n<p>Seznam zpr\u00e1v<\/p>\n<p> WHO: Epidemie \u017elut\u00e9 zimnice v Angole a Kongu skon\u010dila<br \/>\nOPRAVA<br \/>\n \ue602  15.2.2017 19:47:58 <\/p>\n<p> Zeman dnes kritizoval zru\u0161en\u00ed poplatku za hospitalizaci<br \/>\n2.VERZE<br \/>\n \ue603 \ue602 \ue605  15.2.2017 19:04:18 <\/p>\n<p> Ob\u0159\u00edzka m\u016f\u017ee podle v\u011bdc\u016f pomoci v boji proti HIV v Tanzanii  15.2.2017 17:16:43 <\/p>\n<p> U VFN v Praze prasklo potrub\u00ed, des\u00edtky odb\u011bratel\u016f byly bez vody<br \/>\n3.VERZE<br \/>\n  15.2.2017 15:42:38 <\/p>\n<p> Upozorn\u011bn\u00ed, 15.2.: Hostem po\u0159adu 20 minut Radio\u017eurn\u00e1lu bude&#8230;  15.2.2017 15:20:07 <\/p>\n<p> WHO: Epidemie \u017elut\u00e9 zimnice v Angole a Kongu skon\u010dila \ue602  15.2.2017 14:59:29 <\/p>\n<p> Polsk\u00e1 vl\u00e1da chyst\u00e1 z\u00e1kaz voln\u00e9ho p\u0159\u00edstupu k pilulk\u00e1m &#8222;den pot\u00e9&#8220;  15.2.2017 14:37:13 <\/p>\n<p> Ministerstvo upravilo z\u00e1kon, univerzitn\u00edch nemocnic m\u00e1 b\u00fdt deset  15.2.2017 14:34:54 <\/p>\n<p> Z pen\u011bz na zdravotnictv\u00ed \u0161lo v \u010cR na l\u00e9\u010dbu m\u00e9n\u011b ne\u017e jinde v EU<br \/>\nOPRAVA<br \/>\n \ue604  15.2.2017 14:26:56 <\/p>\n<p> U VFN v Praze prasklo potrub\u00ed, des\u00edtky odb\u011bratel\u016f jsou bez vody<br \/>\n2.VERZE<br \/>\n  15.2.2017 14:18:13 <\/p>\n<p> Soudy mohou v \u0159\u00edzen\u00ed o sv\u00e9pr\u00e1vnosti omezit i volebn\u00ed pr\u00e1vo<br \/>\n2.VERZE<br \/>\n  15.2.2017 13:45:28 <\/p>\n<p> Zeman dnes kritizoval zru\u0161en\u00ed poplatku za hospitalizaci  15.2.2017 13:06:41 <\/p>\n<p> L\u00e9\u010dba bolesti zad v Praze<br \/>\nPROTEXT<br \/>\n  15.2.2017 12:00:00 <\/p>\n<p> Z pen\u011bz na zdravotnictv\u00ed \u0161lo v \u010cR na l\u00e9\u010dbu m\u00e9n\u011b ne\u017e jinde v EU  15.2.2017 11:44:48 <\/p>\n<p> Soudy mohou v \u0159\u00edzen\u00ed o sv\u00e9pr\u00e1vnosti omezit i volebn\u00ed pr\u00e1vo  15.2.2017 11:37:34 <\/p>\n<p> Vl\u00e1da zp\u0159\u00edsn\u00ed v\u00fddej l\u00e9ku, kter\u00fd je zneu\u017e\u00edv\u00e1n jako droga \ue603  15.2.2017 11:34:57 <\/p>\n<p> Na b\u00fdval\u00e9ho slavn\u00e9ho plavce Hacketta musel otec zavolat policii  15.2.2017 11:20:00 <\/p>\n<p> Soud ulo\u017eil podm\u00ednku n\u011bkdej\u0161\u00edmu nucen\u00e9mu spr\u00e1vci VZP Pe\u010denkovi<br \/>\n2.VERZE<br \/>\n \ue602  15.2.2017 11:19:50 <\/p>\n<p> Ke\u0148sk\u00fd soud propustil odbor\u00e1\u0159e odsouzen\u00e9 kv\u016fli st\u00e1vce l\u00e9ka\u0159\u016f \ue602  15.2.2017 10:57:49  <\/p>\n","protected":false},"excerpt":{"rendered":"<div class=\"mh-excerpt\"><p>Prezident Milo\u0161 Zeman kritizoval zru\u0161en\u00ed stokorunov\u00e9ho poplatku za hospitalizaci v nemocnici. Podle n\u011bj by pen\u00edze mohly b\u00fdt pou\u017eity na zv\u00fd\u0161en\u00ed plat\u016f pe\u010dovatelek a zdravotn\u00edch sester. <a class=\"mh-excerpt-more\" href=\"https:\/\/www.invarena.cz\/?p=27265\" title=\"Zeman dnes kritizoval zru\u0161en\u00ed poplatku za hospitalizaci\">[&#8230;]<\/a><\/p>\n<\/div>","protected":false},"author":1,"featured_media":2134,"comment_status":"open","ping_status":"closed","sticky":false,"template":"","format":"standard","meta":{"footnotes":""},"categories":[9],"tags":[],"class_list":["post-27265","post","type-post","status-publish","format-standard","has-post-thumbnail","hentry","category-zpravy"],"_links":{"self":[{"href":"https:\/\/www.invarena.cz\/index.php?rest_route=\/wp\/v2\/posts\/27265","targetHints":{"allow":["GET"]}}],"collection":[{"href":"https:\/\/www.invarena.cz\/index.php?rest_route=\/wp\/v2\/posts"}],"about":[{"href":"https:\/\/www.invarena.cz\/index.php?rest_route=\/wp\/v2\/types\/post"}],"author":[{"embeddable":true,"href":"https:\/\/www.invarena.cz\/index.php?rest_route=\/wp\/v2\/users\/1"}],"replies":[{"embeddable":true,"href":"https:\/\/www.invarena.cz\/index.php?rest_route=%2Fwp%2Fv2%2Fcomments&post=27265"}],"version-history":[{"count":0,"href":"https:\/\/www.invarena.cz\/index.php?rest_route=\/wp\/v2\/posts\/27265\/revisions"}],"wp:featuredmedia":[{"embeddable":true,"href":"https:\/\/www.invarena.cz\/index.php?rest_route=\/wp\/v2\/media\/2134"}],"wp:attachment":[{"href":"https:\/\/www.invarena.cz\/index.php?rest_route=%2Fwp%2Fv2%2Fmedia&parent=27265"}],"wp:term":[{"taxonomy":"category","embeddable":true,"href":"https:\/\/www.invarena.cz\/index.php?rest_route=%2Fwp%2Fv2%2Fcategories&post=27265"},{"taxonomy":"post_tag","embeddable":true,"href":"https:\/\/www.invarena.cz\/index.php?rest_route=%2Fwp%2Fv2%2Ftags&post=27265"}],"curies":[{"name":"wp","href":"https:\/\/api.w.org\/{rel}","templated":true}]}}