{"id":27269,"date":"2017-02-15T20:01:29","date_gmt":"2017-02-15T19:01:29","guid":{"rendered":"http:\/\/www.invarena.cz\/?p=27269"},"modified":"2017-02-15T21:10:20","modified_gmt":"2017-02-15T20:10:20","slug":"vlada-zprisni-vydej-leku-ktery-je-zneuzivan-jako-droga","status":"publish","type":"post","link":"https:\/\/www.invarena.cz\/?p=27269","title":{"rendered":"Vl\u00e1da zp\u0159\u00edsn\u00ed v\u00fddej l\u00e9ku, kter\u00fd je zneu\u017e\u00edv\u00e1n jako droga"},"content":{"rendered":"<p>Na seznam n\u00e1vykov\u00fdch l\u00e1tek p\u0159ibude 63 polo\u017eek, u kter\u00fdch hroz\u00ed zneu\u017eit\u00ed k v\u00fdrob\u011b drog. O dne\u0161n\u00edm rozhodnut\u00ed vl\u00e1dy informoval na twitteru mluv\u010d\u00ed kabinetu Martin Ayrer. Opat\u0159en\u00ed se dotkne nap\u0159\u00edklad v\u00fddeje l\u00e9ku na hubnut\u00ed Adipex retard, kter\u00fd je nyn\u00ed mo\u017en\u00e9 v \u010cesku z\u00edskat na b\u011b\u017en\u00fd l\u00e9ka\u0159sk\u00fd p\u0159edpis. L\u00e9k je kv\u016fli obsahu n\u00e1vykov\u00e9 l\u00e1tky fentermin zneu\u017e\u00edv\u00e1n jako droga. Zaznamen\u00e1n byl jeho rostouc\u00ed v\u00fddej v p\u0159\u00edhrani\u010dn\u00edch oblastech s c\u00edlem v\u00fdvozu do sousedn\u00edch st\u00e1t\u016f.<!--more--><\/p>\n<p>photo on stock.xchng <\/p>\n<p>Nov\u011b by m\u011bl b\u00fdt Adipex retard dostupn\u00fd pro pacienty s obezitou jen na recept \u010di \u017e\u00e1danku s modr\u00fdm pruhem, kter\u00fd se pou\u017e\u00edv\u00e1 pro l\u00e9ky obsahuj\u00edc\u00ed n\u00e1vykov\u00e9 l\u00e1tky. Ka\u017ed\u00fd tiskopis l\u00e9ka\u0159sk\u00e9ho p\u0159edpisu s modr\u00fdm pruhem je ve v\u0161ech f\u00e1z\u00edch pou\u017eit\u00ed dlouhodob\u011b evidov\u00e1n, jeho ztr\u00e1ta se mus\u00ed oznamovat policii a obecn\u00edmu \u00fa\u0159adu, kter\u00fd tyto tiskopisy l\u00e9ka\u0159\u016fm vyd\u00e1v\u00e1.<\/p>\n<p>Rozhodnut\u00ed zp\u0159\u00edsnit nakl\u00e1d\u00e1n\u00ed s l\u00e1tkou fentermin, kterou na \u010desk\u00e9m trhu obsahuje pouze l\u00e9k Adipex retard, vych\u00e1z\u00ed podle d\u016fvodov\u00e9 zpr\u00e1vy k materi\u00e1lu z poznatk\u016f St\u00e1tn\u00edho \u00fastavu pro kontrolu l\u00e9\u010div (S\u00daKL) a n\u00e1rodn\u00ed protidrogov\u00e9 centr\u00e1ly o zneu\u017e\u00edv\u00e1n\u00ed t\u00e9to l\u00e1tky. &#8222;Konkr\u00e9tn\u011b z rostouc\u00edho mno\u017estv\u00ed vyd\u00e1van\u00fdch l\u00e9\u010div\u00fdch p\u0159\u00edpravk\u016f Adipex retard ur\u010den\u00fdch nejen pro \u010desk\u00fd trh, ale tak\u00e9 z rostouc\u00edho v\u00fddeje z p\u0159\u00edhrani\u010dn\u00edch oblast\u00ed do sousedn\u00edch st\u00e1t\u016f, kdy v \u0159ad\u011b p\u0159\u00edpad\u016f se jedn\u00e1 o p\u0159\u00edpady p\u0159edlo\u017een\u00fdch pad\u011blan\u00fdch recept\u016f,&#8220; uv\u00e1d\u00ed se v d\u016fvodov\u00e9 zpr\u00e1v\u011b.<\/p>\n<p>Vysokou popt\u00e1vku po p\u0159\u00edpravku podtrhuje podle d\u016fvodov\u00e9 zpr\u00e1vy tak\u00e9 neleg\u00e1ln\u00ed obchod na internetu a vlastn\u00ed zku\u0161enost inspektor\u00e1tu omamn\u00fdch a psychotropn\u00edch l\u00e1tek s p\u0159edlo\u017een\u00fdm pad\u011blkem dovozn\u00edho povolen\u00ed na p\u0159\u00edpravek. Hroz\u00ed tak, \u017ee bude vzr\u016fstat po\u010det lid\u00ed z\u00e1visl\u00fdch na tomto l\u00e9ku. Podle \u00fadaj\u016f S\u00daKL se loni dodalo na \u010desk\u00fd trh asi 86.000 balen\u00ed Adipex retard.<\/p>\n<p>Na\u0159\u00edzen\u00ed vl\u00e1dy celkem upravuje nakl\u00e1d\u00e1n\u00ed se \u0161esti des\u00edtkami l\u00e1tek. V\u011bt\u0161ina za\u0159azovan\u00fdch l\u00e1tek nem\u00e1 podle dokumentu pr\u016fmyslov\u00e9 ani terapeutick\u00e9 vyu\u017eit\u00ed. V sou\u010dasnosti je zn\u00e1m\u00e9 pouze jejich zneu\u017eit\u00ed jako neleg\u00e1ln\u00edch drog. &#8222;Vedle prim\u00e1rn\u00edho c\u00edle, kter\u00fdm je zejm\u00e9na ochrana zdrav\u00ed obyvatel \u010cesk\u00e9 republiky p\u0159ed ne\u017e\u00e1douc\u00edmi \u00fa\u010dinky nov\u00fdch drog a zabr\u00e1n\u011bn\u00ed masivn\u00edmu roz\u0161\u00ed\u0159en\u00ed t\u011bchto nov\u00fdch l\u00e1tek na neleg\u00e1ln\u00edm trhu, p\u0159in\u00e1\u0161\u00ed toto opat\u0159en\u00ed tak\u00e9 sekund\u00e1rn\u00ed efekt. T\u00edm je fakt, \u017ee \u010cesk\u00e1 republika nebude leg\u00e1ln\u00ed vstupn\u00ed branou t\u011bchto l\u00e1tek na spole\u010dn\u00fd evropsk\u00fd trh,&#8220; uv\u00e1d\u00ed dokument. V\u011bt\u0161ina t\u011bchto l\u00e1tek je do unie dov\u00e1\u017eena p\u0159es zemi, kde nen\u00ed nakl\u00e1d\u00e1n\u00ed s nimi regulov\u00e1no. \u0160\u00ed\u0159en\u00ed po unii pak u\u017e nen\u00ed mo\u017en\u00e9 zabr\u00e1nit.<\/p>\n","protected":false},"excerpt":{"rendered":"<div class=\"mh-excerpt\"><p>Na seznam n\u00e1vykov\u00fdch l\u00e1tek p\u0159ibude 63 polo\u017eek, u kter\u00fdch hroz\u00ed zneu\u017eit\u00ed k v\u00fdrob\u011b drog. O dne\u0161n\u00edm rozhodnut\u00ed vl\u00e1dy informoval na twitteru mluv\u010d\u00ed kabinetu Martin Ayrer. <a class=\"mh-excerpt-more\" href=\"https:\/\/www.invarena.cz\/?p=27269\" title=\"Vl\u00e1da zp\u0159\u00edsn\u00ed v\u00fddej l\u00e9ku, kter\u00fd je zneu\u017e\u00edv\u00e1n jako droga\">[&#8230;]<\/a><\/p>\n<\/div>","protected":false},"author":1,"featured_media":27270,"comment_status":"open","ping_status":"closed","sticky":false,"template":"","format":"standard","meta":{"footnotes":""},"categories":[11],"tags":[],"class_list":["post-27269","post","type-post","status-publish","format-standard","has-post-thumbnail","hentry","category-zdravi"],"_links":{"self":[{"href":"https:\/\/www.invarena.cz\/index.php?rest_route=\/wp\/v2\/posts\/27269","targetHints":{"allow":["GET"]}}],"collection":[{"href":"https:\/\/www.invarena.cz\/index.php?rest_route=\/wp\/v2\/posts"}],"about":[{"href":"https:\/\/www.invarena.cz\/index.php?rest_route=\/wp\/v2\/types\/post"}],"author":[{"embeddable":true,"href":"https:\/\/www.invarena.cz\/index.php?rest_route=\/wp\/v2\/users\/1"}],"replies":[{"embeddable":true,"href":"https:\/\/www.invarena.cz\/index.php?rest_route=%2Fwp%2Fv2%2Fcomments&post=27269"}],"version-history":[{"count":0,"href":"https:\/\/www.invarena.cz\/index.php?rest_route=\/wp\/v2\/posts\/27269\/revisions"}],"wp:featuredmedia":[{"embeddable":true,"href":"https:\/\/www.invarena.cz\/index.php?rest_route=\/wp\/v2\/media\/27270"}],"wp:attachment":[{"href":"https:\/\/www.invarena.cz\/index.php?rest_route=%2Fwp%2Fv2%2Fmedia&parent=27269"}],"wp:term":[{"taxonomy":"category","embeddable":true,"href":"https:\/\/www.invarena.cz\/index.php?rest_route=%2Fwp%2Fv2%2Fcategories&post=27269"},{"taxonomy":"post_tag","embeddable":true,"href":"https:\/\/www.invarena.cz\/index.php?rest_route=%2Fwp%2Fv2%2Ftags&post=27269"}],"curies":[{"name":"wp","href":"https:\/\/api.w.org\/{rel}","templated":true}]}}