{"id":27304,"date":"2017-02-25T17:56:35","date_gmt":"2017-02-25T16:56:35","guid":{"rendered":"http:\/\/www.invarena.cz\/?p=27304"},"modified":"2017-02-25T17:56:35","modified_gmt":"2017-02-25T16:56:35","slug":"muj-handicap-neni-prekazka","status":"publish","type":"post","link":"https:\/\/www.invarena.cz\/?p=27304","title":{"rendered":"M\u016fj handicap nen\u00ed p\u0159ek\u00e1\u017eka"},"content":{"rendered":"<p>Je mistr sv\u011bta ve snowboardcrossu nesly\u0161\u00edc\u00edch, a tak\u00e9 v\u00edt\u011bz olympi\u00e1dy sluchov\u011b posti\u017een\u00fdch. Tenhle borec se s t\u00edm ale nespokoj\u00ed! Jede d\u00e1l!<!--more--><\/p>\n<p>Sport m\u00e1 Tom\u00e1\u0161 Pazdera (27) v rodin\u011b. Oba jeho rodi\u010de sportovali a ke sportu ho vedli. V\u016fbec se ne\u0159e\u0161ilo, \u017ee Tom\u00e1\u0161 p\u0159estal po z\u00e1n\u011btu mozkov\u00fdch blan v prvn\u00edm roce sv\u00e9ho v\u011bku sly\u0161et. &#8222;Byl jsem v Sokole a pomalu jsem si vyb\u00edral konkr\u00e9tn\u00ed sport. Za\u010dal jsem tenisem, kter\u00fd m\u016fj t\u00e1ta tr\u00e9noval, a pak jsme dopl\u0148ovali dal\u0161\u00ed sporty jako badminton, volejbal, stoln\u00ed tenis a r\u016fzn\u00e9 m\u00ed\u010dov\u00e9 hry,&#8220; vzpom\u00edn\u00e1 Tom\u00e1\u0161.<br \/>\nBez sportu si dnes neum\u00ed p\u0159edstavit \u017eivot. L\u00e9ta reprezentoval na\u0161e sluchov\u011b posti\u017een\u00e9 sportovce ve vrhu koul\u00ed, h\u00e1zel i kladivem a diskem. V kv\u011btnu 2008 hodil \u0161estikilovou koul\u00ed 15,09 metru, co\u017e byl sv\u011btov\u00fd, evropsk\u00fd i \u010desk\u00fd juniorsk\u00fd rekord nesly\u0161\u00edc\u00edch. O rok pozd\u011bji byl na olympi\u00e1d\u011b sluchov\u011b posti\u017een\u00fdch \u010dili deaflympi\u00e1d\u011b p\u00e1t\u00fd. &#8222;\u0158\u00edkal jsem si, \u017ee je \u010das ukon\u010dit kari\u00e9ru v atletice, ale skon\u010dit se sportem jako takov\u00fdm jsem nemohl. Je nesm\u00edrn\u011b d\u016fle\u017eitou sou\u010d\u00e1st\u00ed m\u00e9ho \u017eivota, prost\u011b se bez n\u011bj neobejdu. Hledal jsem, jak\u00fd bych mohl d\u011blat. Jednou jsme vyrazili s kamar\u00e1dy na hory, a zrovna se tam konal evropsk\u00fd poh\u00e1r ve snowboardingu.<br \/>\nM\u011b to hrozn\u011b zaujalo, oslovil jsem tam prvn\u00ed lidi, kte\u0159\u00ed po\u0159\u00e1dali snowboardcrossov\u00fd kemp. A za\u010dal se snowboardcrossem,&#8220; vzpom\u00edn\u00e1.<br \/>\nUjal se ho Marek Jel\u00ednek, kter\u00fd tr\u00e9nuje na\u0161i sly\u0161\u00edc\u00ed reprezentaci v\u010detn\u011b \u010desk\u00e9 mistryn\u011b Evy Samkov\u00e9. &#8222;Nejd\u0159\u00edv mi v pln\u00e9m nasazen\u00ed trochu br\u00e1nily finan\u010dn\u00ed prost\u0159edky,&#8220; vypr\u00e1v\u00ed Tom\u00e1\u0161. &#8222;Vy\u0159e\u0161il jsme to tak, \u017ee jsem snowboardist\u016fm pom\u00e1hal, d\u011blal jim servis, a oni mi za to t\u0159eba zaplatili ubytov\u00e1n\u00ed nebo skipass. Pom\u00e1h\u00e1 mi i svaz nesly\u0161\u00edc\u00edch sportovc\u016f.&#8220; Sou\u010dasn\u00fd \u0161ampion nedostal nic zadarmo. Je to v\u0161ak velmi c\u00edlev\u011bdom\u00fd \u010dlov\u011bk.<br \/>\nTom\u00e1\u0161 vystudoval sportovn\u00ed marketing, ale nev\u011bnuje se mu. D\u011bl\u00e1 stavebn\u00ed \u00fapravy dom\u016f a byt\u016f. Se z\u00e1kazn\u00edky se domluv\u00ed, pom\u00e1h\u00e1 mu sluchadlo a s mluven\u00edm nem\u00e1 probl\u00e9m, jen hovo\u0159\u00ed o n\u011bco m\u011bk\u010deji, ne\u017e jsme zvykl\u00ed. \u017dije v Praze s p\u0159\u00edtelkyn\u00ed Mark\u00e9tou Maradovou, nesly\u0161\u00edc\u00ed here\u010dkou a fotografkou, se kterou se sezn\u00e1mil na maturitn\u00edm plese sluchov\u011b posti\u017een\u00fdch. Kdy\u017e se v rusk\u00e9m \u0160ukolovu konalo v roce 2013 prvn\u00ed mistrovstv\u00ed sv\u011bta nesly\u0161\u00edc\u00edch ve snowboardcrossu, Tom\u00e1\u0161 zv\u00edt\u011bzil. A dva roky nato na zimn\u00ed deaflympi\u00e1d\u011b z\u00edskal v rusk\u00e9m Chanty-Mansijsku op\u011bt zlato! &#8222;R\u00e1d bych p\u0159\u00ed\u0161t\u00ed rok jel na mistrovstv\u00ed sv\u011bta v Rakousku. Ale pojedu tam slalom, tak piln\u011b tr\u00e9nuju,&#8220; \u0159\u00edk\u00e1 Tom\u00e1\u0161. \u00da\u010dastn\u00ed se i sout\u011b\u017e\u00ed sly\u0161\u00edc\u00edch sportovc\u016f. &#8222;Je tu rozd\u00edl ve schopnosti orientace a ve stabilit\u011b,&#8220; \u0159\u00edk\u00e1. Ale rozhodn\u011b chce st\u00e1le l\u00edp bodovat na \u00bbnorm\u00e1ln\u00edch\u00ab z\u00e1vodech. A<\/p>\n<p>Se sv\u00fdmi z\u00e1kazn\u00edky hovo\u0159\u00ed bez probl\u00e9m\u016f<\/p>\n<p>L. A. Ka\u0161parov\u00e1<br \/>\nRytmus \u017eivota<\/p>\n","protected":false},"excerpt":{"rendered":"<div class=\"mh-excerpt\"><p>Je mistr sv\u011bta ve snowboardcrossu nesly\u0161\u00edc\u00edch, a tak\u00e9 v\u00edt\u011bz olympi\u00e1dy sluchov\u011b posti\u017een\u00fdch. Tenhle borec se s t\u00edm ale nespokoj\u00ed! Jede d\u00e1l!<\/p>\n<\/div>","protected":false},"author":1,"featured_media":14156,"comment_status":"open","ping_status":"closed","sticky":false,"template":"","format":"standard","meta":{"footnotes":""},"categories":[9],"tags":[],"class_list":["post-27304","post","type-post","status-publish","format-standard","has-post-thumbnail","hentry","category-zpravy"],"_links":{"self":[{"href":"https:\/\/www.invarena.cz\/index.php?rest_route=\/wp\/v2\/posts\/27304","targetHints":{"allow":["GET"]}}],"collection":[{"href":"https:\/\/www.invarena.cz\/index.php?rest_route=\/wp\/v2\/posts"}],"about":[{"href":"https:\/\/www.invarena.cz\/index.php?rest_route=\/wp\/v2\/types\/post"}],"author":[{"embeddable":true,"href":"https:\/\/www.invarena.cz\/index.php?rest_route=\/wp\/v2\/users\/1"}],"replies":[{"embeddable":true,"href":"https:\/\/www.invarena.cz\/index.php?rest_route=%2Fwp%2Fv2%2Fcomments&post=27304"}],"version-history":[{"count":0,"href":"https:\/\/www.invarena.cz\/index.php?rest_route=\/wp\/v2\/posts\/27304\/revisions"}],"wp:featuredmedia":[{"embeddable":true,"href":"https:\/\/www.invarena.cz\/index.php?rest_route=\/wp\/v2\/media\/14156"}],"wp:attachment":[{"href":"https:\/\/www.invarena.cz\/index.php?rest_route=%2Fwp%2Fv2%2Fmedia&parent=27304"}],"wp:term":[{"taxonomy":"category","embeddable":true,"href":"https:\/\/www.invarena.cz\/index.php?rest_route=%2Fwp%2Fv2%2Fcategories&post=27304"},{"taxonomy":"post_tag","embeddable":true,"href":"https:\/\/www.invarena.cz\/index.php?rest_route=%2Fwp%2Fv2%2Ftags&post=27304"}],"curies":[{"name":"wp","href":"https:\/\/api.w.org\/{rel}","templated":true}]}}