{"id":27316,"date":"2017-02-22T15:54:56","date_gmt":"2017-02-22T14:54:56","guid":{"rendered":"http:\/\/www.invarena.cz\/?p=27316"},"modified":"2017-02-22T15:54:56","modified_gmt":"2017-02-22T14:54:56","slug":"telesne-postizene-divce-pomaha-novy-automobil","status":"publish","type":"post","link":"https:\/\/www.invarena.cz\/?p=27316","title":{"rendered":"T\u011blesn\u011b posti\u017een\u00e9 d\u00edvce pom\u00e1h\u00e1 nov\u00fd automobil"},"content":{"rendered":"<p><strong>Mlad\u00e1 sportovkyn\u011b Ad\u00e9la Sekyrov\u00e1 d\u00edky nov\u00e9mu vozu cestuje v\u00fdrazn\u011b pohodln\u011bji.<\/strong> <!--more--><\/p>\n<p>Krhov\u00e1 \u2013 Patn\u00e1ctilet\u00e1 Ad\u00e9la Sekyrov\u00e1, juniorsk\u00e1 reprezentantka v hodu diskem a ku\u017eelkou, kter\u00e1 je od narozen\u00ed upoutan\u00e1 na invalidn\u00ed voz\u00edk, jezd\u00ed v nov\u00e9m aut\u011b. Speci\u00e1ln\u011b upraven\u00fd v\u016fz, kter\u00fd sv\u00fdmi rozm\u011bry umo\u017e\u0148uje Ad\u00e9le p\u0159epravu p\u0159\u00edmo na invalidn\u00edm voz\u00edku, vy\u0161el na t\u00e9m\u011b\u0159 750 tis\u00edc.<\/p>\n<p>&#8222;Na nov\u00e9 auto n\u00e1m p\u0159isp\u011bl st\u00e1t a n\u011bkolik nadac\u00ed. St\u00e1t \u010d\u00e1stkou dv\u011b st\u011b tis\u00edc, nadace Agrofert a Agel po pades\u00e1ti tis\u00edc\u00edch. Ze sb\u00edrky Srdce d\u011btem dostala Ad\u00e9la dvacet tis\u00edc, finan\u010dn\u00edm obnosem ji podpo\u0159ilo i Konto bari\u00e9ry,&#8220; vypo\u010d\u00edtal otec Ad\u00e9ly Libor Sekyra.<\/p>\n<p>AUTO NA ZAK\u00c1ZKU VYROBILI V N\u011aMECKU<\/p>\n<p>Z vlastn\u00edch prost\u0159edk\u016f rodina do automobilu investovala n\u011bco p\u0159es dv\u011b st\u011b tis\u00edc korun. Nov\u00fd v\u016fz vyrobili v N\u011bmecku a rodin\u011b p\u0159ivezli na objedn\u00e1vku. Je vybaven\u00fd sklopnou rampou, tak\u017ee rodi\u010de nemusej\u00ed dceru slo\u017eit\u011b p\u0159ekl\u00e1dat na seda\u010dku.<\/p>\n<p>Rodina nyn\u00ed \u0161et\u0159\u00ed i na elektrick\u00fd invalidn\u00ed voz\u00edk, jeho\u017e \u017eivotnost podle Ad\u00e9l\u010dina otce zna\u010dn\u011b trp\u011bla \u010dast\u00fdm demontov\u00e1n\u00edm. &#8222;Auto te\u010f vyu\u017e\u00edv\u00e1me ka\u017edodenn\u011b na p\u0159evoz dcery do \u0161koly, dost \u010dasto k l\u00e9ka\u0159i a samoz\u0159ejm\u011b na tr\u00e9ninky a sportovn\u00ed \u010dinnost, kterou dcera provozuje,&#8220; nechal se sly\u0161et jej\u00ed tat\u00ednek. Pohodln\u011bji se jim p\u0159ev\u00e1\u017e\u00ed i speci\u00e1ln\u00ed vrha\u010dsk\u00e1 stoli\u010dka, na kter\u00e9 Ad\u00e9la p\u0159i hodu ku\u017eelkou sed\u00ed.<\/p>\n<p>\u00dasp\u011b\u0161n\u00e1 mlad\u00e1 reprezentantka se se sv\u00fdm hendikepem dok\u00e1zala s\u017e\u00edt a p\u0159i sportovn\u00edch discipl\u00edn\u00e1ch ze sebe vyd\u00e1v\u00e1 maximum. To potvrdila ji\u017e na mnoha tuzemsk\u00fdch i sv\u011btov\u00fdch sout\u011b\u017e\u00edch. Na sv\u00e9m kont\u011b m\u00e1 nap\u0159\u00edklad bronzovou medaili z mistrovstv\u00ed sv\u011bta junior\u016f v nizozemsk\u00e9m Stadskanaalu. Je atletkou roku 2015, nejlep\u0161\u00ed juniorskou sportovkyn\u00ed olomouck\u00e9ho okresu 2016. Z\u00edskala nap\u0159\u00edklad i bronz na \u010cesk\u00e9m poh\u00e1ru v atletice t\u011blesn\u011b posti\u017een\u00fdch sportovc\u016f.<\/p>\n<p>Ad\u00e9la v sou\u010dasn\u00e9 dob\u011b relaxuje a intenzivn\u011b rehabilituje v l\u00e1zn\u00edch. U\u017e se ale t\u011b\u0161\u00ed na leto\u0161n\u00ed sportovn\u00ed sezonu.<\/p>\n<p>&#8222;Za\u010d\u00e1tkem kv\u011btna pojede na soust\u0159ed\u011bn\u00ed do Nymburka a pak hned 8. kv\u011btna ji \u010dekaj\u00ed prvn\u00ed z\u00e1vody \u010cesk\u00fd poh\u00e1r,&#8220; prozradil jej\u00ed otec. Dodal, \u017ee se krom\u011b spousty dal\u0161\u00edch z\u00e1vod\u016f z\u0159ejm\u011b letos z\u00fa\u010dastn\u00ed i mistrovstv\u00ed sv\u011bta junior\u016f ve \u0160v\u00fdcarsku.<\/p>\n<p>EVA LUK\u00c1\u0160OV\u00c1<br \/>\nVala\u0161sk\u00fd den\u00edk<br \/>\n<a href=\"http:\/\/valassky.denik.cz\/\">http:\/\/valassky.denik.cz\/<\/a><\/p>\n","protected":false},"excerpt":{"rendered":"<div class=\"mh-excerpt\"><p>Mlad\u00e1 sportovkyn\u011b Ad\u00e9la Sekyrov\u00e1 d\u00edky nov\u00e9mu vozu cestuje v\u00fdrazn\u011b pohodln\u011bji.<\/p>\n<\/div>","protected":false},"author":1,"featured_media":0,"comment_status":"open","ping_status":"closed","sticky":false,"template":"","format":"standard","meta":{"footnotes":""},"categories":[9],"tags":[],"class_list":["post-27316","post","type-post","status-publish","format-standard","hentry","category-zpravy"],"_links":{"self":[{"href":"https:\/\/www.invarena.cz\/index.php?rest_route=\/wp\/v2\/posts\/27316","targetHints":{"allow":["GET"]}}],"collection":[{"href":"https:\/\/www.invarena.cz\/index.php?rest_route=\/wp\/v2\/posts"}],"about":[{"href":"https:\/\/www.invarena.cz\/index.php?rest_route=\/wp\/v2\/types\/post"}],"author":[{"embeddable":true,"href":"https:\/\/www.invarena.cz\/index.php?rest_route=\/wp\/v2\/users\/1"}],"replies":[{"embeddable":true,"href":"https:\/\/www.invarena.cz\/index.php?rest_route=%2Fwp%2Fv2%2Fcomments&post=27316"}],"version-history":[{"count":0,"href":"https:\/\/www.invarena.cz\/index.php?rest_route=\/wp\/v2\/posts\/27316\/revisions"}],"wp:attachment":[{"href":"https:\/\/www.invarena.cz\/index.php?rest_route=%2Fwp%2Fv2%2Fmedia&parent=27316"}],"wp:term":[{"taxonomy":"category","embeddable":true,"href":"https:\/\/www.invarena.cz\/index.php?rest_route=%2Fwp%2Fv2%2Fcategories&post=27316"},{"taxonomy":"post_tag","embeddable":true,"href":"https:\/\/www.invarena.cz\/index.php?rest_route=%2Fwp%2Fv2%2Ftags&post=27316"}],"curies":[{"name":"wp","href":"https:\/\/api.w.org\/{rel}","templated":true}]}}