{"id":27320,"date":"2017-02-22T16:01:43","date_gmt":"2017-02-22T15:01:43","guid":{"rendered":"http:\/\/www.invarena.cz\/?p=27320"},"modified":"2017-02-22T16:01:43","modified_gmt":"2017-02-22T15:01:43","slug":"nejlepsim-handicapovanym-sportovcem-byl-vyhlasen-plavec-petracek","status":"publish","type":"post","link":"https:\/\/www.invarena.cz\/?p=27320","title":{"rendered":"Nejlep\u0161\u00edm handicapovan\u00fdm sportovcem byl vyhl\u00e1\u0161en plavec Petr\u00e1\u010dek"},"content":{"rendered":"<p><strong>Plavec Arno\u0161t Petr\u00e1\u010dek se podle o\u010dek\u00e1v\u00e1n\u00ed stal nejlep\u0161\u00edm handicapovan\u00fdm sportovcem \u010cesk\u00e9 republiky za rok 2016. Paralympijsk\u00fd v\u00edt\u011bz z Ria de Janeiro p\u0159evzal cenu pro v\u00edt\u011bze ankety v Praze.<\/strong> <!--more--><\/p>\n<p>Cel\u00fd \u010dl\u00e1nek <a href=\"https:\/\/www.sport.cz\/clanek\/857191-nejlepsim-handicapovanym-sportovcem-byl-vyhlasen-plavec-petracek.html\">ZDE<\/a><\/p>\n","protected":false},"excerpt":{"rendered":"<div class=\"mh-excerpt\"><p>Plavec Arno\u0161t Petr\u00e1\u010dek se podle o\u010dek\u00e1v\u00e1n\u00ed stal nejlep\u0161\u00edm handicapovan\u00fdm sportovcem \u010cesk\u00e9 republiky za rok 2016. Paralympijsk\u00fd v\u00edt\u011bz z Ria de Janeiro p\u0159evzal cenu pro v\u00edt\u011bze <a class=\"mh-excerpt-more\" href=\"https:\/\/www.invarena.cz\/?p=27320\" title=\"Nejlep\u0161\u00edm handicapovan\u00fdm sportovcem byl vyhl\u00e1\u0161en plavec Petr\u00e1\u010dek\">[&#8230;]<\/a><\/p>\n<\/div>","protected":false},"author":1,"featured_media":21009,"comment_status":"open","ping_status":"closed","sticky":false,"template":"","format":"standard","meta":{"footnotes":""},"categories":[9],"tags":[],"class_list":["post-27320","post","type-post","status-publish","format-standard","has-post-thumbnail","hentry","category-zpravy"],"_links":{"self":[{"href":"https:\/\/www.invarena.cz\/index.php?rest_route=\/wp\/v2\/posts\/27320","targetHints":{"allow":["GET"]}}],"collection":[{"href":"https:\/\/www.invarena.cz\/index.php?rest_route=\/wp\/v2\/posts"}],"about":[{"href":"https:\/\/www.invarena.cz\/index.php?rest_route=\/wp\/v2\/types\/post"}],"author":[{"embeddable":true,"href":"https:\/\/www.invarena.cz\/index.php?rest_route=\/wp\/v2\/users\/1"}],"replies":[{"embeddable":true,"href":"https:\/\/www.invarena.cz\/index.php?rest_route=%2Fwp%2Fv2%2Fcomments&post=27320"}],"version-history":[{"count":0,"href":"https:\/\/www.invarena.cz\/index.php?rest_route=\/wp\/v2\/posts\/27320\/revisions"}],"wp:featuredmedia":[{"embeddable":true,"href":"https:\/\/www.invarena.cz\/index.php?rest_route=\/wp\/v2\/media\/21009"}],"wp:attachment":[{"href":"https:\/\/www.invarena.cz\/index.php?rest_route=%2Fwp%2Fv2%2Fmedia&parent=27320"}],"wp:term":[{"taxonomy":"category","embeddable":true,"href":"https:\/\/www.invarena.cz\/index.php?rest_route=%2Fwp%2Fv2%2Fcategories&post=27320"},{"taxonomy":"post_tag","embeddable":true,"href":"https:\/\/www.invarena.cz\/index.php?rest_route=%2Fwp%2Fv2%2Ftags&post=27320"}],"curies":[{"name":"wp","href":"https:\/\/api.w.org\/{rel}","templated":true}]}}