{"id":27324,"date":"2017-02-22T22:58:47","date_gmt":"2017-02-22T21:58:47","guid":{"rendered":"http:\/\/www.invarena.cz\/?p=27324"},"modified":"2017-02-22T23:04:44","modified_gmt":"2017-02-22T22:04:44","slug":"nemocni-duchodci-a-deti-budou-mozna-mene-doplacet-za-leky-2","status":"publish","type":"post","link":"https:\/\/www.invarena.cz\/?p=27324","title":{"rendered":"Nemocn\u00ed d\u016fchodci a d\u011bti budou mo\u017en\u00e1 m\u00e9n\u011b dopl\u00e1cet za l\u00e9ky"},"content":{"rendered":"<p>D\u016fchodci a d\u011bti budou m\u00edt mo\u017en\u00e1 ni\u017e\u0161\u00ed limity pro doplatky za l\u00e9ky. Ro\u010dn\u00ed hranice pro d\u011bti do 18 let a seniory od 65 let by se sn\u00ed\u017eila podle vl\u00e1dn\u00ed novely o ve\u0159ejn\u00e9m zdravotn\u00ed poji\u0161t\u011bn\u00ed z 2500 na 1000 korun, u d\u016fchodc\u016f nad 70 let v\u011bku na 500 korun. P\u0159edlohu v dne\u0161n\u00edm \u00favodn\u00edm kole podpo\u0159ila Sn\u011bmovna, m\u00ed\u0159\u00ed do zdravotnick\u00e9ho v\u00fdboru. Poslanci mluv\u00ed o mo\u017en\u00fdch dal\u0161\u00edch \u00faprav\u00e1ch limitu, p\u0159i jeho\u017e p\u0159ekro\u010den\u00ed poji\u0161\u0165ovny vracej\u00ed pacient\u016fm pen\u00edze, kter\u00e9 za l\u00e9ky zaplat\u00ed nav\u00edc.<!--more--><\/p>\n<p>Navrhovan\u00e9 sn\u00ed\u017een\u00ed limitu by podle ministra zdravotnictv\u00ed Miloslava Ludv\u00edka (\u010cSSD) zv\u00fd\u0161ilo soci\u00e1ln\u00ed citlivost ve\u0159ejn\u00e9ho zdravotn\u00edho poji\u0161t\u011bn\u00ed. Syst\u00e9m, kter\u00fd ro\u010dn\u011b hospoda\u0159\u00ed s \u010d\u00e1stkou kolem 250 miliard korun, by ale podle propo\u010dt\u016f p\u0159i\u0161el zhruba o 440 milion\u016f.<\/p>\n<p>Za p\u0159edvolebn\u00ed v\u00e1bni\u010dku \u010cSSD ozna\u010dila vl\u00e1dn\u00ed p\u0159edlohu poslankyn\u011b vl\u00e1dn\u00edho hnut\u00ed ANO Jana Pastuchov\u00e1. Upozornila na to, \u017ee sn\u00ed\u017een\u00ed se bude t\u00fdkat i lid\u00ed s vysok\u00fdmi p\u0159\u00edjmy, kte\u0159\u00ed \u017e\u00e1dnou \u00falevu nepot\u0159ebuj\u00ed. Poslankyn\u011b soud\u00ed, \u017ee limit pro doplatky by se m\u011bl stanovit podle diagn\u00f3z nebo podle soci\u00e1ln\u00ed situace.<\/p>\n<p>Za c\u00edlen\u011bj\u0161\u00ed nastaven\u00ed limitu se vyslovili i Ji\u0159\u00ed Skalick\u00fd z opozi\u010dn\u00ed TOP 09 a Ludv\u00edk Hovorka z koali\u010dn\u00ed KDU-\u010cSL. &#8222;Bylo by dobr\u00e9 limity zm\u011bnit syst\u00e9mov\u011b, nikoli plo\u0161n\u011b,&#8220; uvedl Skalick\u00fd. Hovorka p\u0159ipomn\u011bl, \u017ee limit byl zaveden jako protiopat\u0159en\u00ed k regula\u010dn\u00edm poplatk\u016fm ve zdravotnictv\u00ed, kter\u00e9 u\u0159 z\u016fstaly jen na pohotovosti. Hranice byla p\u016fvodn\u011b 5000 korun, pak klesla na 2500 korun. &#8222;D\u0159\u00edve \u017e\u00e1dn\u00fd limit nebyl, kdy\u017e \u010dlov\u011bk zaplatil na doplatc\u00edch 30.000 korun za rok, nikdo mu nic nevr\u00e1til,&#8220; poznamenal.<\/p>\n<p>Sn\u00ed\u017een\u00ed limitu m\u00e1 podporu opozi\u010dn\u00ed KS\u010cM. Jej\u00ed poslankyn\u011b So\u0148a Markov\u00e1 ale upozornila na to, \u017ee v t\u00ed\u017eiv\u00e9 soci\u00e1ln\u00ed situaci nemus\u00ed b\u00fdt jen d\u011bti a d\u016fchodci. Takov\u00ed lid\u00e9 by podle n\u00ed nem\u011bli platit doplatky \u017e\u00e1dn\u00e9.<\/p>\n<p>Poslanec ANO Pavel Plz\u00e1k se pozastavil nad rozd\u00edln\u00fdmi \u010d\u00e1stkami, kter\u00e9 si r\u016fzn\u00e9 l\u00e9k\u00e1rny na doplatc\u00edch \u00fa\u010dtuj\u00ed. N\u011bkter\u00e9 podle n\u011bho necht\u011bj\u00ed nic, jin\u00e9 za stejn\u00fd l\u00e9k vyberou i stokoruny. St\u00e1t by se m\u011bl na tuto z\u00e1le\u017eitost zam\u011b\u0159it, podotkl.<\/p>\n<p>Pokud bude novela schv\u00e1lena, nabude \u00fa\u010dinnosti od p\u0159\u00ed\u0161t\u00edho roku.<\/p>\n<\/div>\n<\/div>\n<\/div>\n<p><!--more--><\/p>\n","protected":false},"excerpt":{"rendered":"<div class=\"mh-excerpt\"><p>D\u016fchodci a d\u011bti budou m\u00edt mo\u017en\u00e1 ni\u017e\u0161\u00ed limity pro doplatky za l\u00e9ky. Ro\u010dn\u00ed hranice pro d\u011bti do 18 let a seniory od 65 let by <a class=\"mh-excerpt-more\" href=\"https:\/\/www.invarena.cz\/?p=27324\" title=\"Nemocn\u00ed d\u016fchodci a d\u011bti budou mo\u017en\u00e1 m\u00e9n\u011b dopl\u00e1cet za l\u00e9ky\">[&#8230;]<\/a><\/p>\n<\/div>","protected":false},"author":1,"featured_media":915,"comment_status":"open","ping_status":"closed","sticky":false,"template":"","format":"standard","meta":{"footnotes":""},"categories":[9],"tags":[],"class_list":["post-27324","post","type-post","status-publish","format-standard","has-post-thumbnail","hentry","category-zpravy"],"_links":{"self":[{"href":"https:\/\/www.invarena.cz\/index.php?rest_route=\/wp\/v2\/posts\/27324","targetHints":{"allow":["GET"]}}],"collection":[{"href":"https:\/\/www.invarena.cz\/index.php?rest_route=\/wp\/v2\/posts"}],"about":[{"href":"https:\/\/www.invarena.cz\/index.php?rest_route=\/wp\/v2\/types\/post"}],"author":[{"embeddable":true,"href":"https:\/\/www.invarena.cz\/index.php?rest_route=\/wp\/v2\/users\/1"}],"replies":[{"embeddable":true,"href":"https:\/\/www.invarena.cz\/index.php?rest_route=%2Fwp%2Fv2%2Fcomments&post=27324"}],"version-history":[{"count":0,"href":"https:\/\/www.invarena.cz\/index.php?rest_route=\/wp\/v2\/posts\/27324\/revisions"}],"wp:featuredmedia":[{"embeddable":true,"href":"https:\/\/www.invarena.cz\/index.php?rest_route=\/wp\/v2\/media\/915"}],"wp:attachment":[{"href":"https:\/\/www.invarena.cz\/index.php?rest_route=%2Fwp%2Fv2%2Fmedia&parent=27324"}],"wp:term":[{"taxonomy":"category","embeddable":true,"href":"https:\/\/www.invarena.cz\/index.php?rest_route=%2Fwp%2Fv2%2Fcategories&post=27324"},{"taxonomy":"post_tag","embeddable":true,"href":"https:\/\/www.invarena.cz\/index.php?rest_route=%2Fwp%2Fv2%2Ftags&post=27324"}],"curies":[{"name":"wp","href":"https:\/\/api.w.org\/{rel}","templated":true}]}}