{"id":27337,"date":"2017-02-23T21:43:19","date_gmt":"2017-02-23T20:43:19","guid":{"rendered":"http:\/\/www.invarena.cz\/?p=27337"},"modified":"2017-02-23T21:43:46","modified_gmt":"2017-02-23T20:43:46","slug":"take-letos-gsk-fond-rozdeli-granty-za-750-000-kc","status":"publish","type":"post","link":"https:\/\/www.invarena.cz\/?p=27337","title":{"rendered":"TAK\u00c9 LETOS GSK FOND ROZD\u011aL\u00cd GRANTY ZA 750 000 K\u010c"},"content":{"rendered":"<p>GSK fond (d\u0159\u00edve Nada\u010dn\u00ed fond GSK) op\u011bt vypisuje grantov\u00e9 \u0159\u00edzen\u00ed pro neziskov\u00e9 organizace. Tak\u00e9 letos se podpora soust\u0159ed\u00ed na projekty zam\u011b\u0159en\u00e9 na pomoc senior\u016fm, nemocn\u00fdm a hendikepovan\u00fdm lidem. Celkem bude v leto\u0161n\u00edm ro\u010dn\u00edku rozd\u011bleno 750 tis\u00edc K\u010d. <!--more--><\/p>\n<p>Uz\u00e1v\u011brka p\u0159ihl\u00e1\u0161ek do 1. kola je 10. b\u0159ezna 2017. Vybran\u00e9 projekty n\u00e1sledn\u011b postupuj\u00ed do druh\u00e9ho kola, kter\u00e9 se uskute\u010dn\u00ed v dubnu. V\u00fdsledky budou vyhl\u00e1\u0161eny 5. kv\u011btna 2017.<\/p>\n<p>Kdo se m\u016f\u017ee p\u0159ihl\u00e1sit?<\/p>\n<p>Fond GSK podporuje dlouhodob\u00e9 projekty, kter\u00e9 pom\u00e1haj\u00ed vy\u0159e\u0161it ur\u010dit\u00fd aktu\u00e1ln\u00ed spole\u010densk\u00fd probl\u00e9m nebo p\u0159isp\u00edvaj\u00ed k celospole\u010densk\u00e9 zm\u011bn\u011b v dan\u00e9 oblasti. \u201eD\u016fraz klademe rovn\u011b\u017e na v\u00fdsledek, kter\u00fd by m\u011bl b\u00fdt n\u011bkde vid\u011bt nebo j\u00edt zm\u011b\u0159it, a celkovou efektivitu projektu. Smysl vid\u00edme nap\u0159\u00edklad v podpo\u0159e projekt\u016f zam\u011b\u0159en\u00fdch na vzd\u011bl\u00e1v\u00e1n\u00ed neziskov\u00fdch organizac\u00ed, poskytov\u00e1n\u00ed odleh\u010dovac\u00edch slu\u017eeb rodin\u00e1m v\u00e1\u017en\u011b nemocn\u00fdch \u010di handicapovan\u00fdch osob \u010di aktivit pro seniory a hendikepovan\u00e9 vedouc\u00ed ke zvy\u0161ov\u00e1n\u00ed zdravotn\u00ed gramotnosti a zlep\u0161uj\u00edc\u00ed jejich t\u011blesn\u00e9 i psychick\u00e9 zdrav\u00ed,\u201c \u0159\u00edk\u00e1 Emma Boishardy, gener\u00e1ln\u00ed<\/p>\n<p>\u0159editelka GSK Pharmaceuticals. Do grantov\u00e9ho \u0159\u00edzen\u00ed se m\u016f\u017ee p\u0159ihl\u00e1sit kter\u00e1koliv nest\u00e1tn\u00ed neziskov\u00e1 organizace nebo pr\u00e1vnick\u00e1 osoba, kter\u00e1 prok\u00e1\u017ee alespo\u0148 dvoulet\u00e9 provozov\u00e1n\u00ed \u010dinnosti, p\u0159i\u010dem\u017e nesm\u00ed b\u00fdt v konkurzu \u010di insolvenci. Finan\u010dn\u00ed p\u0159\u00edsp\u011bvek nesm\u00ed p\u0159ekro\u010dit 90 % z celkov\u00e9ho rozpo\u010dtu projektu a 25 % z pr\u016fm\u011brn\u00e9ho celkov\u00e9ho ro\u010dn\u00edho rozpo\u010dtu organizace. Formul\u00e1\u0159 \u017e\u00e1dosti a n\u00e1vod jak postupovat jsou k dispozici na webu www.nadacnifondgsk.cz.<\/p>\n<p>Pr\u016fb\u011bh grantov\u00e9ho \u0159\u00edzen\u00ed a vyhodnocen\u00ed projekt\u016f<\/p>\n<p>Vyhl\u00e1\u0161en\u00ed v\u00fdsledk\u016f 1. kola prob\u011bhne 10. dubna 2017. Projekty, kter\u00e9 postoup\u00ed do druh\u00e9ho kola, budou jejich auto\u0159i prezentovat grantov\u00e9 komisi v s\u00eddle spole\u010dnosti GSK v Praze v t\u00fddnu od 24. \u2013 28. dubna 2017. V\u00fdsledky budou vyhl\u00e1\u0161eny 5. kv\u011btna 2017. Samotn\u00e9 realizace vybran\u00fdch projekt\u016f by m\u011bly prob\u00edhat od 1. \u010dervna do konce roku 2017. V lo\u0148sk\u00e9m roce se do grantov\u00e9ho \u0159\u00edzen\u00ed p\u0159ihl\u00e1silo celkem 107 projekt\u016f, ze kter\u00fdch bylo osm vybr\u00e1no do druh\u00e9ho kola. Po jejich p\u0159edstaven\u00ed se grantov\u00e1 komise jednohlasn\u011b shodla, \u017ee v\u0161ech osm podpo\u0159\u00ed. Grant tak z\u00edskaly nap\u0159\u00edklad projekt \u201eS motomedem cvi\u010d\u00edme pro sebe i druh\u00e9\u201c Domova svat\u00e9ho Josefa zam\u011b\u0159en\u00fd na specializovanou rehabilitaci pro lidi s roztrou\u0161enou skler\u00f3zou nebo projekt neziskov\u00e9 organizace Cesta Dom\u016f zam\u011b\u0159en\u00fd na podporu rodin pe\u010duj\u00edc\u00edch o t\u011b\u017ece nemocn\u00e9 seniory v dom\u00e1c\u00edm prost\u0159ed\u00ed.<\/p>\n","protected":false},"excerpt":{"rendered":"<div class=\"mh-excerpt\"><p>GSK fond (d\u0159\u00edve Nada\u010dn\u00ed fond GSK) op\u011bt vypisuje grantov\u00e9 \u0159\u00edzen\u00ed pro neziskov\u00e9 organizace. Tak\u00e9 letos se podpora soust\u0159ed\u00ed na projekty zam\u011b\u0159en\u00e9 na pomoc senior\u016fm, nemocn\u00fdm <a class=\"mh-excerpt-more\" href=\"https:\/\/www.invarena.cz\/?p=27337\" title=\"TAK\u00c9 LETOS GSK FOND ROZD\u011aL\u00cd GRANTY ZA 750 000 K\u010c\">[&#8230;]<\/a><\/p>\n<\/div>","protected":false},"author":1,"featured_media":14227,"comment_status":"open","ping_status":"closed","sticky":false,"template":"","format":"standard","meta":{"footnotes":""},"categories":[9],"tags":[],"class_list":["post-27337","post","type-post","status-publish","format-standard","has-post-thumbnail","hentry","category-zpravy"],"_links":{"self":[{"href":"https:\/\/www.invarena.cz\/index.php?rest_route=\/wp\/v2\/posts\/27337","targetHints":{"allow":["GET"]}}],"collection":[{"href":"https:\/\/www.invarena.cz\/index.php?rest_route=\/wp\/v2\/posts"}],"about":[{"href":"https:\/\/www.invarena.cz\/index.php?rest_route=\/wp\/v2\/types\/post"}],"author":[{"embeddable":true,"href":"https:\/\/www.invarena.cz\/index.php?rest_route=\/wp\/v2\/users\/1"}],"replies":[{"embeddable":true,"href":"https:\/\/www.invarena.cz\/index.php?rest_route=%2Fwp%2Fv2%2Fcomments&post=27337"}],"version-history":[{"count":0,"href":"https:\/\/www.invarena.cz\/index.php?rest_route=\/wp\/v2\/posts\/27337\/revisions"}],"wp:featuredmedia":[{"embeddable":true,"href":"https:\/\/www.invarena.cz\/index.php?rest_route=\/wp\/v2\/media\/14227"}],"wp:attachment":[{"href":"https:\/\/www.invarena.cz\/index.php?rest_route=%2Fwp%2Fv2%2Fmedia&parent=27337"}],"wp:term":[{"taxonomy":"category","embeddable":true,"href":"https:\/\/www.invarena.cz\/index.php?rest_route=%2Fwp%2Fv2%2Fcategories&post=27337"},{"taxonomy":"post_tag","embeddable":true,"href":"https:\/\/www.invarena.cz\/index.php?rest_route=%2Fwp%2Fv2%2Ftags&post=27337"}],"curies":[{"name":"wp","href":"https:\/\/api.w.org\/{rel}","templated":true}]}}