{"id":27339,"date":"2017-02-24T18:25:30","date_gmt":"2017-02-24T17:25:30","guid":{"rendered":"http:\/\/www.invarena.cz\/?p=27339"},"modified":"2017-02-24T18:25:30","modified_gmt":"2017-02-24T17:25:30","slug":"rodice-deti-poskozenych-ockovanim-by-se-mohli-dockat-odskodneni","status":"publish","type":"post","link":"https:\/\/www.invarena.cz\/?p=27339","title":{"rendered":"Rodi\u010de d\u011bt\u00ed po\u0161kozen\u00fdch o\u010dkov\u00e1n\u00edm by se mohli do\u010dkat od\u0161kodn\u011bn\u00ed"},"content":{"rendered":"<p>Rodi\u010de d\u011bt\u00ed v\u00e1\u017en\u011b po\u0161kozen\u00fdch povinn\u00fdm o\u010dkov\u00e1n\u00edm mo\u017en\u00e1 po letech z\u00edskaj\u00ed n\u00e1rok na od\u0161kodn\u011bn\u00ed od st\u00e1tu. Sn\u011bmovna by to mohla uz\u00e1konit v r\u00e1mci vl\u00e1dn\u00ed novely o specifick\u00fdch zdravotn\u00edch slu\u017eb\u00e1ch. Navrhl to dnes poslanec TOP 09 a STAN Jan Farsk\u00fd v reakci na to, \u017ee ministerstvo zdravotnictv\u00ed zat\u00edm takovouto \u00fapravu nep\u0159edlo\u017eilo, a\u010d to u\u017e p\u0159edloni sl\u00edbilo.<!--more--><\/p>\n<p> Ministr zdravotnictv\u00ed Miloslav Ludv\u00edk (\u010cSSD) v\u00fdtku ani n\u00e1vrh bezprost\u0159edn\u011b nijak nekomentoval.<\/p>\n<p>Poslanc\u016fv n\u00e1vrh po\u010d\u00edt\u00e1 s t\u00edm, \u017ee &#8222;za \u00fajmu nikoli zanedbatelnou&#8220;, kter\u00e1 by byla zp\u016fsobena v souvislosti s o\u010dkov\u00e1n\u00edm, nese odpov\u011bdnost st\u00e1t. Od\u0161kodn\u011bn\u00ed za tuto \u00fajmu by m\u011blo b\u00fdt podle Farsk\u00e9ho stanoveno podle z\u00e1kona o odpov\u011bdnosti st\u00e1tu za nespr\u00e1vn\u00fd \u00fa\u0159edn\u00ed postup a za pou\u017eit\u00ed ob\u010dansk\u00e9ho z\u00e1kon\u00edku.<\/p>\n<p>Ministerstvo zdravotnictv\u00ed \u00fasty sv\u00e9 mluv\u010d\u00ed u\u017e loni v srpnu p\u0159isl\u00edbilo uz\u00e1konit zodpov\u011bdnost st\u00e1tu za po\u0161kozen\u00ed zdrav\u00ed d\u011bt\u00ed povinn\u00fdm o\u010dkov\u00e1n\u00edm, je\u017e nezp\u016fsob\u00ed chyba l\u00e9ka\u0159e \u010di vadn\u00e1 vakc\u00edna. P\u0159\u00edslib souvisel s doporu\u010den\u00edm Nejvy\u0161\u0161\u00edho soudu na z\u00e1klad\u011b p\u0159\u00edpadu d\u00edvky, kter\u00e1 po o\u010dkov\u00e1n\u00ed proti TBC m\u011bla t\u011b\u017ek\u00fd z\u00e1n\u011bt ky\u010deln\u00edho kloubu. Novou \u00fapravu cht\u011blo ministerstvo podle sv\u00e9 mluv\u010d\u00ed p\u0159ipravit loni tak, aby mohla platit u\u017e od leto\u0161n\u00edho roku.<\/p>\n<p>V \u010cesku jsou d\u011bti povinn\u011b o\u010dkov\u00e1ny proti dev\u00edti nemocem, v\u010detn\u011b nepovinn\u00fdch vakc\u00edn je to ro\u010dn\u011b milion d\u00e1vek. L\u00e9kov\u00fd \u00fastav m\u00e1 ro\u010dn\u011b hl\u00e1\u0161eno do 600 m\u00edrn\u00fdch vedlej\u0161\u00edch \u00fa\u010dink\u016f a u \u010dty\u0159 a\u017e p\u011bti d\u011bt\u00ed v\u00e1\u017en\u00e9 n\u00e1sledky. Kv\u016fli t\u011bmto zdravotn\u00edm rizik\u016fm se \u010d\u00e1st rodi\u010d\u016f povinn\u00e9mu o\u010dkov\u00e1n\u00ed sv\u00fdch d\u011bt\u00ed br\u00e1n\u00ed. Povinnost o\u010dkov\u00e1n\u00ed a vysokou m\u00edru o\u010dkov\u00e1n\u00ed d\u011bt\u00ed nicm\u00e9n\u011b ministerstvo obhajuje ochranou zdrav\u00ed cel\u00e9 spole\u010dnosti. Proti infekci jsou tak chr\u00e1n\u011bni i ti, kte\u0159\u00ed ze zdravotn\u00edch d\u016fvod\u016f o\u010dkov\u00e1ni b\u00fdt nemohou.<\/p>\n","protected":false},"excerpt":{"rendered":"<div class=\"mh-excerpt\"><p>Rodi\u010de d\u011bt\u00ed v\u00e1\u017en\u011b po\u0161kozen\u00fdch povinn\u00fdm o\u010dkov\u00e1n\u00edm mo\u017en\u00e1 po letech z\u00edskaj\u00ed n\u00e1rok na od\u0161kodn\u011bn\u00ed od st\u00e1tu. Sn\u011bmovna by to mohla uz\u00e1konit v r\u00e1mci vl\u00e1dn\u00ed novely o <a class=\"mh-excerpt-more\" href=\"https:\/\/www.invarena.cz\/?p=27339\" title=\"Rodi\u010de d\u011bt\u00ed po\u0161kozen\u00fdch o\u010dkov\u00e1n\u00edm by se mohli do\u010dkat od\u0161kodn\u011bn\u00ed\">[&#8230;]<\/a><\/p>\n<\/div>","protected":false},"author":1,"featured_media":14171,"comment_status":"open","ping_status":"closed","sticky":false,"template":"","format":"standard","meta":{"footnotes":""},"categories":[9],"tags":[],"class_list":["post-27339","post","type-post","status-publish","format-standard","has-post-thumbnail","hentry","category-zpravy"],"_links":{"self":[{"href":"https:\/\/www.invarena.cz\/index.php?rest_route=\/wp\/v2\/posts\/27339","targetHints":{"allow":["GET"]}}],"collection":[{"href":"https:\/\/www.invarena.cz\/index.php?rest_route=\/wp\/v2\/posts"}],"about":[{"href":"https:\/\/www.invarena.cz\/index.php?rest_route=\/wp\/v2\/types\/post"}],"author":[{"embeddable":true,"href":"https:\/\/www.invarena.cz\/index.php?rest_route=\/wp\/v2\/users\/1"}],"replies":[{"embeddable":true,"href":"https:\/\/www.invarena.cz\/index.php?rest_route=%2Fwp%2Fv2%2Fcomments&post=27339"}],"version-history":[{"count":0,"href":"https:\/\/www.invarena.cz\/index.php?rest_route=\/wp\/v2\/posts\/27339\/revisions"}],"wp:featuredmedia":[{"embeddable":true,"href":"https:\/\/www.invarena.cz\/index.php?rest_route=\/wp\/v2\/media\/14171"}],"wp:attachment":[{"href":"https:\/\/www.invarena.cz\/index.php?rest_route=%2Fwp%2Fv2%2Fmedia&parent=27339"}],"wp:term":[{"taxonomy":"category","embeddable":true,"href":"https:\/\/www.invarena.cz\/index.php?rest_route=%2Fwp%2Fv2%2Fcategories&post=27339"},{"taxonomy":"post_tag","embeddable":true,"href":"https:\/\/www.invarena.cz\/index.php?rest_route=%2Fwp%2Fv2%2Ftags&post=27339"}],"curies":[{"name":"wp","href":"https:\/\/api.w.org\/{rel}","templated":true}]}}