{"id":27357,"date":"2017-02-26T22:07:41","date_gmt":"2017-02-26T21:07:41","guid":{"rendered":"http:\/\/www.invarena.cz\/?p=27357"},"modified":"2017-02-26T22:11:39","modified_gmt":"2017-02-26T21:11:39","slug":"v-rakousku-porodil-muz-ktery-byl-pred-zmenou-pohlavi-zenou","status":"publish","type":"post","link":"https:\/\/www.invarena.cz\/?p=27357","title":{"rendered":"V Rakousku porodil mu\u017e, kter\u00fd byl p\u0159ed zm\u011bnou pohlav\u00ed \u017eenou"},"content":{"rendered":"<p>V Rakousku p\u0159ivedl na sv\u011bt d\u00edt\u011b mu\u017e, kter\u00fd byl p\u0159ed zm\u011bnou pohlav\u00ed \u017eenou. Podle agentury APA to dnes napsal list Kleine Zeitung. Nejde sice o prvn\u00ed takov\u00fd p\u0159\u00edpad na sv\u011bt\u011b, nicm\u00e9n\u011b se st\u00e1le jedn\u00e1 o v\u00fdjime\u010dnou ud\u00e1lost.<!--more--><\/p>\n<p>Rodina se nechce k z\u00e1le\u017eitosti vyjad\u0159ovat. Podle den\u00edku byl potomek zplozen &#8222;p\u0159irozenou cestou&#8220; a porod se uskute\u010dnil v oblasti \u0160t\u00fdrsk\u00e9ho Hradce na jihu Rakouska. \u017dena, je\u017e si zm\u011bnila pohlav\u00ed na mu\u017ee, proto\u017ee se c\u00edtila b\u00fdt mu\u017eem mm\u00e1 d\u00edt\u011b s mu\u017eem, se kter\u00fdm \u017eije. <\/p>\n<p>List tak\u00e9 uvedl, \u017ee p\u0159em\u011bna \u017eeny v mu\u017ee byla ofici\u00e1ln\u011b zaznamen\u00e1na v matrice.<\/p>\n<p>Na sv\u011bt\u011b je zn\u00e1mo jen n\u011bkolik podobn\u00fdch p\u0159\u00edpad\u016f. Takov\u00e9 t\u011bhotenstv\u00ed a porod jsou mo\u017en\u00e9, proto\u017ee \u017eeny si p\u0159i zm\u011bn\u011b pohlav\u00ed mohou ponechat d\u011blohu. Kleine Zeitung poznamenal, \u017ee dv\u011b t\u0159etiny zm\u011bn pohlav\u00ed se t\u00fdkaj\u00ed \u017een, kter\u00e9 se cht\u011bj\u00ed st\u00e1t mu\u017ei.<\/p>\n","protected":false},"excerpt":{"rendered":"<div class=\"mh-excerpt\"><p>V Rakousku p\u0159ivedl na sv\u011bt d\u00edt\u011b mu\u017e, kter\u00fd byl p\u0159ed zm\u011bnou pohlav\u00ed \u017eenou. Podle agentury APA to dnes napsal list Kleine Zeitung. Nejde sice o <a class=\"mh-excerpt-more\" href=\"https:\/\/www.invarena.cz\/?p=27357\" title=\"V Rakousku porodil mu\u017e, kter\u00fd byl p\u0159ed zm\u011bnou pohlav\u00ed \u017eenou\">[&#8230;]<\/a><\/p>\n<\/div>","protected":false},"author":1,"featured_media":14074,"comment_status":"open","ping_status":"closed","sticky":false,"template":"","format":"standard","meta":{"footnotes":""},"categories":[9],"tags":[],"class_list":["post-27357","post","type-post","status-publish","format-standard","has-post-thumbnail","hentry","category-zpravy"],"_links":{"self":[{"href":"https:\/\/www.invarena.cz\/index.php?rest_route=\/wp\/v2\/posts\/27357","targetHints":{"allow":["GET"]}}],"collection":[{"href":"https:\/\/www.invarena.cz\/index.php?rest_route=\/wp\/v2\/posts"}],"about":[{"href":"https:\/\/www.invarena.cz\/index.php?rest_route=\/wp\/v2\/types\/post"}],"author":[{"embeddable":true,"href":"https:\/\/www.invarena.cz\/index.php?rest_route=\/wp\/v2\/users\/1"}],"replies":[{"embeddable":true,"href":"https:\/\/www.invarena.cz\/index.php?rest_route=%2Fwp%2Fv2%2Fcomments&post=27357"}],"version-history":[{"count":0,"href":"https:\/\/www.invarena.cz\/index.php?rest_route=\/wp\/v2\/posts\/27357\/revisions"}],"wp:featuredmedia":[{"embeddable":true,"href":"https:\/\/www.invarena.cz\/index.php?rest_route=\/wp\/v2\/media\/14074"}],"wp:attachment":[{"href":"https:\/\/www.invarena.cz\/index.php?rest_route=%2Fwp%2Fv2%2Fmedia&parent=27357"}],"wp:term":[{"taxonomy":"category","embeddable":true,"href":"https:\/\/www.invarena.cz\/index.php?rest_route=%2Fwp%2Fv2%2Fcategories&post=27357"},{"taxonomy":"post_tag","embeddable":true,"href":"https:\/\/www.invarena.cz\/index.php?rest_route=%2Fwp%2Fv2%2Ftags&post=27357"}],"curies":[{"name":"wp","href":"https:\/\/api.w.org\/{rel}","templated":true}]}}