{"id":27358,"date":"2017-02-26T22:35:35","date_gmt":"2017-02-26T21:35:35","guid":{"rendered":"http:\/\/www.invarena.cz\/?p=27358"},"modified":"2017-02-26T22:35:35","modified_gmt":"2017-02-26T21:35:35","slug":"baron-trenck-bude-mit-virtualni-3d-model-odbornici-prozkoumali-jeho-mumii","status":"publish","type":"post","link":"https:\/\/www.invarena.cz\/?p=27358","title":{"rendered":"Baron Trenck bude m\u00edt virtu\u00e1ln\u00ed 3D model. Odborn\u00edci prozkoumali jeho mumii"},"content":{"rendered":"<p>Jak p\u0159esn\u011b vypadal slavn\u00fd baron Trenck? Jak jeho zdrav\u00ed ovlivnila zran\u011bn\u00ed, kter\u00e1 za sv\u00e9ho divok\u00e9ho \u017eivota utrp\u011bl? V jak\u00e9m stavu je jeho mumifikovan\u00e9 t\u011blo, kter\u00e9 u\u017e t\u00e9m\u011b\u0159 270 let le\u017e\u00ed v brn\u011bnsk\u00e9 kapuc\u00ednsk\u00e9 hrobce? Na tyhle ot\u00e1zky odpov\u00ed t\u00fdm brn\u011bnsk\u00fdch odborn\u00edk\u016f. U p\u0159\u00edle\u017eitosti bl\u00ed\u017e\u00edc\u00edho se kulat\u00e9ho v\u00fdro\u010d\u00ed smrti barona Trencka chystaj\u00ed v\u00fdjime\u010dn\u00fd projekt, jeho\u017e v\u00fdsledkem bude 3D model Trenckovy podoby. V sobotu 25. \u00fanora proto v\u011bdci Trenckovu mumii m\u011b\u0159ili a scanovali.<!--more--><\/p>\n<p>Na projektu s n\u00e1zvem \u201eAntropologick\u00fd, soudn\u011b-l\u00e9ka\u0159sk\u00fd a historick\u00fd v\u00fdzkum mumie barona Trencka\u201c spolupracuje Muzeum m\u011bsta Brna (MuMB) s Kapuc\u00ednskou hrobkou v Brn\u011b, Masarykovou univerzitou (MU) a Fakultn\u00ed nemocnic\u00ed Brno. Odborn\u00edci v sobotu 25. \u00fanora p\u0159\u00edmo v rakvi v hrobce provedli fotogrammetrickou dokumentaci, n\u00e1sledn\u011b mumii p\u0159evezli do Fakultn\u00ed nemocnice, kde mumii vy\u0161et\u0159ili modern\u00edmi neinvazivn\u00edmi radiodiagnostick\u00fdmi metodami. Toto \u201escanov\u00e1n\u00ed mumie\u201c vedl prof. MUDr. Vlastimil V\u00e1lek, CSc., MBA, EBIR, kter\u00fd pat\u0159\u00ed mezi p\u0159edn\u00ed sv\u011btov\u00e9 radiology. Je vedouc\u00edm Katedry zobrazovac\u00edch metod L\u00e9ka\u0159sk\u00e9 fakulty MU, p\u0159edsedou Radiologick\u00e9 spole\u010dnosti a tak\u00e9 p\u0159ednostou vysoce odborn\u00e9 a presti\u017en\u00ed Kliniky radiologie a nukle\u00e1rn\u00ed medic\u00edny Fakultn\u00ed nemocnice Brno. Ta dnes pat\u0159\u00ed mezi l\u00eddry v ultrazvukov\u00e9 diagnostice, dosahuje mimo\u0159\u00e1dn\u00fdch v\u00fdsledk\u016f v onkologick\u00e9 diagnostice, ve vy\u0161et\u0159en\u00edch po\u010d\u00edta\u010dovou tomografi\u00ed a magnetickou rezonanc\u00ed. Sv\u00e9 zku\u0161enosti uplatnil prof. V\u00e1lek i p\u0159i v\u00fdzkumu mumie barona Trencka. \u201eBylo pro m\u011b p\u0159ekvapen\u00edm, \u017ee i t\u00e9m\u011b\u0159 po 300 letech je t\u011blo pom\u011brn\u011b dob\u0159e zachovan\u00e9 a \u017ee krom\u011b kost\u00ed jsou v n\u011bm vid\u011bt dal\u0161\u00ed struktury jako \u0161lachy. Ale chyb\u00ed mu n\u011bkolik \u010dl\u00e1nk\u016f prst\u016f,\u201c \u0159\u00edk\u00e1 prof. V\u00e1lek.<\/p>\n<p>V\u00fdsledky n\u00e1ro\u010dn\u00e9ho b\u00e1d\u00e1n\u00ed budou odborn\u00edci z Odd\u011blen\u00ed historie MuMB konfrontovat s historick\u00fdmi zpr\u00e1vami o Trenckov\u011b \u017eivot\u011b. \u201ePo scanov\u00e1n\u00ed je z\u0159ejm\u00e9, \u017ee v t\u011ble nen\u00ed \u017e\u00e1dn\u00fd projektil, co\u017e vyvrac\u00ed jednu legendu, \u017ee mu po z\u00e1sahu z\u016fstala st\u0159ela v t\u011ble,\u201c podotkl Mgr. Petr Vach\u016ft z MuMB. Jedn\u00edm z v\u00fdstup\u016f b\u00e1d\u00e1n\u00ed bude virtu\u00e1ln\u00ed 3D rekonstrukce baronova t\u011bla i obli\u010deje. Zaj\u00edmav\u00e9 bude srovn\u00e1n\u00ed s Trenckov\u00fdmi vyobrazen\u00edmi, kter\u00e1 vznikala a\u017e po jeho smrti. Jeden z nejzn\u00e1m\u011bj\u0161\u00edch brn\u011bnsk\u00fdch v\u011bz\u0148\u016f, svobodn\u00fd p\u00e1n Franti\u0161ek Trenck, byl vojensk\u00fdm velitelem, vedl pandury, usp\u011bl tak\u00e9 ve v\u00e1lk\u00e1ch o d\u011bdictv\u00ed rakousk\u00e9. \u00dadajn\u011b to byl v\u00e1\u0161niv\u00fd bojovn\u00edk s prudkou emotivn\u00ed povahou, kter\u00e1 mu nad\u011blala mnoho nep\u0159\u00e1tel. Po s\u00e9rii intrik byl roku 1745 odsouzen k trestu smrti, kter\u00fd Marie Terezie nechala <\/p>\n","protected":false},"excerpt":{"rendered":"<div class=\"mh-excerpt\"><p>Jak p\u0159esn\u011b vypadal slavn\u00fd baron Trenck? Jak jeho zdrav\u00ed ovlivnila zran\u011bn\u00ed, kter\u00e1 za sv\u00e9ho divok\u00e9ho \u017eivota utrp\u011bl? V jak\u00e9m stavu je jeho mumifikovan\u00e9 t\u011blo, kter\u00e9 <a class=\"mh-excerpt-more\" href=\"https:\/\/www.invarena.cz\/?p=27358\" title=\"Baron Trenck bude m\u00edt virtu\u00e1ln\u00ed 3D model. Odborn\u00edci prozkoumali jeho mumii\">[&#8230;]<\/a><\/p>\n<\/div>","protected":false},"author":1,"featured_media":12567,"comment_status":"open","ping_status":"closed","sticky":false,"template":"","format":"standard","meta":{"footnotes":""},"categories":[9],"tags":[],"class_list":["post-27358","post","type-post","status-publish","format-standard","has-post-thumbnail","hentry","category-zpravy"],"_links":{"self":[{"href":"https:\/\/www.invarena.cz\/index.php?rest_route=\/wp\/v2\/posts\/27358","targetHints":{"allow":["GET"]}}],"collection":[{"href":"https:\/\/www.invarena.cz\/index.php?rest_route=\/wp\/v2\/posts"}],"about":[{"href":"https:\/\/www.invarena.cz\/index.php?rest_route=\/wp\/v2\/types\/post"}],"author":[{"embeddable":true,"href":"https:\/\/www.invarena.cz\/index.php?rest_route=\/wp\/v2\/users\/1"}],"replies":[{"embeddable":true,"href":"https:\/\/www.invarena.cz\/index.php?rest_route=%2Fwp%2Fv2%2Fcomments&post=27358"}],"version-history":[{"count":0,"href":"https:\/\/www.invarena.cz\/index.php?rest_route=\/wp\/v2\/posts\/27358\/revisions"}],"wp:featuredmedia":[{"embeddable":true,"href":"https:\/\/www.invarena.cz\/index.php?rest_route=\/wp\/v2\/media\/12567"}],"wp:attachment":[{"href":"https:\/\/www.invarena.cz\/index.php?rest_route=%2Fwp%2Fv2%2Fmedia&parent=27358"}],"wp:term":[{"taxonomy":"category","embeddable":true,"href":"https:\/\/www.invarena.cz\/index.php?rest_route=%2Fwp%2Fv2%2Fcategories&post=27358"},{"taxonomy":"post_tag","embeddable":true,"href":"https:\/\/www.invarena.cz\/index.php?rest_route=%2Fwp%2Fv2%2Ftags&post=27358"}],"curies":[{"name":"wp","href":"https:\/\/api.w.org\/{rel}","templated":true}]}}