{"id":27371,"date":"2017-02-28T11:23:17","date_gmt":"2017-02-28T10:23:17","guid":{"rendered":"http:\/\/www.invarena.cz\/?p=27371"},"modified":"2017-02-28T11:23:17","modified_gmt":"2017-02-28T10:23:17","slug":"lecba-vrozenych-vad-rukou-je-beh-na-dlouhou-trat-ale-trpelivost-se-vyplati","status":"publish","type":"post","link":"https:\/\/www.invarena.cz\/?p=27371","title":{"rendered":"L\u00e9\u010dba vrozen\u00fdch vad rukou je b\u011bh na dlouhou tra\u0165, ale trp\u011blivost se vyplat\u00ed"},"content":{"rendered":"<p><strong>\u00dastav chirurgie ruky a plastick\u00e9 chirurgie ve Vysok\u00e9m nad Jizerou, kter\u00fd je \u0161pi\u010dkov\u00fdm pracovi\u0161t\u011bm a v r\u00e1mci \u010cesk\u00e9 republiky jedin\u00e9 s \u00fazkou specializac\u00ed na \u0159e\u0161en\u00ed probl\u00e9m\u016f s rukama, se v\u011bnuje mimo jin\u00e9 tak\u00e9 l\u00e9\u010db\u011b vrozen\u00fdch vad. A to nap\u0159\u00ed\u010d cel\u00fdm spektrem rozli\u010dn\u00fdch deformit, od men\u0161\u00edch vad nap\u0159\u00edklad ve form\u011b disproporce velikosti, a\u017e po velmi t\u011b\u017ek\u00e9, kdy t\u0159eba zcela chyb\u00ed n\u011bkter\u00e1 z kost\u00ed.<\/strong> <!--more--><\/p>\n<p>D\u016fle\u017eit\u00e9 je, stejn\u011b jako u ostatn\u00edch onemocn\u011bn\u00ed, zah\u00e1jit l\u00e9\u010dbu v\u010das.<\/p>\n<p>&#8222;I pokud nepl\u00e1nujeme brzk\u00fd v\u00fdkon, je v\u010dasn\u00e1 konzultace se specialistou na chirurgii ruky u\u017eite\u010dn\u00e1. Rodina se o vad\u011b n\u011bco dozv\u00ed, d\u011bti mohou dostat r\u016fzn\u00e9 pom\u016fcky a rodi\u010de informace o tom, jak bude l\u00e9\u010dba prob\u00edhat a jak\u00e9 m\u00e1 d\u00edt\u011b perspektivy,&#8220; vysv\u011btluje nutnost brzk\u00e9ho kontaktu specializovan\u00e9ho pracovi\u0161t\u011b prim\u00e1\u0159ka vysock\u00e9ho \u00fastavu, MUDr. Alena Schmoranzov\u00e1.<\/p>\n<p>L\u00e9\u010dba vady ruky je b\u011bh na dlouhou tra\u0165 a tak\u00e9 je velice individu\u00e1ln\u00ed. Prvn\u00ed rok po narozen\u00ed je toti\u017e podle slov prim\u00e1\u0159ky obdob\u00ed p\u0159ekotn\u00e9ho r\u016fstu, a v\u00fdkony v tomto obdob\u00ed si mus\u00ed dob\u0159e rozmyslet. U n\u011bkter\u00fdch vad nen\u00ed vhodn\u00e9 v obdob\u00ed r\u016fstu operovat, u dal\u0161\u00edch vad pak sice operuj\u00ed, ale velmi brzy, jakmile ruka poporoste, mus\u00ed znovu korigovat jizvy. L\u00e9\u010den\u00ed vrozen\u00e9 v\u00fdvojov\u00e9 vady ruky kon\u010d\u00ed a\u017e s ukon\u010den\u00edm r\u016fstu, tedy v dosp\u011blosti.<\/p>\n<p>N\u011bkter\u00e9 n\u00e1sledky \u0159e\u0161\u00ed ve Vysok\u00e9m dokonce i pozd\u011bji, podle toho, jakou pracovn\u00ed karieru si d\u00edt\u011b zvol\u00ed.<\/p>\n<p>A\u010dkoliv je vrozen\u00e1 vada pro ka\u017edou rodinu bezesporu nep\u0159\u00edjemn\u00e9 zji\u0161t\u011bn\u00ed, kter\u00e9 ji mnohdy zasko\u010d\u00ed, prim\u00e1\u0159ka uklid\u0148uje, \u017ee naprost\u00e1 v\u011bt\u0161ina d\u011bt\u00ed s vrozenou v\u00fdvojovou vadou ruky se v \u017eivot\u011b dob\u0159e uplatn\u00ed. Ona sama vn\u00edm\u00e1 chirurgii ruky jako kr\u00e1snou discipl\u00ednu a je r\u00e1da, \u017ee m\u00e1 mo\u017enost se j\u00ed v\u011bnovat na tak vysok\u00e9 \u00farovni.<\/p>\n<p>&#8222;M\u016fj obdiv pak pat\u0159\u00ed rodin\u00e1m a posti\u017een\u00fdm d\u011btem. T\u00e9m\u011b\u0159 v\u0161ichni se s probl\u00e9mem state\u010dn\u011b vypo\u0159\u00e1d\u00e1vaj\u00ed. Rodi\u010de se aktivn\u011b zapojuj\u00ed do terapie a n\u011bkter\u00e9 rehabilita\u010dn\u00ed pom\u016fcky jsme zavedli do spektra sv\u00e9 p\u00e9\u010de na z\u00e1klad\u011b n\u00e1padu \u0161ikovn\u00e9ho tat\u00ednka, nebo zru\u010dn\u00e9 maminky,&#8220; \u0159\u00edk\u00e1 Alena Schmoranzov\u00e1.<\/p>\n<p>Podle n\u00ed je v sou\u010dasn\u00e9 dob\u011b pracovi\u0161t\u011b ve Vysok\u00e9m nad Jizerou velmi dob\u0159e vybaven\u00e9, ov\u0161em neust\u00e1le je pot\u0159eba obnovovat n\u00e1strojov\u00e9 a p\u0159\u00edstrojov\u00e9 vybaven\u00ed, n\u011bkter\u00e9 p\u0159\u00edstroje maj\u00ed sv\u00e1 nejlep\u0161\u00ed l\u00e9ta ji\u017e za sebou. Pro d\u011btskou chirurgii jsou nutn\u00e9 speci\u00e1ln\u00ed, velmi jemn\u00e9 n\u00e1stroje.<\/p>\n<p>&#8222;N\u011bkter\u00e9 investice m\u016f\u017eeme realizovat d\u00edky tomu, \u017ee si na n\u011b na\u0161et\u0159\u00edme. Pom\u00e1haj\u00ed n\u00e1m ale i nadace, dary jednotlivc\u016f, n\u011bkter\u00e9 firmy a ve\u0159ejnopr\u00e1vn\u00ed instituce, nap\u0159\u00edklad Krajsk\u00fd \u00fa\u0159ad Libereck\u00e9ho kraje a M\u011bstsk\u00fd \u00fa\u0159ad ve Vysok\u00e9m nad Jizerou. V sou\u010dasn\u00e9 dob\u011b bychom nal\u00e9hav\u011b pot\u0159ebovali na opera\u010dn\u00ed s\u00e1l kvalitn\u00ed poj\u00edzdn\u00fd rentgenologick\u00fd p\u0159\u00edstroj. Dokonal\u00e9 zobrazen\u00ed skeletu ruky je pro dobr\u00fd opera\u010dn\u00ed v\u00fdkon naprosto nezbytn\u00e9,&#8220; uzav\u00edr\u00e1 prim\u00e1\u0159ka.<\/p>\n<p>Pavl\u00edna Str\u00e1nsk\u00e1<br \/>\nLibereck\u00fd den\u00edk<br \/>\n<a href=\"http:\/\/www.liberecky.denik.cz\/\">http:\/\/www.liberecky.denik.cz\/<\/a><\/p>\n","protected":false},"excerpt":{"rendered":"<div class=\"mh-excerpt\"><p>\u00dastav chirurgie ruky a plastick\u00e9 chirurgie ve Vysok\u00e9m nad Jizerou, kter\u00fd je \u0161pi\u010dkov\u00fdm pracovi\u0161t\u011bm a v r\u00e1mci \u010cesk\u00e9 republiky jedin\u00e9 s \u00fazkou specializac\u00ed na \u0159e\u0161en\u00ed <a class=\"mh-excerpt-more\" href=\"https:\/\/www.invarena.cz\/?p=27371\" title=\"L\u00e9\u010dba vrozen\u00fdch vad rukou je b\u011bh na dlouhou tra\u0165, ale trp\u011blivost se vyplat\u00ed\">[&#8230;]<\/a><\/p>\n<\/div>","protected":false},"author":1,"featured_media":14563,"comment_status":"open","ping_status":"closed","sticky":false,"template":"","format":"standard","meta":{"footnotes":""},"categories":[9],"tags":[],"class_list":["post-27371","post","type-post","status-publish","format-standard","has-post-thumbnail","hentry","category-zpravy"],"_links":{"self":[{"href":"https:\/\/www.invarena.cz\/index.php?rest_route=\/wp\/v2\/posts\/27371","targetHints":{"allow":["GET"]}}],"collection":[{"href":"https:\/\/www.invarena.cz\/index.php?rest_route=\/wp\/v2\/posts"}],"about":[{"href":"https:\/\/www.invarena.cz\/index.php?rest_route=\/wp\/v2\/types\/post"}],"author":[{"embeddable":true,"href":"https:\/\/www.invarena.cz\/index.php?rest_route=\/wp\/v2\/users\/1"}],"replies":[{"embeddable":true,"href":"https:\/\/www.invarena.cz\/index.php?rest_route=%2Fwp%2Fv2%2Fcomments&post=27371"}],"version-history":[{"count":0,"href":"https:\/\/www.invarena.cz\/index.php?rest_route=\/wp\/v2\/posts\/27371\/revisions"}],"wp:featuredmedia":[{"embeddable":true,"href":"https:\/\/www.invarena.cz\/index.php?rest_route=\/wp\/v2\/media\/14563"}],"wp:attachment":[{"href":"https:\/\/www.invarena.cz\/index.php?rest_route=%2Fwp%2Fv2%2Fmedia&parent=27371"}],"wp:term":[{"taxonomy":"category","embeddable":true,"href":"https:\/\/www.invarena.cz\/index.php?rest_route=%2Fwp%2Fv2%2Fcategories&post=27371"},{"taxonomy":"post_tag","embeddable":true,"href":"https:\/\/www.invarena.cz\/index.php?rest_route=%2Fwp%2Fv2%2Ftags&post=27371"}],"curies":[{"name":"wp","href":"https:\/\/api.w.org\/{rel}","templated":true}]}}