{"id":27372,"date":"2017-02-28T11:29:04","date_gmt":"2017-02-28T10:29:04","guid":{"rendered":"http:\/\/www.invarena.cz\/?p=27372"},"modified":"2017-02-28T11:29:04","modified_gmt":"2017-02-28T10:29:04","slug":"lide-se-pobavi-a-take-pomohou","status":"publish","type":"post","link":"https:\/\/www.invarena.cz\/?p=27372","title":{"rendered":"Lid\u00e9 se pobav\u00ed a tak\u00e9 pomohou"},"content":{"rendered":"<p><strong>Benefi\u010dn\u00ed ples hejtmana letos podpo\u0159\u00ed rodiny s posti\u017een\u00fdmi d\u011btmi. Ji\u017e nyn\u00ed je jasn\u00e9, \u017ee LIRA dostane v\u00edce ne\u017e t\u0159i sta tis\u00edc korun.<\/strong> <!--more--><\/p>\n<p>Libereck\u00fd kraj \u2013 Plesov\u00e1 sezona vrchol\u00ed a za dve\u0159mi je vrcholn\u00e1 ud\u00e1lost t\u00e9 leto\u0161n\u00ed. V p\u00e1tek se uskute\u010dn\u00ed 12. benefi\u010dn\u00ed ples hejtmana v Clarion Grandhotelu Zlat\u00fd Lev v Liberci.<\/p>\n<p>Ve\u010derem, kter\u00fd za\u010d\u00edn\u00e1 ve 20 hodin, prov\u00e1z\u00ed moder\u00e1tor a zn\u00e1m\u00fd hlasatel Alexander Hemala, k tanci i poslechu zahraje libereck\u00fd orchestr Big\u00b4O\u00b4Band. V r\u00e1mci programu vystoup\u00ed tak\u00e9 zp\u011bv\u00e1ci Divadla Kalich, zp\u011bva\u010dka Dasha, d\u00e1le i \u010dlenov\u00e9 baletu Divadla F. X. \u0160aldy Liberec.<\/p>\n<p>Tradic\u00ed se stal benefi\u010dn\u00ed r\u00e1z akce. &#8222;V tomto roce bude v r\u00e1mci plesu podpo\u0159eno Centrum LIRA, kter\u00e9 pom\u00e1h\u00e1 rodin\u00e1m s posti\u017een\u00fdmi d\u011btmi, nej\u010dast\u011bji s poruchami autistick\u00e9ho spektra,&#8220; uvedla mluv\u010d\u00ed hejtmanstv\u00ed Blanka Dan\u00ed\u010dkov\u00e1. Organizace dostane finan\u010dn\u00ed dary od sponzor\u016f a nep\u0159\u00edmo tak\u00e9 od v\u0161ech, kte\u0159\u00ed si zakoup\u00ed vstupenku na ples. Polovina z ceny p\u016fjde rovn\u011b\u017e ve prosp\u011bch centra.<\/p>\n<p>Jedna vstupenka stoj\u00ed tis\u00edc korun, a p\u0159\u00edtomn\u00ed si krom\u011b bohat\u00e9ho programu u\u017eij\u00ed i pestr\u00fd raut. &#8222;V\u00fd\u0161e v\u00fdt\u011b\u017eku z prodeje vstupenek bude p\u0159esn\u011b zn\u00e1m\u00e1 a\u017e bezprost\u0159edn\u011b po zah\u00e1jen\u00ed samotn\u00e9ho plesu. Ji\u017e nyn\u00ed je jasn\u00e9, \u017ee suma z prodeje vstupenek p\u0159es\u00e1hne \u010d\u00e1stku t\u0159i sta tis\u00edc korun,&#8220; uvedla Dan\u00ed\u010dkov\u00e1 s t\u00edm, \u017ee do prodeje dali celkem 540 vstupenek, prod\u00e1no je p\u0159es 300 kus\u016f.<\/p>\n<p>Od sponzor\u016f se ve prosp\u011bch podporovan\u00e9 organizace poda\u0159ilo z\u00edskat celkem 435 000 korun, dal\u0161\u00ed podpo\u0159ili ples nap\u0159\u00edklad darov\u00e1n\u00edm cen do tomboly.<\/p>\n<p>Leto\u0161n\u00ed hejtmansk\u00fd ples je v\u011bnov\u00e1n sv\u011btlu, co\u017e m\u00e1 b\u00fdt tak\u00e9 p\u0159ipom\u00ednkou osv\u011btov\u00e9 kampan\u011b &#8222;\u010cesko sv\u00edt\u00ed mod\u0159e&#8220;, jej\u00edm\u017e c\u00edlem je zv\u00fd\u0161it pov\u011bdom\u00ed ve\u0159ejnosti o problematice poruch autistick\u00e9ho spektra nebo-li autismu.<\/p>\n<p>&#8212;<\/p>\n<p>Kdo dostane v\u00fdt\u011b\u017eek z hejtmansk\u00e9ho plesu<\/p>\n<p>Centrum LIRA poskytuje pomoc rodin\u00e1m s posti\u017een\u00fdmi d\u011btmi. Provozuj\u00ed jak ter\u00e9nn\u00ed slu\u017eby, tak ambulantn\u00ed slu\u017eby (vstupn\u00ed jedn\u00e1n\u00ed s rodinou, diagnostika dosa\u017een\u00e9ho stupn\u011b psychomotorick\u00e9ho v\u00fdvoje d\u00edt\u011bte, posouzen\u00ed \u00farovn\u011b zrakov\u00fdch funkc\u00ed d\u00edt\u011bte, screening poruch autistick\u00e9ho spektra, konzultace k podpo\u0159e pohybov\u00e9ho v\u00fdvoje d\u00edt\u011bte a podobn\u011b).<\/p>\n<p>Libereck\u00fd den\u00edk<br \/>\n<a href=\"http:\/\/www.liberecky.denik.cz\/\">http:\/\/www.liberecky.denik.cz\/<\/a><\/p>\n","protected":false},"excerpt":{"rendered":"<div class=\"mh-excerpt\"><p>Benefi\u010dn\u00ed ples hejtmana letos podpo\u0159\u00ed rodiny s posti\u017een\u00fdmi d\u011btmi. Ji\u017e nyn\u00ed je jasn\u00e9, \u017ee LIRA dostane v\u00edce ne\u017e t\u0159i sta tis\u00edc korun.<\/p>\n<\/div>","protected":false},"author":1,"featured_media":20313,"comment_status":"open","ping_status":"closed","sticky":false,"template":"","format":"standard","meta":{"footnotes":""},"categories":[9],"tags":[],"class_list":["post-27372","post","type-post","status-publish","format-standard","has-post-thumbnail","hentry","category-zpravy"],"_links":{"self":[{"href":"https:\/\/www.invarena.cz\/index.php?rest_route=\/wp\/v2\/posts\/27372","targetHints":{"allow":["GET"]}}],"collection":[{"href":"https:\/\/www.invarena.cz\/index.php?rest_route=\/wp\/v2\/posts"}],"about":[{"href":"https:\/\/www.invarena.cz\/index.php?rest_route=\/wp\/v2\/types\/post"}],"author":[{"embeddable":true,"href":"https:\/\/www.invarena.cz\/index.php?rest_route=\/wp\/v2\/users\/1"}],"replies":[{"embeddable":true,"href":"https:\/\/www.invarena.cz\/index.php?rest_route=%2Fwp%2Fv2%2Fcomments&post=27372"}],"version-history":[{"count":0,"href":"https:\/\/www.invarena.cz\/index.php?rest_route=\/wp\/v2\/posts\/27372\/revisions"}],"wp:featuredmedia":[{"embeddable":true,"href":"https:\/\/www.invarena.cz\/index.php?rest_route=\/wp\/v2\/media\/20313"}],"wp:attachment":[{"href":"https:\/\/www.invarena.cz\/index.php?rest_route=%2Fwp%2Fv2%2Fmedia&parent=27372"}],"wp:term":[{"taxonomy":"category","embeddable":true,"href":"https:\/\/www.invarena.cz\/index.php?rest_route=%2Fwp%2Fv2%2Fcategories&post=27372"},{"taxonomy":"post_tag","embeddable":true,"href":"https:\/\/www.invarena.cz\/index.php?rest_route=%2Fwp%2Fv2%2Ftags&post=27372"}],"curies":[{"name":"wp","href":"https:\/\/api.w.org\/{rel}","templated":true}]}}