{"id":27373,"date":"2017-03-01T09:04:53","date_gmt":"2017-03-01T08:04:53","guid":{"rendered":"http:\/\/www.invarena.cz\/?p=27373"},"modified":"2017-03-01T09:04:53","modified_gmt":"2017-03-01T08:04:53","slug":"vodarenska-vez-zve-na-beneficni-koncert","status":"publish","type":"post","link":"https:\/\/www.invarena.cz\/?p=27373","title":{"rendered":"Vod\u00e1rensk\u00e1 v\u011b\u017e zve na benefi\u010dn\u00ed koncert"},"content":{"rendered":"<p>V\u00fdt\u011b\u017eek z koncertu p\u016fjde na konto d\u011bt\u00ed trp\u00edc\u00edch svalovou dystrofi\u00ed. <!--more--><\/p>\n<p>Opava \u2013 Vod\u00e1rensk\u00e1 v\u011b\u017e bude v p\u00e1tek 10. b\u0159ezna hostit str\u00e1\u017enickou cimb\u00e1lovou muziku Michala Milt\u00e1ka. V\u00fdt\u011b\u017eek z dobrovoln\u00e9ho vstupn\u00e9ho a p\u0159\u00edsp\u011bvk\u016f p\u016fjde na transparentn\u00ed \u00fa\u010det Romany Markov\u00e9, maminky Ad\u00e9lky a Maty\u00e1\u0161e, d\u011bt\u00ed trp\u00edc\u00edch svalovou dystrofi\u00ed \u010dtvrt\u00e9ho stupn\u011b. Po\u0159adatelem koncertu je Franti\u0161ek B\u00e1rta, kter\u00fd od \u010dervna 2015 shroma\u017e\u010fuje prost\u0159edky na l\u00e9\u010dbu a po\u0159\u00edzen\u00ed kompenza\u010dn\u00edch pom\u016fcek pro tyto hendikepovan\u00e9 d\u011bti. &#8222;Poda\u0159ilo se n\u00e1m spole\u010dn\u011b s rodi\u010di d\u011bt\u00ed vybrat u\u017e v\u00edce ne\u017e 800 tis\u00edc korun. V sou\u010dasn\u00e9 dob\u011b se d\u011bti chystaj\u00ed na pobyt v l\u00e1zn\u00edch, kter\u00fd ka\u017ed\u00e9ho z nich bude st\u00e1t t\u00e9m\u011b\u0159 80 tis\u00edc korun,&#8220; uvedl Franti\u0161ek B\u00e1rta. D\u011bti je\u0161t\u011b st\u00e1le \u010dekaj\u00ed na po\u0159\u00edzen\u00ed pom\u016fcek do \u0161koly a \u0161kolky a tak\u00e9 na vybudov\u00e1n\u00ed v\u00fdtahu do 1. patra rodinn\u00e9ho domu, ve kter\u00e9m bydl\u00ed.<br \/>\nB\u011bhem koncertu se tak\u00e9 bud\u011b dra\u017eit p\u011bt kalend\u00e1\u0159\u016f Pirelli. &#8222;Budou to ro\u010dn\u00edky 2002 a\u017e 2006. P\u016fjde o tichou aukci, p\u0159i kter\u00e9 ka\u017ed\u00fd kalend\u00e1\u0159 bude m\u00edt sv\u016fj seznam, na kter\u00fd se b\u011bhem ve\u010dera z\u00e1jemci o koupi zap\u00ed\u0161ou,&#8220; up\u0159esnil Franti\u0161ek B\u00e1rta. Nejde zdaleka o prvn\u00ed charitativn\u00ed dra\u017ebu kalend\u00e1\u0159\u016f, kterou po\u0159\u00e1d\u00e1. Ji\u017e v roce 2002 se mu poda\u0159ilo vydra\u017eit prvn\u00ed kalend\u00e1\u0159 Pirelli za v\u00edce ne\u017e 60 tis\u00edc korun. V\u00fdt\u011b\u017eek tehdy v\u011bnoval D\u011btsk\u00e9mu centru \u010cty\u0159l\u00edstek. V Opav\u011b pak je\u0161t\u011b vydra\u017eil p\u011bt takov\u00fdch kalend\u00e1\u0159\u016f v Galerii H\u0159ivn\u00e1\u010d.<br \/>\nBenefi\u010dn\u00ed koncert v galerii Kup\u00e9 ve vod\u00e1rensk\u00e9 v\u011b\u017ei spolu s aukc\u00ed za\u010dne v p\u00e1tek 10. b\u0159ezna v 19 hodin.<\/p>\n<p>MILAN FREIBERG<br \/>\nRegion Opavsk\u00fd a Hlu\u010d\u00ednsk\u00fd<\/p>\n","protected":false},"excerpt":{"rendered":"<div class=\"mh-excerpt\"><p>V\u00fdt\u011b\u017eek z koncertu p\u016fjde na konto d\u011bt\u00ed trp\u00edc\u00edch svalovou dystrofi\u00ed.<\/p>\n<\/div>","protected":false},"author":1,"featured_media":0,"comment_status":"open","ping_status":"closed","sticky":false,"template":"","format":"standard","meta":{"footnotes":""},"categories":[9],"tags":[],"class_list":["post-27373","post","type-post","status-publish","format-standard","hentry","category-zpravy"],"_links":{"self":[{"href":"https:\/\/www.invarena.cz\/index.php?rest_route=\/wp\/v2\/posts\/27373","targetHints":{"allow":["GET"]}}],"collection":[{"href":"https:\/\/www.invarena.cz\/index.php?rest_route=\/wp\/v2\/posts"}],"about":[{"href":"https:\/\/www.invarena.cz\/index.php?rest_route=\/wp\/v2\/types\/post"}],"author":[{"embeddable":true,"href":"https:\/\/www.invarena.cz\/index.php?rest_route=\/wp\/v2\/users\/1"}],"replies":[{"embeddable":true,"href":"https:\/\/www.invarena.cz\/index.php?rest_route=%2Fwp%2Fv2%2Fcomments&post=27373"}],"version-history":[{"count":0,"href":"https:\/\/www.invarena.cz\/index.php?rest_route=\/wp\/v2\/posts\/27373\/revisions"}],"wp:attachment":[{"href":"https:\/\/www.invarena.cz\/index.php?rest_route=%2Fwp%2Fv2%2Fmedia&parent=27373"}],"wp:term":[{"taxonomy":"category","embeddable":true,"href":"https:\/\/www.invarena.cz\/index.php?rest_route=%2Fwp%2Fv2%2Fcategories&post=27373"},{"taxonomy":"post_tag","embeddable":true,"href":"https:\/\/www.invarena.cz\/index.php?rest_route=%2Fwp%2Fv2%2Ftags&post=27373"}],"curies":[{"name":"wp","href":"https:\/\/api.w.org\/{rel}","templated":true}]}}