{"id":27390,"date":"2017-03-02T22:36:52","date_gmt":"2017-03-02T21:36:52","guid":{"rendered":"http:\/\/www.invarena.cz\/?p=27390"},"modified":"2017-03-02T22:36:52","modified_gmt":"2017-03-02T21:36:52","slug":"klub-kristal-oslavil-deset-let","status":"publish","type":"post","link":"https:\/\/www.invarena.cz\/?p=27390","title":{"rendered":"Klub K\u0159i\u0161\u0165\u00e1l oslavil deset let"},"content":{"rendered":"<p>Rozhovor s vedouc\u00ed Klubu K\u0159i\u0161\u0165\u00e1l Klatovy Miloslavou Mat\u011bjkovou<br \/>\n<!--more--><\/p>\n<p>Klatovy OE Zdrav\u00fd jedinec si jen t\u011b\u017eko dok\u00e1\u017ee p\u0159edstavit, jak se c\u00edt\u00ed \u010dlov\u011bk trp\u00edc\u00ed du\u0161evn\u00edm onemocn\u011bn\u00edm.<br \/>\nI proto byl p\u0159ed deseti lety v Klatovech zalo\u017een klub K\u0159i\u0161\u0165\u00e1l, d\u0159\u00edve Krystal. Chyb\u011bl mi tady kontakt s lidmi s psychick\u00fdm onemocn\u011bn\u00edm, proto jsem zalo\u017eila pro n\u011b klub, kde bychom se mohli spole\u010dn\u011b sch\u00e1zet. Za sv\u016fj nejv\u011bt\u0161\u00ed \u00fasp\u011bch pova\u017euji to, \u017ee n\u00e1\u0161 klub tady funguje u\u017e deset let a \u017ee o sob\u011b d\u00e1v\u00e1 v\u011bd\u011bt,&#8220; \u0159\u00edk\u00e1 koordin\u00e1torka a vedouc\u00ed klubu Milu\u0161e Mat\u011bjkov\u00e1, s n\u00ed\u017e p\u0159in\u00e1\u0161\u00edme rozhovor. <\/p>\n<p>&#8211; M\u016f\u017eete n\u00e1m p\u0159edstavit v\u00e1\u0161 Klub K\u0159i\u0161\u0165\u00e1l? <\/p>\n<p>Klub K\u0159i\u0161\u0165\u00e1l je volno\u010dasov\u00fd klub, kter\u00fd sdru\u017euje lidi star\u0161\u00ed 18 let zejm\u00e9na s du\u0161evn\u00edm onemocn\u011bn\u00edm a pot\u00ed\u017eemi v \u010d\u00e1ste\u010dn\u00e9m nebo pln\u00e9m invalidn\u00edm d\u016fchodu i jejich rodinn\u00e9 p\u0159\u00edslu\u0161n\u00edky, bl\u00edzk\u00e9 p\u0159\u00edbuzn\u00e9 a p\u0159\u00e1tele. Jsme pacientsk\u00e9 ob\u010dansk\u00e9 sdru\u017een\u00ed. D\u011bl\u00e1me v\u0161echno, co n\u00e1s bav\u00ed a co dok\u00e1\u017eeme. D\u011bl\u00e1me rukod\u011bln\u00e9 pr\u00e1ce, malujeme, skl\u00e1d\u00e1me b\u00e1sni\u010dky, p\u00ed\u0161eme autorskou poezii, vytv\u00e1\u0159\u00edme kr\u00e1su podle na\u0161ich p\u0159edstav a na v\u00fdstav\u00e1ch ji pak p\u0159edstavujeme ve\u0159ejnosti. <\/p>\n<p>&#8211; Pro\u010d jste v Klatovech zalo\u017eila klub K\u0159i\u0161\u0165\u00e1l? <\/p>\n<p>Sama jsem onemocn\u011bla jako mlad\u00e1. M\u011bla jsem psychick\u00e9 probl\u00e9my a chyb\u011bl mi tady kontakt s lidmi s du\u0161evn\u00edm onemocn\u011bn\u00edm, se kter\u00fdmi bych si mohla pov\u00eddat, se kter\u00fdmi bych mohla n\u011bco vytv\u00e1\u0159et. M\u011bla jsem kamar\u00e1dky ze \u0161koly, jen \u017e\u00e1dn\u00e1 nem\u011bla \u010das. Tenkr\u00e1t to pro mne bylo docela hrozn\u00e9, ani jsem necht\u011bla mezi lidi vych\u00e1zet, tak\u017ee nastala izolace. A tehdy jsem si na\u0161la na internetu Krystal Plze\u0148. Jednoho dne jsem zvedla telefon a v n\u011bm se ozvala Anna Mar\u0161\u00e1kov\u00e1 a pozvala mne do Krystalu do Plzn\u011b. T\u00edm vlastn\u011b v\u0161echno za\u010dalo. Pan\u00ed Mar\u0161\u00e1kov\u00e1 poznala psychickou nemoc. Sama si vyzkou\u0161ela, co v\u0161echno obn\u00e1\u0161\u00ed deprese a cht\u011bla lidem s t\u00edmto onemocn\u011bn\u00edm pom\u00e1hat, proto zalo\u017eila klub Krystal v Plzni. Asi rok jsem do Plzn\u011b doj\u00ed\u017ed\u011bla. Pak jsme zalo\u017eili sv\u016fj vlastn\u00ed klub v Klatovech, proto\u017ee tehdej\u0161\u00ed vedouc\u00ed plze\u0148sk\u00e9ho Krystalu pan Li\u0161ka mi nab\u00eddl, \u017ee n\u00e1\u0161 klub m\u016f\u017ee b\u00fdt sou\u010d\u00e1st\u00ed jejich klubu. Anajednou jsem se dostala k pr\u00e1ci koordin\u00e1torky a vedouc\u00ed klubu. Bohu\u017eel Anny na na\u0161i oslavu u\u017e nepozvu, proto\u017ee ned\u00e1vno zem\u0159ela. <\/p>\n<p>&#8211; Kde a jak jste hledala prvn\u00ed klubov\u00e9 \u010dleny a kolik jich m\u00e1te dnes? <\/p>\n<p>Po v\u0161ech na\u0161ich psychiatri\u010dk\u00e1ch v Klatovech, pan\u00ed doktorce Krej\u010di\u0159\u00edkov\u00e9, Ba\u0161ta\u0159ov\u00e9, N\u00e1m\u011bstkov\u00e9, v nemocnici u pana prim\u00e1\u0159e Navr\u00e1tila a u psycholo\u017eky Nov\u00e1kov\u00e9, jsme roznesli n\u00e1\u0161 let\u00e1\u010dek a napl\u00e1novali sch\u016fzku. Se\u0161li jsme se 8. listopadu 2006 v sal\u00f3nku v Dru\u017eb\u011b. Pamatuji, \u017ee tenkr\u00e1t na sch\u016fzku p\u0159i\u0161lo 10 lidi\u010dek, kte\u0159\u00ed jsou dodnes na\u0161imi \u010dleny. B\u011bhem dal\u0161\u00ed sch\u016fzky p\u0159ibyli dal\u0161\u00ed 2. Dnes m\u00e1me v klubu 21 \u010dlen\u016f a dva klienty. Ka\u017ed\u00fd n\u00e1\u0161 \u010dlen m\u00e1 jin\u00e9 onemocn\u011bn\u00ed. N\u011bkdo m\u00e1 maniodepresivn\u00ed psych\u00f3zu, n\u011bkdo deprese, psychotick\u00e9 stavy, poruchu osobnosti, schizofrenii, zkr\u00e1tka ka\u017ed\u00fd je tro\u0161ku jin\u00fd. Ze za\u010d\u00e1tku jsme po\u0159\u00e1dn\u011b nev\u011bd\u011bli, co v klubu budeme d\u011blat. Nejprve jsme kop\u00edrovali Plze\u0148, ale z\u00e1hy jsme p\u0159i\u0161li na to, \u017ee m\u00e1me jin\u00e9 mo\u017enosti, proto\u017ee na\u0161i \u010dlenov\u00e9 se r\u00e1di v\u011bnuj\u00ed ru\u010dn\u00edm prac\u00edm, nebo r\u00e1di p\u00ed\u0161\u00ed autorskou poezii, fotografuj\u00ed, maluj\u00ed, hraj\u00ed na hudebn\u00ed n\u00e1stroje, prost\u011b maj\u00ed nad\u00e1n\u00ed. Tak\u017ee jsme zjistili, \u017ee m\u016f\u017eeme d\u011blat \u00fapln\u011b jin\u00e9 \u010dinnosti ne\u017e v Plzni. Tam vlastn\u011b chod\u00ed po v\u00fdstav\u00e1ch, na koncerty, chod\u00ed tancovat. <\/p>\n<p>&#8211; Jak to u v\u00e1s funguje? <\/p>\n<p>Setk\u00e1v\u00e1me se ka\u017ed\u00e9 \u00fater\u00fd od 8.30 do 11.30 hodin v Centru Kl\u00ed\u010d (V\u00edde\u0148sk\u00e1 9), kde m\u00e1me klubovnu. Na\u0161i klienti p\u0159ijdou, ud\u011bl\u00e1me si k\u00e1vu, vy\u0159\u00edd\u00edme finan\u010dn\u00ed v\u011bci, n\u011bjak\u00e9 organiza\u010dn\u00ed a pak za\u010d\u00edn\u00e1 program. Na programu je tr\u00e9nov\u00e1n\u00ed pam\u011bti s lektorkou Mgr. Moserovou, relaxujeme v soln\u00e9 jeskyni, nebo vyr\u00e1b\u00edme rukod\u011bln\u00e9 v\u011bci, a\u0165 u\u017e jsou to p\u0159\u00e1n\u00ed\u010dka, nebo n\u011bjak\u00e9 v\u011bci pro radost, kter\u00e9 m\u00e1me na velikono\u010dn\u00ed a v\u00e1no\u010dn\u00ed v\u00fdstavu. Tak\u00e9 se v\u011bnujeme recitaci, zkou\u0161\u00edme b\u00e1sni\u010dky na vystoupen\u00ed. Hlavn\u00ed na\u0161\u00ed n\u00e1pln\u00ed je sestavovat kulturn\u00ed programy pro Oblastn\u00ed charitu a Domovy d\u016fchodc\u016f. N\u011bkdy d\u011bl\u00e1me v\u00fdlet nebo proch\u00e1zku, s Klubem senior\u016f nav\u0161t\u011bvujeme spole\u010dn\u011b jednou za m\u011bs\u00edc filmov\u00e9 p\u0159edstaven\u00ed v kin\u011b \u0160umava. D\u00e1le r\u00e1di chod\u00edme na v\u00fdstavy, ale hodn\u011b jich tak\u00e9 sami po\u0159\u00e1d\u00e1me. Pravideln\u011b se \u00fa\u010dastn\u00edme velikono\u010dn\u00ed a v\u00e1no\u010dn\u00ed v\u00fdstavy v Klubu senior\u016f. Kdy\u017e je n\u011bkdo z na\u0161ich klient\u016f nemocen, nav\u0161t\u011bvujeme je v nemocnici, byli jsme za nimi i v psychiatrick\u00e9 l\u00e9\u010debn\u011b v Dob\u0159anech. A jestli\u017ee si ti psychicky nemocn\u00ed neum\u00ed vy\u0159\u00eddit n\u011bkter\u00e9 z\u00e1le\u017eitosti na \u00fa\u0159adech, tak s t\u00edm jim tak\u00e9 pom\u00e1h\u00e1me. Na\u0161i \u010dinnost m\u00e1me na webov\u00fdch str\u00e1nk\u00e1ch www.klubkristal.klatovsko. cz, kter\u00e9 d\u011bl\u00e1 m\u016fj man\u017eel. M\u00e1me i sv\u016fj \u010dasopis K\u0159i\u0161\u0165\u00e1lek, kter\u00fd d\u011bl\u00e1 pan Vosmik. <\/p>\n<p>&#8211; Co se v\u00e1m za t\u011bch deset let povedlo, z \u010deho m\u00e1te radost? <\/p>\n<p>Radost m\u00e1m z n\u011bkter\u00fdch na\u0161ich \u010dlen\u016f. Jsou mezi nimi b\u00e1sn\u00edci, kte\u0159\u00ed p\u00ed\u0161\u00ed b\u00e1sn\u011b OE Jaroslav K\u0159\u00ed\u017e, Iveta Bzeneck\u00e1 a Petr Kocfelda. Potom m\u00e1me \u010dlov\u011bka, kter\u00fd kr\u00e1sn\u011b maluje OE Jind\u0159ich Vosmik. Jsou zde lid\u00e9, kte\u0159\u00ed d\u011blaj\u00ed kr\u00e1sn\u00e9 ru\u010dn\u00ed pr\u00e1ce OE pan\u00ed Kaisrov\u00e1, Hlinkov\u00e1, j\u00e1, Michalka Kaviov\u00e1. Te\u010f mezi n\u00e1s za\u010dala chodit i nevidom\u00e1 Jana Davidov\u00e1 a \u00fa\u017easn\u011b zapadla do kolektivu. Jsou tam hudebn\u00edci, kte\u0159\u00ed hraj\u00ed na pi\u00e1no, na kytaru, a j\u00e1 m\u00e1m radost, \u017ee n\u011bkte\u0159\u00ed lid\u00e9 u\u017e si na\u0161li svoje z\u00e1jmy. T\u0159eba Ivetka Bzeneck\u00e1 zp\u00edv\u00e1 v chr\u00e1mov\u00e9m sboru. Je to o tom, \u017ee u\u017e se tak nespol\u00e9haj\u00ed na n\u00e1\u0161 klub, ale prost\u011b si na\u0161li to svoje. V\u011bt\u0161inou je velik\u00fd probl\u00e9m projevovat se na ve\u0159ejnosti, n\u011bkdy i j\u00edt mezi lidi. Ale u\u017e jenom to, \u017ee si prost\u011b slo\u017e\u00ed svoji b\u00e1sni\u010dku a s tou potom na ve\u0159ejnosti vystupuj\u00ed, je to obrovsk\u00fd pokrok, proto\u017ee ti lid\u00e9 na to nebyli zvykl\u00ed. P\u0159i\u0161li k n\u00e1m do klubovny, dali si limon\u00e1du a ode\u0161li. Za ty roky, co chod\u00ed do na\u0161eho klubu, na sob\u011b ud\u011blali obrovsk\u00fd kus pr\u00e1ce. Mysl\u00edm, \u017ee je d\u016fle\u017eit\u00e9, aby ti lid\u00e9 byli neust\u00e1le n\u011b\u010d\u00edm zam\u011bstn\u00e1van\u00ed, abych jim vym\u00fd\u0161lela \u010dinnosti. Ale zam\u011bstn\u00e1n\u00ed nen\u00ed proto, \u017ee bychom my z toho m\u011bli n\u011bjak\u00fd zisk, ale aby jim to d\u011blalo radost. M\u00e1mradost i z toho, \u017ee po deseti letech n\u00e1\u0161 klub funguje. Dnes slav\u00edme kulat\u00e9 v\u00fdro\u010d\u00ed a m\u016f\u017eeme se ohl\u00e9dnout, a v\u00edme \u017ee za n\u00e1mi n\u011bco z\u016fst\u00e1v\u00e1. <\/p>\n<p>&#8211; Chod\u00ed n\u011bkter\u00fd z va\u0161ich klient\u016f tak\u00e9 do pr\u00e1ce? <\/p>\n<p>Ano. M\u00e1m velikou radost, \u017ee ob\u010das n\u011bkdo i chod\u00ed do pr\u00e1ce. To, \u017ee \u010dlov\u011bkm\u00e1n\u011bjakou povinnost a mus\u00ed, i kdy\u017e je psychicky nemocn\u00fd, m\u00e1 r\u016fzn\u00e9 probl\u00e9my, nechce se mu, boj\u00ed se lid\u00ed, ale tu povinnost prost\u011b m\u00e1 aspo\u0148 dvakr\u00e1t v t\u00fddnu, je tak\u00e9 obrovsk\u00fd kus odvahy. Jednak si vyd\u011bl\u00e1 tro\u0161ku pen\u011bz, jednak je to zadostiu\u010din\u011bn\u00ed, \u017ee prost\u011b n\u011bco d\u011blat m\u016f\u017ee. V Klatovech je Second hand, kde pracuje jedna na\u0161e klientka. M\u00e1m radost z toho, \u017ee tam dostala uplatn\u011bn\u00ed, prost\u011b um\u00ed nab\u00edzet had\u0159\u00edky, jednat s lidmi a dnes je z n\u00ed \u00fapln\u011b jin\u00fd \u010dlov\u011bk. Vklubu m\u00e1me i \u010dlena, kter\u00fd je z Doma\u017elicka a pracuje v Meclov\u011b, kde vyr\u00e1b\u00ed kr\u00e1sn\u00e9 v\u011bci ze d\u0159eva. Prost\u011b ho to chytlo a pr\u00e1ce se d\u0159evem ho nesm\u00edrn\u011b bav\u00ed. Pak m\u00e1me \u010dleny, kte\u0159\u00ed t\u0159eba jen rozn\u00e1\u0161\u00ed let\u00e1ky z Kauflandu, proto\u017ee r\u00e1di chod\u00ed. <\/p>\n<p>&#8211; Co m\u00e1te p\u0159ed sebou? Co p\u0159ipravujete? <\/p>\n<p>M\u00e1me p\u0159ed sebou velikono\u010dn\u00ed v\u00fdstavu v Klubu senior\u016f. Te\u010f u\u017e chyst\u00e1me vystoupen\u00ed ke Dni matek a v \u010dervnu budeme m\u00edt v klatovsk\u00e9 \u010d\u00edt\u00e1rn\u011b v\u00fdstavu Pozdn\u00ed jaro. Na l\u00e9to pl\u00e1nujeme t\u0159\u00eddenn\u00ed rekondi\u010dn\u00ed pobyt v Ka\u0161persk\u00fdch Hor\u00e1ch, kde provozujeme vych\u00e1zky v kr\u00e1sn\u00e9 \u0161umavsk\u00e9 p\u0159\u00edrod\u011b, tr\u00e9nujeme pam\u011b\u0165 a cvi\u010d\u00edme j\u00f3gu. <\/p>\n<p>&#8211; Co byste cht\u011bla na z\u00e1v\u011br vzk\u00e1zat \u010dten\u00e1\u0159\u016fm? <\/p>\n<p>\u010cten\u00e1\u0159\u016fm bych vzk\u00e1zala, \u017ee my, lid\u00e9 s du\u0161evn\u00edm onemocn\u011bn\u00edm, m\u00e1me probl\u00e9my a \u017ee v podstat\u011b dnes se to m\u016f\u017ee st\u00e1t ka\u017ed\u00e9mu. Cht\u011bla bych, aby odhodili p\u0159edsudky a pod\u00edvali se, co vlastn\u011b lid\u00e9 s du\u0161evn\u00edm onemocn\u011bn\u00edm dok\u00e1\u017eou. Posl\u00e1n\u00edm na\u0161eho klubu je i destigmatizace du\u0161evn\u00edch onemocn\u011bn\u00ed ve spole\u010dnosti. A t\u011bm, kte\u0159\u00ed u\u017e maj\u00ed n\u011bjak\u00e9 psychick\u00e9 probl\u00e9my, bych cht\u011bla vzk\u00e1zat, aby to nevzd\u00e1vali, ale aby to zkou\u0161eli. Jednou to nep\u016fjde, ale pak to najednou jde. Za ta l\u00e9ta m\u016f\u017eu \u0159\u00edct, \u017ee m\u011b hodn\u011b pomohlo to, \u017ee jsem zkou\u0161ela.<\/p>\n<p>Hana Jakub\u010d\u00edkov\u00e1 S\u00e1dl\u00edkov\u00e1<br \/>\nT\u00fdden\u00edk Klatovska<\/p>\n","protected":false},"excerpt":{"rendered":"<div class=\"mh-excerpt\"><p>Rozhovor s vedouc\u00ed Klubu K\u0159i\u0161\u0165\u00e1l Klatovy Miloslavou Mat\u011bjkovou<\/p>\n<\/div>","protected":false},"author":1,"featured_media":0,"comment_status":"open","ping_status":"closed","sticky":false,"template":"","format":"standard","meta":{"footnotes":""},"categories":[9],"tags":[],"class_list":["post-27390","post","type-post","status-publish","format-standard","hentry","category-zpravy"],"_links":{"self":[{"href":"https:\/\/www.invarena.cz\/index.php?rest_route=\/wp\/v2\/posts\/27390","targetHints":{"allow":["GET"]}}],"collection":[{"href":"https:\/\/www.invarena.cz\/index.php?rest_route=\/wp\/v2\/posts"}],"about":[{"href":"https:\/\/www.invarena.cz\/index.php?rest_route=\/wp\/v2\/types\/post"}],"author":[{"embeddable":true,"href":"https:\/\/www.invarena.cz\/index.php?rest_route=\/wp\/v2\/users\/1"}],"replies":[{"embeddable":true,"href":"https:\/\/www.invarena.cz\/index.php?rest_route=%2Fwp%2Fv2%2Fcomments&post=27390"}],"version-history":[{"count":0,"href":"https:\/\/www.invarena.cz\/index.php?rest_route=\/wp\/v2\/posts\/27390\/revisions"}],"wp:attachment":[{"href":"https:\/\/www.invarena.cz\/index.php?rest_route=%2Fwp%2Fv2%2Fmedia&parent=27390"}],"wp:term":[{"taxonomy":"category","embeddable":true,"href":"https:\/\/www.invarena.cz\/index.php?rest_route=%2Fwp%2Fv2%2Fcategories&post=27390"},{"taxonomy":"post_tag","embeddable":true,"href":"https:\/\/www.invarena.cz\/index.php?rest_route=%2Fwp%2Fv2%2Ftags&post=27390"}],"curies":[{"name":"wp","href":"https:\/\/api.w.org\/{rel}","templated":true}]}}