{"id":27403,"date":"2017-03-03T20:26:53","date_gmt":"2017-03-03T19:26:53","guid":{"rendered":"http:\/\/www.invarena.cz\/?p=27403"},"modified":"2017-03-03T20:26:53","modified_gmt":"2017-03-03T19:26:53","slug":"sberem-elektroodpadu-podpori-telesne-postizene","status":"publish","type":"post","link":"https:\/\/www.invarena.cz\/?p=27403","title":{"rendered":"Sb\u011brem elektroodpadu podpo\u0159\u00ed t\u011blesn\u011b posti\u017een\u00e9"},"content":{"rendered":"<p>Z\u00e1b\u0159eh se zapojil do projektu na podporu osob s t\u011blesn\u00fdm hendikepem. Za ka\u017ed\u00e9 vybran\u00e9 kilo elektroodpadu z\u00edsk\u00e1 N\u00e1rodn\u00ed rada osob s t\u011blesn\u00fdm posti\u017een\u00edm jednu korunu. Spole\u010dnost ASEKOL, kter\u00e1 akci zah\u00e1jila, chce letos p\u0159ekro\u010dit hranici jednoho mili\u00f3nu korun. Pr\u00e1vu to \u0159ekla mluv\u010d\u00ed z\u00e1b\u0159e\u017esk\u00e9 radnice Lucie Mahdalov\u00e1.<!--more--><br \/>\nElektroodpad, jak d\u00e1le informovala, se t\u0159\u00edd\u00ed u\u017e na \u0161esti m\u00edstech. K hn\u00edzd\u016fm, kter\u00e1 ob\u010dan\u00e9 vyu\u017e\u00edvaj\u00ed na ulic\u00edch Bezru\u010dova, Kosmonaut\u016f, Skali\u010dka a Krumpach, nov\u011b v polovin\u011b \u00fanora p\u0159ibyla i v m\u00edstn\u00edch \u010d\u00e1stech Z\u00e1b\u0159eha V\u00e1clavov\u011b (na separovan\u00fd odpad) a Hn\u011bvkov\u011b (na star\u00e9 a nefunk\u010dn\u00ed elektro).<br \/>\n&#8222;Do stacion\u00e1rn\u00edch kontejner\u016f pat\u0159\u00ed baterie a drobn\u00e1 elektroza\u0159\u00edzen\u00ed, jako jsou nap\u0159\u00edklad kalkula\u010dky, r\u00e1dia a podobn\u011b. Nepat\u0159\u00ed tam televizory, po\u010d\u00edta\u010dov\u00e9 monitory, z\u00e1\u0159ivky, \u00fasporn\u00e9 \u017e\u00e1rovky, velk\u00e9 a mal\u00e9 dom\u00e1c\u00ed spot\u0159ebi\u010de, tonery, CD, videokazety a jin\u00e1 z\u00e1znamov\u00e1 media,&#8220; upozor\u0148uje vedouc\u00ed odd\u011blen\u00ed \u017eivotn\u00edho prost\u0159ed\u00ed m\u011bstsk\u00e9ho \u00fa\u0159adu Kv\u011btoslava H\u00fdblov\u00e1.<br \/>\nOb\u010dan\u00e9 maj\u00ed tak\u00e9 st\u00e1le mo\u017enost ka\u017ed\u00fd pracovn\u00ed den odevzd\u00e1vat zdarma mal\u00e9 i velk\u00e9 elektrospot\u0159ebi\u010de na st\u0159edisku Separex v Le\u0161tinsk\u00e9 ulici.<\/p>\n<p>Pr\u00e1vo<\/p>\n","protected":false},"excerpt":{"rendered":"<div class=\"mh-excerpt\"><p>Z\u00e1b\u0159eh se zapojil do projektu na podporu osob s t\u011blesn\u00fdm hendikepem. Za ka\u017ed\u00e9 vybran\u00e9 kilo elektroodpadu z\u00edsk\u00e1 N\u00e1rodn\u00ed rada osob s t\u011blesn\u00fdm posti\u017een\u00edm jednu korunu. <a class=\"mh-excerpt-more\" href=\"https:\/\/www.invarena.cz\/?p=27403\" title=\"Sb\u011brem elektroodpadu podpo\u0159\u00ed t\u011blesn\u011b posti\u017een\u00e9\">[&#8230;]<\/a><\/p>\n<\/div>","protected":false},"author":1,"featured_media":15045,"comment_status":"open","ping_status":"closed","sticky":false,"template":"","format":"standard","meta":{"footnotes":""},"categories":[9],"tags":[],"class_list":["post-27403","post","type-post","status-publish","format-standard","has-post-thumbnail","hentry","category-zpravy"],"_links":{"self":[{"href":"https:\/\/www.invarena.cz\/index.php?rest_route=\/wp\/v2\/posts\/27403","targetHints":{"allow":["GET"]}}],"collection":[{"href":"https:\/\/www.invarena.cz\/index.php?rest_route=\/wp\/v2\/posts"}],"about":[{"href":"https:\/\/www.invarena.cz\/index.php?rest_route=\/wp\/v2\/types\/post"}],"author":[{"embeddable":true,"href":"https:\/\/www.invarena.cz\/index.php?rest_route=\/wp\/v2\/users\/1"}],"replies":[{"embeddable":true,"href":"https:\/\/www.invarena.cz\/index.php?rest_route=%2Fwp%2Fv2%2Fcomments&post=27403"}],"version-history":[{"count":0,"href":"https:\/\/www.invarena.cz\/index.php?rest_route=\/wp\/v2\/posts\/27403\/revisions"}],"wp:featuredmedia":[{"embeddable":true,"href":"https:\/\/www.invarena.cz\/index.php?rest_route=\/wp\/v2\/media\/15045"}],"wp:attachment":[{"href":"https:\/\/www.invarena.cz\/index.php?rest_route=%2Fwp%2Fv2%2Fmedia&parent=27403"}],"wp:term":[{"taxonomy":"category","embeddable":true,"href":"https:\/\/www.invarena.cz\/index.php?rest_route=%2Fwp%2Fv2%2Fcategories&post=27403"},{"taxonomy":"post_tag","embeddable":true,"href":"https:\/\/www.invarena.cz\/index.php?rest_route=%2Fwp%2Fv2%2Ftags&post=27403"}],"curies":[{"name":"wp","href":"https:\/\/api.w.org\/{rel}","templated":true}]}}