{"id":27419,"date":"2017-03-03T20:24:21","date_gmt":"2017-03-03T19:24:21","guid":{"rendered":"http:\/\/www.invarena.cz\/?p=27419"},"modified":"2017-03-03T20:24:21","modified_gmt":"2017-03-03T19:24:21","slug":"handicapovani-chlapci-dostali-elektricky-vozik","status":"publish","type":"post","link":"https:\/\/www.invarena.cz\/?p=27419","title":{"rendered":"Handicapovan\u00ed chlapci dostali elektrick\u00fd voz\u00edk"},"content":{"rendered":"<p>Organiz\u00e1to\u0159i jirkovsk\u00e9ho Charitativn\u00edho adventu a projektu Cesta proti bolesti p\u0159edali na \u010cerven\u00e9m hr\u00e1dku dv\u011bma handicapovan\u00fdm chlapc\u016fm nov\u00fd elektrick\u00fd voz\u00edk a poukaz na terapii.<!--more--><br \/>\nStanda a Tom\u00e1\u0161 jsou dva kluci z Jirkova, velc\u00ed fandov\u00e9 chomutovsk\u00e9ho hokeje. Na rozd\u00edl od sv\u00fdch vrstevn\u00edk\u016f ale nemohou vz\u00edt hokejku, vyb\u011bhnout na rybn\u00edk a hr\u00e1t si na sv\u00e9 vzory.<br \/>\n&#8222;M\u00edsto toho maj\u00ed logo sv\u00e9ho obl\u00edben\u00e9ho klubu na kolech invalidn\u00edch voz\u00edk\u016f,&#8220; v\u0161iml si mluv\u010d\u00ed jirkovsk\u00e9 radnice Josef Du\u0161ek a p\u0159ipomn\u011bl, \u017ee pr\u00e1v\u011b k t\u011bmto dv\u011bma chlapc\u016fm putoval v\u00fdt\u011b\u017eek ze sb\u00edrky Jirkov handicapovan\u00fdm. Standa Hrzina dostal nov\u00fd elektrick\u00fd voz\u00edk, kter\u00fd uleh\u010d\u00ed nejen jemu, ale p\u0159edev\u0161\u00edm jeho rodi\u010d\u016fm. &#8222;Standa v\u00e1\u017e\u00ed sto kilo a tla\u010dit mechanick\u00fd voz\u00edk se stokilov\u00fdm klukem je hrozn\u011b n\u00e1ro\u010dn\u00e9 hlavn\u011b pro man\u017eelku,&#8220; p\u0159ipustil otec posti\u017een\u00e9ho chlapce Stanislav Hrzina star\u0161\u00ed. &#8222;U\u017e nebudeme muset sed\u011bt doma, vyjedeme klidn\u011b n\u011bkam do kopce. A Standa si procvi\u010d\u00ed levou ruku, kterou jedinou dok\u00e1\u017ee pou\u017e\u00edvat,&#8220; dodal.<br \/>\nPro Tom\u00e1\u0161e Orla zajistili organiz\u00e1to\u0159i sb\u00edrky t\u0159\u00edt\u00fddenn\u00ed terapii, kter\u00e1 mu u\u017e v minulosti hodn\u011b pomohla. Je drah\u00e1 a poji\u0161\u0165ovna ji nepropl\u00e1c\u00ed. &#8222;Douf\u00e1m, \u017ee za \u010dty\u0159i a\u017e dev\u011bt let budu moci chodit alespo\u0148 na chod\u00edtku. Hrozn\u011b r\u00e1d sportuju a na tom voz\u00edku je to fakt otravn\u00e9,&#8220; sv\u011b\u0159il se s\u00e1m dvan\u00e1ctilet\u00fd Tom\u00e1\u0161.<br \/>\nJeho maminka dodala, \u017ee chlapec r\u00e1d hraje hokej, pohybuje se v\u0161ak p\u0159i n\u011bm jenom po kolenou. &#8222;Jinak m\u00e1 ale masku, hokejku, chr\u00e1ni\u010de, v\u0161echno,&#8220; p\u0159ibl\u00ed\u017eila synovu z\u00e1libu.<br \/>\nRodiny obou kluk\u016f si nakoupen\u00e9 v\u011bci p\u0159evzaly p\u0159i slavnostn\u00edm setk\u00e1n\u00ed po\u0159adatel\u016f Charitativn\u00edho adventu a projektu Cesta proti bolesti. V\u00fdt\u011b\u017eek adventn\u00edch trh\u016f (p\u0159es 153 tis\u00edc) toti\u017e p\u0159edstavoval podstatnou \u010d\u00e1st celkov\u011b vybran\u00e9 sumy (221 tis\u00edc). &#8222;Za zbyl\u00e9 pen\u00edze se nakoupilo je\u0161t\u011b n\u011bkolik kompenza\u010dn\u00edch pom\u016fcek pro klienty m\u00edstn\u00ed organizace PRO Handicap,&#8220; up\u0159esnil Du\u0161ek.<\/p>\n<p>Pr\u00e1vo<\/p>\n","protected":false},"excerpt":{"rendered":"<div class=\"mh-excerpt\"><p>Organiz\u00e1to\u0159i jirkovsk\u00e9ho Charitativn\u00edho adventu a projektu Cesta proti bolesti p\u0159edali na \u010cerven\u00e9m hr\u00e1dku dv\u011bma handicapovan\u00fdm chlapc\u016fm nov\u00fd elektrick\u00fd voz\u00edk a poukaz na terapii.<\/p>\n<\/div>","protected":false},"author":1,"featured_media":0,"comment_status":"open","ping_status":"closed","sticky":false,"template":"","format":"standard","meta":{"footnotes":""},"categories":[9],"tags":[],"class_list":["post-27419","post","type-post","status-publish","format-standard","hentry","category-zpravy"],"_links":{"self":[{"href":"https:\/\/www.invarena.cz\/index.php?rest_route=\/wp\/v2\/posts\/27419","targetHints":{"allow":["GET"]}}],"collection":[{"href":"https:\/\/www.invarena.cz\/index.php?rest_route=\/wp\/v2\/posts"}],"about":[{"href":"https:\/\/www.invarena.cz\/index.php?rest_route=\/wp\/v2\/types\/post"}],"author":[{"embeddable":true,"href":"https:\/\/www.invarena.cz\/index.php?rest_route=\/wp\/v2\/users\/1"}],"replies":[{"embeddable":true,"href":"https:\/\/www.invarena.cz\/index.php?rest_route=%2Fwp%2Fv2%2Fcomments&post=27419"}],"version-history":[{"count":0,"href":"https:\/\/www.invarena.cz\/index.php?rest_route=\/wp\/v2\/posts\/27419\/revisions"}],"wp:attachment":[{"href":"https:\/\/www.invarena.cz\/index.php?rest_route=%2Fwp%2Fv2%2Fmedia&parent=27419"}],"wp:term":[{"taxonomy":"category","embeddable":true,"href":"https:\/\/www.invarena.cz\/index.php?rest_route=%2Fwp%2Fv2%2Fcategories&post=27419"},{"taxonomy":"post_tag","embeddable":true,"href":"https:\/\/www.invarena.cz\/index.php?rest_route=%2Fwp%2Fv2%2Ftags&post=27419"}],"curies":[{"name":"wp","href":"https:\/\/api.w.org\/{rel}","templated":true}]}}