{"id":27424,"date":"2017-03-13T09:11:16","date_gmt":"2017-03-13T08:11:16","guid":{"rendered":"http:\/\/www.invarena.cz\/?p=27424"},"modified":"2017-03-13T09:11:16","modified_gmt":"2017-03-13T08:11:16","slug":"mam-prukaz-ztp-mam-narok-na-parkovaci-prukaz","status":"publish","type":"post","link":"https:\/\/www.invarena.cz\/?p=27424","title":{"rendered":"M\u00e1m pr\u016fkaz ZTP. M\u00e1m n\u00e1rok na parkovac\u00ed pr\u016fkaz?"},"content":{"rendered":"<p><strong>Dotaz:<\/strong><br \/>\n<strong> M\u00e1m pr\u016fkaz ZTP. M\u00e1m n\u00e1rok na parkovac\u00ed pr\u016fkaz? Jsem nedosl\u00fdchav\u00fd. Zn\u00e1m \u010dlov\u011bka, kter\u00fd je zdravotn\u011b v po\u0159\u00e1dku a m\u00e1 pr\u016fkaz ZTP a na d\u00e1lnici nepot\u0159ebuje d\u00e1lni\u010dn\u00ed zn\u00e1mku. Nen\u00ed to divn\u00e9?<\/strong><br \/>\n<!--more--><br \/>\nOdpov\u011b\u010f:<br \/>\nJako dr\u017eitel pr\u016fkazu ZTP m\u00e1te n\u00e1rok na parkovac\u00ed pr\u016fkaz. M\u016f\u017eete si ho nechat vystavit na Obecn\u00edm \u00fa\u0159ad\u011b obce s roz\u0161\u00ed\u0159enou p\u016fsobnost\u00ed.<br \/>\nTo, \u017ee V\u00e1\u0161 zn\u00e1m\u00fd je s pr\u016fkazem ZTP osvobozen od d\u00e1lni\u010dn\u00edch poplatk\u016f, nen\u00ed nic divn\u00e9ho. V \u010cR toti\u017e maj\u00ed n\u00e1rok na j\u00edzdu bez d\u00e1lni\u010dn\u00ed zn\u00e1mky dr\u017eitel\u00e9 pr\u016fkazu ZTP nebo ZTP\/P. Podm\u00ednkou ale je, \u017ee dr\u017eitel pr\u016fkazu mus\u00ed b\u00fdt p\u0159i p\u0159\u00edpadn\u00e9 kontrole ve vozu a nebo mus\u00ed m\u00edt \u0159idi\u010d potvrzen\u00ed, \u017ee pro tuto osobu pr\u00e1v\u011b jede do n\u011bjak\u00e9ho zdravotnick\u00e9ho za\u0159\u00edzen\u00ed a nebo, \u017ee ji tam vezl.<\/p>\n<p>Ji\u0159\u00ed Marek<br \/>\nInvArena<\/p>\n","protected":false},"excerpt":{"rendered":"<div class=\"mh-excerpt\"><p>Dotaz: M\u00e1m pr\u016fkaz ZTP. M\u00e1m n\u00e1rok na parkovac\u00ed pr\u016fkaz? Jsem nedosl\u00fdchav\u00fd. Zn\u00e1m \u010dlov\u011bka, kter\u00fd je zdravotn\u011b v po\u0159\u00e1dku a m\u00e1 pr\u016fkaz ZTP a na d\u00e1lnici <a class=\"mh-excerpt-more\" href=\"https:\/\/www.invarena.cz\/?p=27424\" title=\"M\u00e1m pr\u016fkaz ZTP. M\u00e1m n\u00e1rok na parkovac\u00ed pr\u016fkaz?\">[&#8230;]<\/a><\/p>\n<\/div>","protected":false},"author":3,"featured_media":878,"comment_status":"open","ping_status":"closed","sticky":false,"template":"","format":"standard","meta":{"footnotes":""},"categories":[18,9],"tags":[],"class_list":["post-27424","post","type-post","status-publish","format-standard","has-post-thumbnail","hentry","category-poradna","category-zpravy"],"_links":{"self":[{"href":"https:\/\/www.invarena.cz\/index.php?rest_route=\/wp\/v2\/posts\/27424","targetHints":{"allow":["GET"]}}],"collection":[{"href":"https:\/\/www.invarena.cz\/index.php?rest_route=\/wp\/v2\/posts"}],"about":[{"href":"https:\/\/www.invarena.cz\/index.php?rest_route=\/wp\/v2\/types\/post"}],"author":[{"embeddable":true,"href":"https:\/\/www.invarena.cz\/index.php?rest_route=\/wp\/v2\/users\/3"}],"replies":[{"embeddable":true,"href":"https:\/\/www.invarena.cz\/index.php?rest_route=%2Fwp%2Fv2%2Fcomments&post=27424"}],"version-history":[{"count":0,"href":"https:\/\/www.invarena.cz\/index.php?rest_route=\/wp\/v2\/posts\/27424\/revisions"}],"wp:featuredmedia":[{"embeddable":true,"href":"https:\/\/www.invarena.cz\/index.php?rest_route=\/wp\/v2\/media\/878"}],"wp:attachment":[{"href":"https:\/\/www.invarena.cz\/index.php?rest_route=%2Fwp%2Fv2%2Fmedia&parent=27424"}],"wp:term":[{"taxonomy":"category","embeddable":true,"href":"https:\/\/www.invarena.cz\/index.php?rest_route=%2Fwp%2Fv2%2Fcategories&post=27424"},{"taxonomy":"post_tag","embeddable":true,"href":"https:\/\/www.invarena.cz\/index.php?rest_route=%2Fwp%2Fv2%2Ftags&post=27424"}],"curies":[{"name":"wp","href":"https:\/\/api.w.org\/{rel}","templated":true}]}}