{"id":27447,"date":"2017-03-17T08:45:00","date_gmt":"2017-03-17T07:45:00","guid":{"rendered":"http:\/\/www.invarena.cz\/?p=27447"},"modified":"2017-03-17T08:46:54","modified_gmt":"2017-03-17T07:46:54","slug":"jsem-neslysici-s-prukazem-ztp-pry-nemohu-mit-parkovaci-prukaz-je-to-pravda","status":"publish","type":"post","link":"https:\/\/www.invarena.cz\/?p=27447","title":{"rendered":"Jsem nesly\u0161\u00edc\u00ed s pr\u016fkazem ZTP. Pr\u00fd nemohu m\u00edt parkovac\u00ed pr\u016fkaz. Je to pravda?"},"content":{"rendered":"<p>Dotaz:<br \/>\nJsem nesly\u0161\u00edc\u00ed a byl mi p\u0159izn\u00e1n pr\u016fkaz ZTP. Myslel jsem si, \u017ee m\u00e1m automaticky n\u00e1rok na parkovac\u00ed pr\u016fkaz, a \u017ee nemus\u00edm m\u00edt d\u00e1lni\u010dn\u00ed zn\u00e1mku. Na \u00fa\u0159ad\u011b mi v\u0161ak \u0159ekli, \u017ee nesly\u0161\u00edc\u00ed na tyto v\u00fdhody pr\u00e1vo nemaj\u00ed? Je to pravda?<br \/>\n<!--more--><br \/>\nOdpov\u011b\u010f:<br \/>\nBohu\u017eel V\u00e1m na \u00fa\u0159ad\u011b \u0159ekli pravdu. Sluchov\u011b posti\u017een\u00ed lid\u00e9 nemaj\u00ed n\u00e1rok na parkovac\u00ed kartu a s n\u00ed spojen\u00e9 v\u00fdhody. Z\u00e1rove\u0148 nem\u00e1te n\u00e1rok ani na bezplatn\u00e9 u\u017e\u00edv\u00e1n\u00ed d\u00e1lnic a to i kdy\u017e m\u00e1te pr\u016fkaz ZTP.<br \/>\nNesly\u0161\u00edc\u00ed jsou samostatnou skupinou posti\u017een\u00fdch, kte\u0159\u00ed maj\u00ed n\u00e1rok pouze na pr\u016fkaz s ozna\u010den\u00edm O2, kter\u00fd V\u00e1m ale m\u016f\u017ee slou\u017eit pouze k ozna\u010den\u00ed vozidla, aby bylo jasn\u00e9, \u017ee se v n\u011bm p\u0159epravuje sluchov\u011b posti\u017een\u00e1 osoba.<\/p>\n<p>Ji\u0159\u00ed Marek<br \/>\ninvArena<\/p>\n","protected":false},"excerpt":{"rendered":"<div class=\"mh-excerpt\"><p>Dotaz: Jsem nesly\u0161\u00edc\u00ed a byl mi p\u0159izn\u00e1n pr\u016fkaz ZTP. Myslel jsem si, \u017ee m\u00e1m automaticky n\u00e1rok na parkovac\u00ed pr\u016fkaz, a \u017ee nemus\u00edm m\u00edt d\u00e1lni\u010dn\u00ed zn\u00e1mku. <a class=\"mh-excerpt-more\" href=\"https:\/\/www.invarena.cz\/?p=27447\" title=\"Jsem nesly\u0161\u00edc\u00ed s pr\u016fkazem ZTP. Pr\u00fd nemohu m\u00edt parkovac\u00ed pr\u016fkaz. Je to pravda?\">[&#8230;]<\/a><\/p>\n<\/div>","protected":false},"author":3,"featured_media":614,"comment_status":"open","ping_status":"closed","sticky":false,"template":"","format":"standard","meta":{"footnotes":""},"categories":[18],"tags":[],"class_list":["post-27447","post","type-post","status-publish","format-standard","has-post-thumbnail","hentry","category-poradna"],"_links":{"self":[{"href":"https:\/\/www.invarena.cz\/index.php?rest_route=\/wp\/v2\/posts\/27447","targetHints":{"allow":["GET"]}}],"collection":[{"href":"https:\/\/www.invarena.cz\/index.php?rest_route=\/wp\/v2\/posts"}],"about":[{"href":"https:\/\/www.invarena.cz\/index.php?rest_route=\/wp\/v2\/types\/post"}],"author":[{"embeddable":true,"href":"https:\/\/www.invarena.cz\/index.php?rest_route=\/wp\/v2\/users\/3"}],"replies":[{"embeddable":true,"href":"https:\/\/www.invarena.cz\/index.php?rest_route=%2Fwp%2Fv2%2Fcomments&post=27447"}],"version-history":[{"count":0,"href":"https:\/\/www.invarena.cz\/index.php?rest_route=\/wp\/v2\/posts\/27447\/revisions"}],"wp:featuredmedia":[{"embeddable":true,"href":"https:\/\/www.invarena.cz\/index.php?rest_route=\/wp\/v2\/media\/614"}],"wp:attachment":[{"href":"https:\/\/www.invarena.cz\/index.php?rest_route=%2Fwp%2Fv2%2Fmedia&parent=27447"}],"wp:term":[{"taxonomy":"category","embeddable":true,"href":"https:\/\/www.invarena.cz\/index.php?rest_route=%2Fwp%2Fv2%2Fcategories&post=27447"},{"taxonomy":"post_tag","embeddable":true,"href":"https:\/\/www.invarena.cz\/index.php?rest_route=%2Fwp%2Fv2%2Ftags&post=27447"}],"curies":[{"name":"wp","href":"https:\/\/api.w.org\/{rel}","templated":true}]}}