{"id":27477,"date":"2017-03-13T09:17:23","date_gmt":"2017-03-13T08:17:23","guid":{"rendered":"http:\/\/www.invarena.cz\/?p=27477"},"modified":"2017-03-13T09:17:23","modified_gmt":"2017-03-13T08:17:23","slug":"vlada-schvalila-navrh-zakona-o-socialnim-bydleni-a-o-prispevku-na-bydleni","status":"publish","type":"post","link":"https:\/\/www.invarena.cz\/?p=27477","title":{"rendered":"Vl\u00e1da schv\u00e1lila n\u00e1vrh z\u00e1kona o soci\u00e1ln\u00edm bydlen\u00ed a o p\u0159\u00edsp\u011bvku na bydlen\u00ed"},"content":{"rendered":"<p>O pot\u0159ebnosti syst\u00e9mu n\u00e1jemn\u00edho soci\u00e1ln\u00ed bydlen\u00ed se v \u010cR hovo\u0159\u00ed ji\u017e 20 let. Teprve ministryn\u011b pr\u00e1ce a soci\u00e1ln\u00edch v\u011bc\u00ed Michaela Marksov\u00e1 v\u0161ak p\u0159edlo\u017eila na jedn\u00e1n\u00ed vl\u00e1dy z\u00e1kon, kter\u00fd pom\u016f\u017ee lidem v bytov\u00e9 nouzi a omez\u00ed obchod s chudobou. Vl\u00e1da dnes n\u00e1vrh schv\u00e1lila, nyn\u00ed m\u00ed\u0159\u00ed do Poslaneck\u00e9 sn\u011bmovny.<br \/>\n<!--more--><br \/>\n\u201eVl\u00e1da schv\u00e1lila kompromisn\u00ed n\u00e1vrh z\u00e1kona, st\u00e1le je \u010das ho prosadit. Chce to jen v\u016fli politik\u016f pomoci lidem v nouzi a j\u00e1 v\u011b\u0159\u00edm, \u017ee se najde,\u201c \u0159ekla ministryn\u011b pr\u00e1ce a soci\u00e1ln\u00edch v\u011bc\u00ed Michaela Marksov\u00e1.<\/p>\n<p>N\u00e1vrh z\u00e1kona m\u00e1 pomoci lidem, kte\u0159\u00ed \u010del\u00ed probl\u00e9m\u016fm s dostupnost\u00ed n\u00e1jemn\u00edho bydlen\u00ed na b\u011b\u017en\u00e9m trhu a pot\u00fdkaj\u00ed se s vysok\u00fdmi n\u00e1klady na bydlen\u00ed. Jedn\u00e1 se nap\u0159\u00edklad o seniory, lidi se zdravotn\u00edm posti\u017een\u00edm, rodiny s d\u011btmi, samo\u017eivitelky a samo\u017eivitele s d\u011btmi, ml\u00e1de\u017e opou\u0161t\u011bj\u00edc\u00ed d\u011btsk\u00e9 domovy a n\u00e1hradn\u00ed rodinnou p\u00e9\u010di, lidi z azylov\u00fdch dom\u016f, ubytoven \u010di osoby \u017eij\u00edc\u00ed na ulici.<br \/>\nObce, kter\u00e9 p\u0159i zaji\u0161\u0165ov\u00e1n\u00ed soci\u00e1ln\u00edho bydlen\u00ed nad\u00e1le hraj\u00ed kl\u00ed\u010dovou roli, budou do syst\u00e9mu vstupovat dobrovoln\u011b. Motivac\u00ed k zapojen\u00ed bude mo\u017enost z\u00edskat finan\u010dn\u00ed prost\u0159edky na vybudov\u00e1n\u00ed soci\u00e1ln\u00edch byt\u016f a soci\u00e1ln\u00ed pr\u00e1ci. Obce d\u00edky z\u00e1konu z\u00edskaj\u00ed n\u00e1stroj jak \u0159e\u0161it pot\u0159eby sv\u00fdch ob\u010dan\u016f v oblasti bydlen\u00ed a tak\u00e9 sni\u017eovat m\u00edru soci\u00e1ln\u00edho vylou\u010den\u00ed.<\/p>\n<p>N\u00e1vrh z\u00e1kona se zam\u011b\u0159uje na dv\u011b spolu \u00fazce souvisej\u00edc\u00ed a prov\u00e1zan\u00e9 oblasti &#8211; soci\u00e1ln\u00ed bydlen\u00ed a soci\u00e1ln\u00ed d\u00e1vku na bydlen\u00ed. Podstatou n\u00e1vrhu je slou\u010den\u00ed dvou existuj\u00edc\u00edch d\u00e1vek na bydlen\u00ed do jedn\u00e9, nazvan\u00e9 p\u0159\u00edsp\u011bvek na bydlen\u00ed. Podpora formou soci\u00e1ln\u00ed d\u00e1vky z\u016fst\u00e1v\u00e1 i nad\u00e1le hlavn\u00ed formou st\u00e1tn\u00ed podpory v oblasti bydlen\u00ed, a to na voln\u00e9m trhu s byty i v r\u00e1mci soci\u00e1ln\u00edho bydlen\u00ed. S postupn\u00fdm n\u00e1b\u011bhem syst\u00e9mu soci\u00e1ln\u00edho bydlen\u00ed bude utlumena v\u00fdplata d\u00e1vek do ubytoven nebo nezkolaudovan\u00fdch byt\u016f, tak aby bylo zaji\u0161t\u011bno d\u016fstojn\u00e9 bydlen\u00ed. V\u00fdhodou jedn\u00e9 d\u00e1vky bude jej\u00ed v\u011bt\u0161\u00ed adresnost, tedy bude vypl\u00e1cena jen t\u011bm, kte\u0159\u00ed ji skute\u010dn\u011b pot\u0159ebuj\u00ed, a bude sm\u011b\u0159ovat jen do bydlen\u00ed odpov\u00eddaj\u00edc\u00ed kvality. T\u00edmto opat\u0159en\u00edm dojde k ukon\u010den\u00ed obchodov\u00e1n\u00ed s chudobou. St\u00e1t v sou\u010dasn\u00e9 dob\u011b vyd\u00e1v\u00e1 na d\u00e1vky spojen\u00e9 s bydlen\u00edm t\u00e9m\u011b\u0159 13 miliard korun ro\u010dn\u011b.<\/p>\n<p>Pokud n\u00e1vrh z\u00e1kona projde legislativn\u00edm procesem, prvn\u00ed \u017eadatel\u00e9 o soci\u00e1ln\u00ed byt by se mohli za\u010d\u00edt na \u00fa\u0159ady obracet od poloviny roku 2018. Do soci\u00e1ln\u00edho bydlen\u00ed by se pak mohli nast\u011bhovat nejpozd\u011bji v polovin\u011b roku 2020.<\/p>\n<p>Petr Hab\u00e1\u0148<br \/>\ntiskov\u00fd mluv\u010d\u00ed MPSV<\/p>\n","protected":false},"excerpt":{"rendered":"<div class=\"mh-excerpt\"><p>O pot\u0159ebnosti syst\u00e9mu n\u00e1jemn\u00edho soci\u00e1ln\u00ed bydlen\u00ed se v \u010cR hovo\u0159\u00ed ji\u017e 20 let. Teprve ministryn\u011b pr\u00e1ce a soci\u00e1ln\u00edch v\u011bc\u00ed Michaela Marksov\u00e1 v\u0161ak p\u0159edlo\u017eila na jedn\u00e1n\u00ed <a class=\"mh-excerpt-more\" href=\"https:\/\/www.invarena.cz\/?p=27477\" title=\"Vl\u00e1da schv\u00e1lila n\u00e1vrh z\u00e1kona o soci\u00e1ln\u00edm bydlen\u00ed a o p\u0159\u00edsp\u011bvku na bydlen\u00ed\">[&#8230;]<\/a><\/p>\n<\/div>","protected":false},"author":1,"featured_media":21031,"comment_status":"open","ping_status":"closed","sticky":false,"template":"","format":"standard","meta":{"footnotes":""},"categories":[9],"tags":[],"class_list":["post-27477","post","type-post","status-publish","format-standard","has-post-thumbnail","hentry","category-zpravy"],"_links":{"self":[{"href":"https:\/\/www.invarena.cz\/index.php?rest_route=\/wp\/v2\/posts\/27477","targetHints":{"allow":["GET"]}}],"collection":[{"href":"https:\/\/www.invarena.cz\/index.php?rest_route=\/wp\/v2\/posts"}],"about":[{"href":"https:\/\/www.invarena.cz\/index.php?rest_route=\/wp\/v2\/types\/post"}],"author":[{"embeddable":true,"href":"https:\/\/www.invarena.cz\/index.php?rest_route=\/wp\/v2\/users\/1"}],"replies":[{"embeddable":true,"href":"https:\/\/www.invarena.cz\/index.php?rest_route=%2Fwp%2Fv2%2Fcomments&post=27477"}],"version-history":[{"count":0,"href":"https:\/\/www.invarena.cz\/index.php?rest_route=\/wp\/v2\/posts\/27477\/revisions"}],"wp:featuredmedia":[{"embeddable":true,"href":"https:\/\/www.invarena.cz\/index.php?rest_route=\/wp\/v2\/media\/21031"}],"wp:attachment":[{"href":"https:\/\/www.invarena.cz\/index.php?rest_route=%2Fwp%2Fv2%2Fmedia&parent=27477"}],"wp:term":[{"taxonomy":"category","embeddable":true,"href":"https:\/\/www.invarena.cz\/index.php?rest_route=%2Fwp%2Fv2%2Fcategories&post=27477"},{"taxonomy":"post_tag","embeddable":true,"href":"https:\/\/www.invarena.cz\/index.php?rest_route=%2Fwp%2Fv2%2Ftags&post=27477"}],"curies":[{"name":"wp","href":"https:\/\/api.w.org\/{rel}","templated":true}]}}