{"id":27484,"date":"2017-03-09T12:53:49","date_gmt":"2017-03-09T11:53:49","guid":{"rendered":"http:\/\/www.invarena.cz\/?p=27484"},"modified":"2017-03-09T17:43:45","modified_gmt":"2017-03-09T16:43:45","slug":"vojta-se-dockal-zvedaku-umozni-mu-plavat-v-bazenu","status":"publish","type":"post","link":"https:\/\/www.invarena.cz\/?p=27484","title":{"rendered":"Vojta se do\u010dkal zved\u00e1ku, umo\u017en\u00ed mu plavat v baz\u00e9nu"},"content":{"rendered":"<p><strong>\u010ctrn\u00e1ctilet\u00fd Vojta Zaj\u00edc miluje plav\u00e1n\u00ed. Jako spousta kluk\u016f v jeho v\u011bku. Jen\u017ee na rozd\u00edl od nich je kv\u016fli nemoci upoutan\u00fd na invalidn\u00ed voz\u00edk. D\u00edky pomoci zdravotn\u00ed poji\u0161\u0165ovny ale bude moci op\u011bt plavat.<\/strong> <!--more--><\/p>\n<p>D\u011b\u010d\u00edn \u2013 V d\u011b\u010d\u00ednsk\u00e9m plaveck\u00e9m are\u00e1lu toti\u017e ve st\u0159edu spolu se svou maminkou p\u0159evzal zved\u00e1k, kter\u00fd mu umo\u017en\u00ed dostat se z voz\u00edku do baz\u00e9nu. V tom je pak schopen str\u00e1vit i n\u011bkolik hodin.<\/p>\n<p>Mal\u00fd Vojta trp\u00ed z\u00e1va\u017enou nemoc\u00ed, su\u017euje jej spin\u00e1ln\u00ed svalov\u00e1 atrofie.<\/p>\n<p>&#8222;To je nemoc, kdy \u010dlov\u011bku odum\u00edr\u00e1 m\u00edcha a p\u0159est\u00e1vaj\u00ed mu fungovat v\u016fl\u00ed ovladateln\u00e9 svaly. Tak se ten \u010dlov\u00ed\u010dek postupn\u011b st\u00e1v\u00e1 hadrov\u00fdm,&#8220; popisuje nemoc jeho maminka Jana. U Vojty nemoc zkomplikovalo velk\u00e9 zk\u0159iven\u00ed p\u00e1te\u0159e, kv\u016fli kter\u00e9mu musel na slo\u017eitou operaci.<\/p>\n<p>P\u0159i t\u00e9 mu l\u00e9ka\u0159i voperovali do zad dlouhou ty\u010d, kter\u00e1 mu p\u00e1te\u0159 narovnala a zpevnila. Operace ale Vojtovi p\u0159inesla spoustu probl\u00e9m\u016f. Na p\u016fl roku jej upoutala na l\u016f\u017eko a nemohl tak chodit plavat. P\u0159itom plav\u00e1n\u00ed je p\u0159i jeho nemoci jednou z nejlep\u0161\u00edch rehabilita\u010dn\u00edch metod.<\/p>\n<p>&#8222;Kdy\u017e jsme mohli po p\u016flroce do sedu a do voz\u00edku, tak jsme zjistili, \u017ee nejsme schopni Vojtu dostat do baz\u00e9nu. Je to jedna z m\u00e1la v\u011bc\u00ed, kter\u00e9 m\u016f\u017ee,&#8220; pokra\u010duje Vojtova maminka.<\/p>\n<p>Rodi\u010de zjistili, \u017ee by bylo sch\u016fdn\u00e9 Vojtu p\u0159esadit z t\u011b\u017ek\u00e9ho elektrick\u00e9ho voz\u00edku na lehk\u00fd toaletn\u00ed a s t\u00edm sjet do baz\u00e9nu. Jana Zaj\u00edcov\u00e1 proto oslovila d\u011b\u010d\u00ednsk\u00fd akvapark. Ten se um\u00edst\u011bn\u00ed zved\u00e1ku nebr\u00e1nil. Vst\u0159\u00edc vy\u0161la tak\u00e9 V\u0161eobecn\u00e1 zdravotn\u00ed poji\u0161\u0165ovna.<\/p>\n<p>Zved\u00e1k umo\u017e\u0148uje Vojtu zvednout a pomoci mu nejen do baz\u00e9nu, ale nap\u0159\u00edklad i p\u0159i p\u0159evl\u00e9k\u00e1n\u00ed v \u0161atn\u011b. Po operaci by se toti\u017e Vojtova z\u00e1da nem\u011bla v\u016fbec oh\u00fdbat.<\/p>\n<p>&#8222;P\u0159i v\u0161ech trampot\u00e1ch, kter\u00e9 n\u00e1s potkaly, jsme se nemohli narodit do lep\u0161\u00ed zem\u011b a do lep\u0161\u00ed doby. M\u00e1me na \u010dem jezdit, v \u010dem sed\u011bt, v \u010dem sp\u00e1t, \u010d\u00edm se zvedat. Pro \u010dlov\u011bka, kter\u00fd m\u016f\u017ee ly\u017eovat nebo j\u00edt do divadla, je to mo\u017en\u00e1 sm\u011b\u0161n\u00e9. Ale pro Vojtu byla plaveck\u00e1 hala polovina \u017eivota. A zase bude,&#8220; \u0159\u00edk\u00e1 Jana Zaj\u00edcov\u00e1.<\/p>\n<p>Vojta navzdory sv\u00e9mu v\u011bku i velmi t\u011b\u017ek\u00e9 nemoci \u0161\u00ed\u0159\u00ed optimismus a t\u011b\u0161\u00ed se, jak si znovu zaplave. Poprv\u00e9 si ji\u017e nov\u00fd zved\u00e1k vyzkou\u0161el je\u0161t\u011b p\u0159ed slavnostn\u00edm p\u0159ed\u00e1n\u00edm. &#8222;J\u00e1 si mysl\u00edm, \u017ee d\u00edky v\u0161em t\u011bmhle v\u011bcem m\u00e1m nejlep\u0161\u00ed \u017eivot na sv\u011bt\u011b,&#8220; \u0159ekl Vojta p\u0159i p\u0159ed\u00e1n\u00ed zved\u00e1ku.<\/p>\n<p>Kv\u016fli nemoci nem\u016f\u017ee ani chodit do b\u011b\u017en\u00e9 \u0161koly. Spin\u00e1ln\u00ed svalov\u00e1 atrofie s sebou p\u0159in\u00e1\u0161\u00ed toti\u017e tak\u00e9 probl\u00e9my s imunitou. Nav\u00edc Vojta za\u010d\u00edn\u00e1 m\u00edt i probl\u00e9my s d\u00fdch\u00e1n\u00edm.<\/p>\n<p>Ale ani to mu nebr\u00e1n\u00ed v tom, aby se norm\u00e1ln\u011b u\u010dil. V rodin\u011b m\u00e1 toti\u017e hned n\u011bkolik u\u010ditel\u016f, v\u010detn\u011b sv\u00e9 maminky a babi\u010dky. Jednou t\u00fddn\u011b tak jezd\u00ed do \u0161koly na p\u0159ezkou\u0161en\u00ed. Podle maminky dost\u00e1v\u00e1 jedni\u010dky a dvojky.<\/p>\n<p>ALEXANDR VAN\u017dURA<br \/>\nD\u011b\u010d\u00ednsk\u00fd den\u00edk<br \/>\n<a href=\"http:\/\/www.decinsky.denik.cz\/\">http:\/\/www.decinsky.denik.cz\/<\/a><\/p>\n","protected":false},"excerpt":{"rendered":"<div class=\"mh-excerpt\"><p>\u010ctrn\u00e1ctilet\u00fd Vojta Zaj\u00edc miluje plav\u00e1n\u00ed. Jako spousta kluk\u016f v jeho v\u011bku. Jen\u017ee na rozd\u00edl od nich je kv\u016fli nemoci upoutan\u00fd na invalidn\u00ed voz\u00edk. D\u00edky pomoci <a class=\"mh-excerpt-more\" href=\"https:\/\/www.invarena.cz\/?p=27484\" title=\"Vojta se do\u010dkal zved\u00e1ku, umo\u017en\u00ed mu plavat v baz\u00e9nu\">[&#8230;]<\/a><\/p>\n<\/div>","protected":false},"author":1,"featured_media":0,"comment_status":"open","ping_status":"closed","sticky":false,"template":"","format":"standard","meta":{"footnotes":""},"categories":[9],"tags":[],"class_list":["post-27484","post","type-post","status-publish","format-standard","hentry","category-zpravy"],"_links":{"self":[{"href":"https:\/\/www.invarena.cz\/index.php?rest_route=\/wp\/v2\/posts\/27484","targetHints":{"allow":["GET"]}}],"collection":[{"href":"https:\/\/www.invarena.cz\/index.php?rest_route=\/wp\/v2\/posts"}],"about":[{"href":"https:\/\/www.invarena.cz\/index.php?rest_route=\/wp\/v2\/types\/post"}],"author":[{"embeddable":true,"href":"https:\/\/www.invarena.cz\/index.php?rest_route=\/wp\/v2\/users\/1"}],"replies":[{"embeddable":true,"href":"https:\/\/www.invarena.cz\/index.php?rest_route=%2Fwp%2Fv2%2Fcomments&post=27484"}],"version-history":[{"count":0,"href":"https:\/\/www.invarena.cz\/index.php?rest_route=\/wp\/v2\/posts\/27484\/revisions"}],"wp:attachment":[{"href":"https:\/\/www.invarena.cz\/index.php?rest_route=%2Fwp%2Fv2%2Fmedia&parent=27484"}],"wp:term":[{"taxonomy":"category","embeddable":true,"href":"https:\/\/www.invarena.cz\/index.php?rest_route=%2Fwp%2Fv2%2Fcategories&post=27484"},{"taxonomy":"post_tag","embeddable":true,"href":"https:\/\/www.invarena.cz\/index.php?rest_route=%2Fwp%2Fv2%2Ftags&post=27484"}],"curies":[{"name":"wp","href":"https:\/\/api.w.org\/{rel}","templated":true}]}}