{"id":27485,"date":"2017-03-09T14:45:16","date_gmt":"2017-03-09T13:45:16","guid":{"rendered":"http:\/\/www.invarena.cz\/?p=27485"},"modified":"2017-03-09T14:45:16","modified_gmt":"2017-03-09T13:45:16","slug":"vzdelanim-proti-handicapu","status":"publish","type":"post","link":"https:\/\/www.invarena.cz\/?p=27485","title":{"rendered":"Vzd\u011bl\u00e1n\u00edm proti handicapu"},"content":{"rendered":"<p><strong>I dosp\u011bl\u00ed lid\u00e9 ment\u00e1ln\u011b posti\u017een\u00ed maj\u00ed nov\u011b od leto\u0161n\u00edho \u0161koln\u00edho roku mo\u017enost se v karlovarsk\u00e9m kraji vzd\u011bl\u00e1vat. Za\u010dala tu fungovat St\u0159edn\u00ed \u0161kola Euroinstitut, kter\u00e1 jako jedin\u00e1 zaji\u0161\u0165uje vzd\u011bl\u00e1n\u00ed v n\u011bkolika za\u0159\u00edzen\u00edch na \u00fazem\u00ed kraje.<\/strong><!--more--><\/p>\n<p>Karlovarsk\u00fd kraj \u2013 Bez \u0161koln\u00edho vzd\u011bl\u00e1n\u00ed a kvalifikace pr\u00e1ci dnes nese\u017eenete. A plat\u00ed to i pro ment\u00e1ln\u011b posti\u017een\u00e9 lidi, kte\u0159\u00ed by pracovat mohli. V domovech, kde n\u011bkte\u0159\u00ed z nich \u017eij\u00ed, se klienti vzd\u011bl\u00e1vaj\u00ed v r\u00e1mci soci\u00e1ln\u00edch program\u016f, kter\u00e9 jsou zam\u011b\u0159en\u00e9 hlavn\u011b na sebeobsluhu a zapojen\u00ed do \u017eivota. Dnes \u0159ada klient\u016f z domov\u016f nav\u00edc chod\u00ed do st\u0159edn\u00ed \u0161koly Euroinstitut. Je to praktick\u00e1 \u0161kola a u\u010dili\u0161t\u011b a na vzd\u011bl\u00e1v\u00e1n\u00ed ment\u00e1ln\u011b posti\u017een\u00fdch \u017e\u00e1k\u016f je c\u00edlen\u011b zam\u011b\u0159en.<\/p>\n<p>&#8222;Jde n\u00e1m hlavn\u011b o praktickou v\u00fduku, aby na\u0161i absolventi mohli naj\u00edt pr\u00e1ci. Ti zdatn\u011bj\u0161\u00ed z\u00edskaj\u00ed v\u00fdu\u010dn\u00ed list v oboru \u00faklid a v\u00fdpomoc,\u201d uvedl Vladim\u00edr H\u016frka, \u0159editel St\u0159edn\u00ed \u0161koly Euroinstitut v Karlovarsk\u00e9m kraji.<\/p>\n<p>St\u0159edn\u00ed \u0161kola s\u00eddl\u00ed v J\u00e1chymov\u011b, ale vzd\u011bl\u00e1v\u00e1 lidi v \u00fastavech v cel\u00e9m kraji. Jedn\u00edm z nich je i Domov pro osoby se zdravotn\u00edm posti\u017een\u00edm (DOZP) Sokol\u00edk v Sokolov\u011b. I tady p\u016fsob\u00ed speci\u00e1ln\u00ed pedagogov\u00e9, kte\u0159\u00ed jsou odborn\u00edky na v\u00fduku posti\u017een\u00fdch. Pat\u0159\u00ed mezi n\u011b i Eli\u0161ka Bachro\u0148ov\u00e1. &#8222;U\u010d\u00edme klienty hlavn\u011b praktick\u00e9 v\u011bci, va\u0159\u00edme, \u0161ijeme, d\u011bl\u00e1me r\u016fzn\u00e9 manu\u00e1ln\u00ed pr\u00e1ce, nap\u0159\u00edklad \u017eehlen\u00ed. Na\u0161i \u017e\u00e1ci jsou nad\u0161en\u00ed, bav\u00ed je to a r\u00e1di n\u00e1s poka\u017ed\u00e9 vid\u00ed,\u201d popsala.<\/p>\n<p>U le\u017e\u00edc\u00edch klient\u016f prob\u00edh\u00e1 vzd\u011bl\u00e1v\u00e1n\u00ed na pokoji u l\u016f\u017eka formou konzultac\u00ed. Pedagogov\u00e9 \u00fazce spolupracuj\u00ed se soci\u00e1ln\u00edmi pracovnicemi a zdravotn\u00edmi sestrami. Euroinstitut p\u0159ipravuje do pr\u00e1ce sv\u00e9 u\u010dn\u011b a \u017e\u00e1ky podle individu\u00e1ln\u00edch vzd\u011bl\u00e1vac\u00edch pl\u00e1n\u016f. \u017d\u00e1ci chod\u00ed do praktick\u00e9 \u0161koly nebo se vyu\u010d\u00ed v u\u010debn\u00edm oboru kategorie E. Je to ni\u017e\u0161\u00ed st\u0159edn\u00ed vzd\u011bl\u00e1n\u00ed, ale absolventi z\u00edskaj\u00ed v\u00fdu\u010dn\u00ed list. Pr\u00e1ci pom\u00e1haj\u00ed sehnat agentury pro obt\u00ed\u017en\u011b zam\u011bstnavateln\u00e9 osoby, \u00fa\u0159ad pr\u00e1ce a Hospod\u00e1\u0159sk\u00e1 komora. Nejv\u00edce pom\u00e1h\u00e1 to, \u017ee praktick\u00fd v\u00fdcvik prob\u00edh\u00e1 i na pracovi\u0161t\u00edch re\u00e1ln\u00fdch firem, kter\u00e9 si vyberou \u017e\u00e1ky, kte\u0159\u00ed u nich z\u016fstanou pracovat i po skon\u010den\u00ed \u0161koly.<\/p>\n<p>\u0160kola zaji\u0161\u0165uje v\u00fduku je\u0161t\u011b v \u00fastavech DOZP Rado\u0161ov, Pata Hazlov, DOZP Pramen Mnichov Mari\u00e1nsk\u00fdch L\u00e1zn\u00ed, DOZP Rudn\u00e9 u Nejdku, DOZP v Mari\u00e1nsk\u00e9, Chr\u00e1n\u011bn\u00e9 bydlen\u00ed Sokolov, Dolmen Sokolov a \u0160kola K. Vary, n\u00e1b\u0159. J. Palacha.<\/p>\n<p>Chebsk\u00fd den\u00edk<br \/>\n<a href=\"http:\/\/chebsky.denik.cz\/\">http:\/\/chebsky.denik.cz\/<\/a><\/p>\n","protected":false},"excerpt":{"rendered":"<div class=\"mh-excerpt\"><p>I dosp\u011bl\u00ed lid\u00e9 ment\u00e1ln\u011b posti\u017een\u00ed maj\u00ed nov\u011b od leto\u0161n\u00edho \u0161koln\u00edho roku mo\u017enost se v karlovarsk\u00e9m kraji vzd\u011bl\u00e1vat. Za\u010dala tu fungovat St\u0159edn\u00ed \u0161kola Euroinstitut, kter\u00e1 jako <a class=\"mh-excerpt-more\" href=\"https:\/\/www.invarena.cz\/?p=27485\" title=\"Vzd\u011bl\u00e1n\u00edm proti handicapu\">[&#8230;]<\/a><\/p>\n<\/div>","protected":false},"author":1,"featured_media":2927,"comment_status":"open","ping_status":"closed","sticky":false,"template":"","format":"standard","meta":{"footnotes":""},"categories":[9],"tags":[],"class_list":["post-27485","post","type-post","status-publish","format-standard","has-post-thumbnail","hentry","category-zpravy"],"_links":{"self":[{"href":"https:\/\/www.invarena.cz\/index.php?rest_route=\/wp\/v2\/posts\/27485","targetHints":{"allow":["GET"]}}],"collection":[{"href":"https:\/\/www.invarena.cz\/index.php?rest_route=\/wp\/v2\/posts"}],"about":[{"href":"https:\/\/www.invarena.cz\/index.php?rest_route=\/wp\/v2\/types\/post"}],"author":[{"embeddable":true,"href":"https:\/\/www.invarena.cz\/index.php?rest_route=\/wp\/v2\/users\/1"}],"replies":[{"embeddable":true,"href":"https:\/\/www.invarena.cz\/index.php?rest_route=%2Fwp%2Fv2%2Fcomments&post=27485"}],"version-history":[{"count":0,"href":"https:\/\/www.invarena.cz\/index.php?rest_route=\/wp\/v2\/posts\/27485\/revisions"}],"wp:featuredmedia":[{"embeddable":true,"href":"https:\/\/www.invarena.cz\/index.php?rest_route=\/wp\/v2\/media\/2927"}],"wp:attachment":[{"href":"https:\/\/www.invarena.cz\/index.php?rest_route=%2Fwp%2Fv2%2Fmedia&parent=27485"}],"wp:term":[{"taxonomy":"category","embeddable":true,"href":"https:\/\/www.invarena.cz\/index.php?rest_route=%2Fwp%2Fv2%2Fcategories&post=27485"},{"taxonomy":"post_tag","embeddable":true,"href":"https:\/\/www.invarena.cz\/index.php?rest_route=%2Fwp%2Fv2%2Ftags&post=27485"}],"curies":[{"name":"wp","href":"https:\/\/api.w.org\/{rel}","templated":true}]}}