{"id":27508,"date":"2017-03-13T09:06:48","date_gmt":"2017-03-13T08:06:48","guid":{"rendered":"http:\/\/www.invarena.cz\/?p=27508"},"modified":"2017-03-13T09:06:48","modified_gmt":"2017-03-13T08:06:48","slug":"navrh-zakona-o-socialnim-bydleni-miri-do-snemovny","status":"publish","type":"post","link":"https:\/\/www.invarena.cz\/?p=27508","title":{"rendered":"N\u00e1vrh z\u00e1kona o soci\u00e1ln\u00edm bydlen\u00ed m\u00ed\u0159\u00ed do sn\u011bmovny"},"content":{"rendered":"<p>N\u00e1vrh z\u00e1kona o soci\u00e1ln\u00edm bydlen\u00ed se sice protloukl vl\u00e1dou a m\u00ed\u0159\u00ed do sn\u011bmovny, ale jeho osud je v\u0161elijak\u00fd. Spor se vede hlavn\u011b o to, kdo by na takov\u00e9 soci\u00e1ln\u00ed bydlen\u00ed m\u011bl m\u00edt n\u00e1rok. A ten spor se vede v koalici. <!--more--><\/p>\n<p>Koali\u010dn\u00ed smlouva mezi \u010cSSD, hnut\u00edm ANO a lidovci z p\u0159elomu let 2013 a 14. Tohle se v n\u00ed p\u00ed\u0161e o soci\u00e1ln\u00edm bydlen\u00ed.<\/p>\n<p>redaktorka \/citace koali\u010dn\u00ed smlouvy \u010cSSD, ANO 2011, KDU-\u010cSL\/:<br \/>\n&#8222;Prosad\u00edme z\u00e1kon o soci\u00e1ln\u00edm bydlen\u00ed, kter\u00fd definuje standard soci\u00e1ln\u00edho bytu a vymez\u00ed osoby, kter\u00e9 na n\u011bj maj\u00ed p\u0159i pln\u011bn\u00ed stanoven\u00fdch podm\u00ednek n\u00e1rok.&#8220;<\/p>\n<p>moder\u00e1tor:<br \/>\nsledujte v praxi jednu politologickou pou\u010dku, kter\u00e1 zn\u00ed: Ke konci funk\u010dn\u00edho obdob\u00ed u\u017e koalice neb\u00fdvaj\u00ed p\u0159\u00edli\u0161 soudr\u017en\u00e9. N\u00e1vrh z\u00e1kona o soci\u00e1ln\u00edm bydlen\u00ed se toti\u017e sice protloukl vl\u00e1dou a m\u00ed\u0159\u00ed do sn\u011bmovny, ale jeho osud je v\u0161elijak\u00fd. Spor se vede hlavn\u011b o to, kdo by na takov\u00e9 soci\u00e1ln\u00ed bydlen\u00ed m\u011bl m\u00edt n\u00e1rok. A ten spor se vede v koalici.<\/p>\n<p>Karla \u0160LECHTOV\u00c1, ministryn\u011b pro m\u00edstn\u00ed rozvoj \/nestr. za ANO\/:<br \/>\nMy nem\u016f\u017eeme souhlasit s t\u00edm, \u017ee tady, promi\u0148te mi to vyj\u00e1d\u0159en\u00ed, st\u00e1t bude dojn\u00e1 kr\u00e1va a nikdo se nebude sna\u017eit o to, aby v\u016fbec pr\u00e1ci z\u00edskal.<\/p>\n<p>Michaela MARKSOV\u00c1, ministryn\u011b pr\u00e1ce a soci\u00e1ln\u00edch v\u011bc\u00ed \/\u010cSSD\/:<br \/>\nSoci\u00e1ln\u00ed bydlen\u00ed podle t\u00e9to verze je ur\u010deno pr\u00e1v\u011b i dal\u0161\u00edmu okruhu lid\u00ed, jako jsou t\u0159eba senio\u0159i nebo ovdov\u011bl\u00e9 seniorky, samo\u017eivitelky s d\u011btmi nebo t\u0159eba d\u011bti, kter\u00e9 opou\u0161t\u011bj\u00ed d\u011btsk\u00fd domov, <span class=\"highlight\">zdravotn\u011b<\/span> <span class=\"highlight\">posti\u017een\u00ed<\/span>.<\/p>\n<p>Pavel B\u011aLOBR\u00c1DEK, m\u00edstop\u0159edseda vl\u00e1dy pro v\u011bdu, v\u00fdzkum a inovace \/KDU-\u010cSL\/:<br \/>\nMy se domn\u00edv\u00e1me, \u017ee to opravdu nen\u00ed je\u0161t\u011b dob\u0159e propracov\u00e1no, \u017ee se je\u0161t\u011b bude muset eventu\u00e1ln\u011b opravit ve sn\u011bmovn\u011b.<\/p>\n<p>moder\u00e1tor:<br \/>\nP\u0159itom i p\u0159edseda vl\u00e1dy a \u010cSSD Bohuslav Sobotka uzn\u00e1v\u00e1, \u017ee tento b\u0159eznov\u00fd term\u00edn na vl\u00e1d\u011b byl vlastn\u011b posledn\u00edm \u010dasov\u00fdm oknem tak, aby se z\u00e1kon je\u0161t\u011b stihl projednat a schv\u00e1lit sn\u011bmovnou. P\u0159\u00edpadn\u00e9 zdr\u017een\u00ed by mohlo znamenat, \u017ee p\u0159edloha pad\u00e1 pod st\u016fl.<\/p>\n","protected":false},"excerpt":{"rendered":"<div class=\"mh-excerpt\"><p>N\u00e1vrh z\u00e1kona o soci\u00e1ln\u00edm bydlen\u00ed se sice protloukl vl\u00e1dou a m\u00ed\u0159\u00ed do sn\u011bmovny, ale jeho osud je v\u0161elijak\u00fd. Spor se vede hlavn\u011b o to, kdo <a class=\"mh-excerpt-more\" href=\"https:\/\/www.invarena.cz\/?p=27508\" title=\"N\u00e1vrh z\u00e1kona o soci\u00e1ln\u00edm bydlen\u00ed m\u00ed\u0159\u00ed do sn\u011bmovny\">[&#8230;]<\/a><\/p>\n<\/div>","protected":false},"author":1,"featured_media":19485,"comment_status":"open","ping_status":"closed","sticky":false,"template":"","format":"standard","meta":{"footnotes":""},"categories":[6],"tags":[],"class_list":["post-27508","post","type-post","status-publish","format-standard","has-post-thumbnail","hentry","category-politika"],"_links":{"self":[{"href":"https:\/\/www.invarena.cz\/index.php?rest_route=\/wp\/v2\/posts\/27508","targetHints":{"allow":["GET"]}}],"collection":[{"href":"https:\/\/www.invarena.cz\/index.php?rest_route=\/wp\/v2\/posts"}],"about":[{"href":"https:\/\/www.invarena.cz\/index.php?rest_route=\/wp\/v2\/types\/post"}],"author":[{"embeddable":true,"href":"https:\/\/www.invarena.cz\/index.php?rest_route=\/wp\/v2\/users\/1"}],"replies":[{"embeddable":true,"href":"https:\/\/www.invarena.cz\/index.php?rest_route=%2Fwp%2Fv2%2Fcomments&post=27508"}],"version-history":[{"count":0,"href":"https:\/\/www.invarena.cz\/index.php?rest_route=\/wp\/v2\/posts\/27508\/revisions"}],"wp:featuredmedia":[{"embeddable":true,"href":"https:\/\/www.invarena.cz\/index.php?rest_route=\/wp\/v2\/media\/19485"}],"wp:attachment":[{"href":"https:\/\/www.invarena.cz\/index.php?rest_route=%2Fwp%2Fv2%2Fmedia&parent=27508"}],"wp:term":[{"taxonomy":"category","embeddable":true,"href":"https:\/\/www.invarena.cz\/index.php?rest_route=%2Fwp%2Fv2%2Fcategories&post=27508"},{"taxonomy":"post_tag","embeddable":true,"href":"https:\/\/www.invarena.cz\/index.php?rest_route=%2Fwp%2Fv2%2Ftags&post=27508"}],"curies":[{"name":"wp","href":"https:\/\/api.w.org\/{rel}","templated":true}]}}