{"id":27542,"date":"2017-03-15T12:07:17","date_gmt":"2017-03-15T11:07:17","guid":{"rendered":"http:\/\/www.invarena.cz\/?p=27542"},"modified":"2017-03-15T12:07:17","modified_gmt":"2017-03-15T11:07:17","slug":"pri-ceste-za-snem-se-s-tim-pereme-vsichni","status":"publish","type":"post","link":"https:\/\/www.invarena.cz\/?p=27542","title":{"rendered":"P\u0159i cest\u011b za snem se s t\u00edm pereme v\u0161ichni"},"content":{"rendered":"<p><strong>Projekt Perem se s t\u00edm v\u0161ichni pom\u00e1h\u00e1 handicapovan\u00fdm lidem, aby p\u0159i sv\u00fdch cest\u00e1ch m\u011bstem p\u0159ede\u0161li konflikt\u016fm, p\u0159\u00edpadn\u011b, aby se ubr\u00e1nili nebezpe\u010dn\u00fdm agresor\u016fm. Proto\u017ee jak \u0159\u00edk\u00e1 p\u0159edseda spolku Cesta za snem He\u0159man Wolf, \u0161t\u011bst\u00ed p\u0159eje p\u0159ipraven\u00fdm.<\/strong> <!--more--><\/p>\n<p>Dvaapades\u00e1tilet\u00fd He\u0159man Wolf poch\u00e1z\u00ed a \u017eije v Praze. Ne\u017e p\u0159ed deseti lety upadl na ly\u017e\u00edch, m\u011bl svou vlastn\u00ed firmu. P\u0159e\u0161kolil se a pracoval jako design\u00e9r. Nyn\u00ed se naplno v\u011bnuje Cest\u011b za snem.<\/p>\n<p>&#8211; Jak\u00e9 jsou c\u00edle Cesty za snem?<\/p>\n<p>V podstat\u011b je to jednoduch\u00e9. Jako voz\u00ed\u010dk\u00e1\u0159 si uv\u011bdomuji, \u017ee se mohu snadno dostat do situace, kdy potk\u00e1m \u010dlov\u011bka, kter\u00fd m\u011b bude cht\u00edt napadnout nebo okr\u00e1st. Tak se pot\u0159ebuji n\u011bjak\u00fdm zp\u016fsobem p\u0159ipravit na to, abych se mohl br\u00e1nit. Proto jsme oslovili nap\u0159\u00edklad Michala Otipka, kter\u00fd vyu\u010duje izraelsk\u00e9 bojov\u00e9 um\u011bn\u00ed Krav Magu. Zeptali jsme se, jestli ve sv\u00e9m klub sebeobrany maj\u00ed n\u011bjak\u00fd program pro zdravotn\u011b posti\u017een\u00e9.<\/p>\n<p>&#8211; \u010c\u00edm je pro v\u00e1s p\u0159\u00ednosn\u00fd?<\/p>\n<p>Cht\u011bli bychom ho zp\u0159\u00edstupnit \u0161irok\u00e9 ve\u0159ejnosti, aby si lid\u00e9 uv\u011bdomili tuhle problematiku a mohli si v\u0161e sami ve Fun Ar\u00e9n\u011b vyzkou\u0161et. Aby lid\u00e9 s r\u016fzn\u00fdm posti\u017een\u00edm i ostatn\u00ed spolu vytvo\u0159ili t\u00fdmy a u toho se nejen u\u010dili, ale i hr\u00e1li.<\/p>\n<p>&#8211; Jak\u00e9 aktivity t\u00edm konkr\u00e9tn\u011b mysl\u00edte?<\/p>\n<p>Vyzkou\u0161eli si nap\u0159\u00edklad jak\u00fdsi paintball. Ov\u0161em s gumov\u00fdmi kuli\u010dkami, kter\u00e9 se barevn\u011b nerozprsknou. D\u00e1le lukost\u0159elbu nebo taktickou st\u0159elnici. Tam se u\u010d\u00edme pou\u017e\u00edvat z\u00e1dr\u017en\u00e9 prost\u0159edky, kter\u00e9 pou\u017eijeme ve chv\u00edli, kdy se dostaneme pr\u00e1v\u011b do situace, kter\u00e1 n\u00e1s donut\u00ed se agresorovi n\u011bjak br\u00e1nit.<\/p>\n<p>&#8211; Pl\u00e1novali jste dlouhodob\u011b n\u011bco podobn\u00e9ho rozjet, nebo jste \u010dekal jen na vhodn\u00fd \u010das, kdy se do toho pustit?<\/p>\n<p>D\u0159\u00edve jsme to nepl\u00e1novali, bylo to domluven\u00e9 b\u011bhem \u010dtvrt roku. V\u0161ichni ale v\u00edme, \u017ee agresivita lid\u00ed okolo n\u00e1s jednozna\u010dn\u011b roste. Koneckonc\u016f sta\u010d\u00ed otev\u0159\u00edt ka\u017ed\u00fd den noviny a poka\u017ed\u00e9 se tam n\u011bco takov\u00e9ho do\u010dtete. Osobn\u011b sice zku\u0161enost, \u017ee by m\u011b n\u011bkdo napadl, nem\u00e1m, ale chci na to b\u00fdt p\u0159ipraven\u00fd, proto\u017ee jak se \u0159\u00edk\u00e1, \u0161t\u011bst\u00ed p\u0159eje p\u0159ipraven\u00fdm.<\/p>\n<p>&#8211; Kdy jste se dali dohromady s lidmi z Fun Ar\u00e9ny?<\/p>\n<p>V lo\u0148sk\u00e9m roce jsme se s kluky potkali poprv\u00e9. Na z\u00e1\u017eitkov\u00fd v\u00edkend, co\u017e je jedna z akc\u00ed, kter\u00e9 d\u011bl\u00e1me, p\u0159ijeli s paintballem a byli skv\u011bl\u00ed. Pak jsme zjistili, \u017ee maj\u00ed v ar\u00e9n\u011b rovn\u00e9 prostory, co\u017e je pro n\u00e1s naprosto ide\u00e1ln\u00ed, proto\u017ee tam projedeme s voz\u00edkem. Proto nastal spr\u00e1vn\u00fd \u010das to rozjet.<\/p>\n<p>&#8211; Jak\u00e9 jste zaznamenal ohlasy lid\u00ed?<\/p>\n<p>Hodn\u011b lid\u00ed u\u017e n\u00e1s zn\u00e1 a v\u00ed, co jsme za\u010d a jak\u00e9 organizujeme akce. Tak\u017ee kdy\u017e jsme tu informaci jen vypustili, m\u011bli jsme po chv\u00edli napln\u011bnou kapacitu. Celkem osmdes\u00e1t lid\u00ed, p\u011bt skupin po patn\u00e1cti lidech. V\u00edce by ne\u0161lo, proto\u017ee bychom p\u0159ihl\u00e1\u0161en\u00fdm nemohli d\u00e1t to, co jim d\u00e1t chceme.<\/p>\n<p>&#8211; Co se tedy na kurzu nau\u010d\u00ed?<\/p>\n<p>Hlavn\u011b sebeobranu. Chceme, aby se nau\u010dili p\u0159edch\u00e1zet situac\u00edm, kter\u00e9 mohou venku nastat. Pokud n\u011bkam jedu m\u011bstskou hromadnou dopravou, mus\u00edm si jako voz\u00ed\u010dk\u00e1\u0159 p\u0159edem napl\u00e1novat cestu. Budu si ji pl\u00e1novat po m\u00edstech, kter\u00e1 jsou relativn\u011b bezpe\u010dn\u00e1. Kdy\u017e u\u017e se ale dostanu do situace, kter\u00e1 se mi nezd\u00e1, nebo tam stoj\u00ed n\u011bkdo, kdo se mi nel\u00edb\u00ed, p\u0159ejedu na druhou stranu. Konflikt, st\u0159et je a\u017e t\u00edm posledn\u00edm, do \u010deho se v\u016fbec chceme dostat. I to se u n\u00e1s lid\u00e9 nau\u010d\u00ed.<\/p>\n<p>&#8211; Co konkr\u00e9tn\u011b p\u0159ihl\u00e1\u0161en\u00ed absolvovali?<\/p>\n<p>Kurz sebeobrany s Krav Magou a z\u00e1chranu \u017eivota. Proto\u017ee pokud se dostanu do st\u0159etu s jin\u00fdm \u010dlov\u011bkem, mus\u00edm ho znehybn\u011bt, ale nechci ho zab\u00edt, tak\u017ee mu posl\u00e9ze mus\u00edm zachr\u00e1nit \u017eivot. D\u00e1le lukost\u0159elbu, kdy jezd\u00edme a st\u0159\u00edl\u00edme po sob\u011b. Ale je to bezpe\u010dn\u00e9. Speci\u00e1ln\u00ed \u0161\u00edpy maj\u00ed na konc\u00edch takov\u00e9 gumov\u00e9 bambule. Nakonec zm\u00edn\u00edm zaj\u00edmavou taktickou st\u0159elnici. Tam se odehr\u00e1vaj\u00ed podobn\u00e9 sc\u00e9ny jako ve filmech. Je to simulovan\u00fd d\u016fm, kde je n\u011bkolik ter\u010d\u016f, kter\u00e9 sest\u0159elujete na \u010das. Potk\u00e1vaj\u00ed se zde posti\u017een\u00ed i neposti\u017een\u00ed, tak\u017ee se tu ztr\u00e1c\u00ed a pot\u00edr\u00e1 druh posti\u017een\u00ed.<\/p>\n<p>&#8211; Je jedn\u00edm z probl\u00e9m\u016f i to, \u017ee posti\u017een\u00ed lid\u00e9 maj\u00ed ni\u017e\u0161\u00ed sebev\u011bdom\u00ed?<\/p>\n<p>Zv\u00fd\u0161en\u00ed sebev\u011bdom\u00ed je hlavn\u00ed d\u016fvod, pro\u010d to d\u011bl\u00e1me. Je jasn\u00e9, \u017ee posti\u017een\u00fd \u010dlov\u011bk je limitovan\u00fd. Ka\u017ed\u00fd \u010dlov\u011bk m\u00e1 ale druh posti\u017een\u00fd jin\u00fd, tak\u017ee to nelze pau\u0161alizovat. Na zv\u00fd\u0161en\u00ed sebev\u011bdom\u00ed tak pracujeme neust\u00e1le. V\u0161echny na\u0161e aktivity by m\u011bly vy\u00fastit k tomu, aby si lid\u00e9 s handicapem v\u00edce v\u011b\u0159ili, \u017ee dok\u00e1\u017eou mnohem v\u00edce v\u011bc\u00ed. Sportovn\u00ed aktivity, \u0159\u00edzen\u00ed auta a dal\u0161\u00ed. T\u00edm, \u017ee z\u00edskaj\u00ed vlastn\u00ed sebev\u011bdom\u00ed, najdou i sv\u00e9 m\u00edsto ve spole\u010dnosti, \u010d\u00edm\u017e budou prosp\u011b\u0161n\u00ed nejen pro sebe, ale i pro ostatn\u00ed.<\/p>\n<p>&#8211; B\u00fdv\u00e1 to snadn\u00e1 cesta vr\u00e1tit t\u011bmto lidem zp\u011bt sebev\u011bdom\u00ed a uk\u00e1zat jim, co v\u0161echno lze dok\u00e1zat?<\/p>\n<p>Mus\u00ed si uv\u011bdomit, \u017ee to tak je. Ov\u0161em nejen \u010dlov\u011bk s viditeln\u00fdm handicapem je posti\u017een\u00fd a pot\u0159ebuje sebev\u011bdom\u00ed zv\u00fd\u0161it. Ned\u011bl\u00e1me toti\u017e v\u011bci jen pro zdravotn\u011b posti\u017een\u00e9. I lid\u00e9, kte\u0159\u00ed viditeln\u00fd handicap nemaj\u00ed, mohou m\u00edt stejn\u00fd probl\u00e9m jako ti, na kter\u00fdch je jejich handicap vid\u011bt. Z osmdes\u00e1ti procent pom\u00e1h\u00e1me i t\u011bm, kte\u0159\u00ed nejsou zdravotn\u011b posti\u017eeni.<\/p>\n<p>&#8211; P\u0159ekvapilo v\u00e1s n\u011bco p\u0159i organizov\u00e1n\u00ed akce?<\/p>\n<p>Byl to prvn\u00ed ro\u010dn\u00edk, tak\u017ee t\u00e1peme. I ohledn\u011b vytvo\u0159en\u00ed programu pro lidi, aby si hr\u00e1li, v\u0161e bylo pozvoln\u00e9 a p\u0159irozen\u00e9, nikoli n\u00e1siln\u00e9. Uvid\u00edme, jak to bude d\u00e1l. P\u0159\u00e1l bych si ale, aby tu lid\u00e9 na\u0161li, co je bav\u00ed, a my abychom p\u0159\u00ed\u0161t\u00ed rok pl\u00e1novali zase dal\u0161\u00ed ro\u010dn\u00edk. Jedna uk\u00e1zkov\u00e1 hodina jim dala akor\u00e1t mal\u00fd z\u00e1klad, pokra\u010dovat ale mus\u00ed i potom sami, aby to m\u011blo smysl.<\/p>\n<p>&#8222;T\u00edm, \u017ee handicapovan\u00ed z\u00edskaj\u00ed vlastn\u00ed sebev\u011bdom\u00ed, najdou i sv\u00e9 m\u00edsto ve spole\u010dnosti.&#8220;<\/p>\n<p>ANDREA GRUBNEROV\u00c1<br \/>\nPra\u017esk\u00fd den\u00edk<br \/>\n<a href=\"http:\/\/www.prazsky.denik.cz\/\">http:\/\/www.prazsky.denik.cz\/<\/a><\/p>\n","protected":false},"excerpt":{"rendered":"<div class=\"mh-excerpt\"><p>Projekt Perem se s t\u00edm v\u0161ichni pom\u00e1h\u00e1 handicapovan\u00fdm lidem, aby p\u0159i sv\u00fdch cest\u00e1ch m\u011bstem p\u0159ede\u0161li konflikt\u016fm, p\u0159\u00edpadn\u011b, aby se ubr\u00e1nili nebezpe\u010dn\u00fdm agresor\u016fm. Proto\u017ee jak \u0159\u00edk\u00e1 <a class=\"mh-excerpt-more\" href=\"https:\/\/www.invarena.cz\/?p=27542\" title=\"P\u0159i cest\u011b za snem se s t\u00edm pereme v\u0161ichni\">[&#8230;]<\/a><\/p>\n<\/div>","protected":false},"author":1,"featured_media":0,"comment_status":"open","ping_status":"closed","sticky":false,"template":"","format":"standard","meta":{"footnotes":""},"categories":[9],"tags":[],"class_list":["post-27542","post","type-post","status-publish","format-standard","hentry","category-zpravy"],"_links":{"self":[{"href":"https:\/\/www.invarena.cz\/index.php?rest_route=\/wp\/v2\/posts\/27542","targetHints":{"allow":["GET"]}}],"collection":[{"href":"https:\/\/www.invarena.cz\/index.php?rest_route=\/wp\/v2\/posts"}],"about":[{"href":"https:\/\/www.invarena.cz\/index.php?rest_route=\/wp\/v2\/types\/post"}],"author":[{"embeddable":true,"href":"https:\/\/www.invarena.cz\/index.php?rest_route=\/wp\/v2\/users\/1"}],"replies":[{"embeddable":true,"href":"https:\/\/www.invarena.cz\/index.php?rest_route=%2Fwp%2Fv2%2Fcomments&post=27542"}],"version-history":[{"count":0,"href":"https:\/\/www.invarena.cz\/index.php?rest_route=\/wp\/v2\/posts\/27542\/revisions"}],"wp:attachment":[{"href":"https:\/\/www.invarena.cz\/index.php?rest_route=%2Fwp%2Fv2%2Fmedia&parent=27542"}],"wp:term":[{"taxonomy":"category","embeddable":true,"href":"https:\/\/www.invarena.cz\/index.php?rest_route=%2Fwp%2Fv2%2Fcategories&post=27542"},{"taxonomy":"post_tag","embeddable":true,"href":"https:\/\/www.invarena.cz\/index.php?rest_route=%2Fwp%2Fv2%2Ftags&post=27542"}],"curies":[{"name":"wp","href":"https:\/\/api.w.org\/{rel}","templated":true}]}}