{"id":27550,"date":"2017-03-16T06:59:14","date_gmt":"2017-03-16T05:59:14","guid":{"rendered":"http:\/\/www.invarena.cz\/?p=27550"},"modified":"2017-03-16T06:59:14","modified_gmt":"2017-03-16T05:59:14","slug":"prispevek-na-zamestnavani-postizenych-se-mozna-zvysi-na-10-500-kc","status":"publish","type":"post","link":"https:\/\/www.invarena.cz\/?p=27550","title":{"rendered":"P\u0159\u00edsp\u011bvek na zam\u011bstn\u00e1v\u00e1n\u00ed posti\u017een\u00fdch se mo\u017en\u00e1 zv\u00fd\u0161\u00ed na 10.500 K\u010d"},"content":{"rendered":"<p><strong>Zam\u011bstnavatel\u00e9 s v\u00edce ne\u017e polovinou pracovn\u00edk\u016f s posti\u017een\u00edm by na zam\u011bstn\u00e1v\u00e1n\u00ed ka\u017ed\u00e9ho z nich mohli dost\u00e1vat od st\u00e1tu a\u017e 10.500 korun m\u011bs\u00ed\u010dn\u011b m\u00edsto nyn\u011bj\u0161\u00edch 8800 korun.<\/strong><!--more--><\/p>\n<p>Tyto firmy a instituce by nov\u011b tvo\u0159ily chr\u00e1n\u011bn\u00fd pracovn\u00ed trh, \u00fa\u0159ad pr\u00e1ce by o tom s nimi uzav\u00edral dohodu. Po\u010d\u00edt\u00e1 s t\u00edm navrhovan\u00e1 novela o zam\u011bstnanosti, kterou se chyst\u00e1 ve st\u0159edu projedn\u00e1vat vl\u00e1da. Podle p\u0159edlohy by nemocn\u00ed nezam\u011bstnan\u00ed m\u011bli tak\u00e9 dodr\u017eovat stejn\u00fd re\u017eim jako pracovn\u00edci na nemocensk\u00e9 a sn\u00ed\u017eit by se m\u011bl i limit pro poskytov\u00e1n\u00ed takzvan\u00e9ho n\u00e1hradn\u00edho pln\u011bn\u00ed.<\/p>\n<p>Novelu p\u0159ipravilo ministerstvo pr\u00e1ce. Podle n\u011bj je nyn\u011bj\u0161\u00ed syst\u00e9m vymezov\u00e1n\u00ed chr\u00e1n\u011bn\u00fdch m\u00edst administrativn\u011b n\u00e1ro\u010dn\u00fd a neflexibiln\u00ed, nahradit ho m\u00e1 uzn\u00e1n\u00ed zam\u011bstnavatele na chr\u00e1n\u011bn\u00e9m trhu pr\u00e1ce. To by firma \u010di instituce s v\u00edc ne\u017e polovinou m\u00edst pro posti\u017een\u00e9 z\u00edskala pot\u00e9, co by s n\u00ed \u00fa\u0159ad pr\u00e1ce uzav\u0159el dohodu. Nejprve by ji podepsal na t\u0159i roky, pot\u00e9 na neur\u010dito. Zam\u011bstnavatel by pak ka\u017ed\u00fd rok p\u0159edkl\u00e1dal zpr\u00e1vu o sv\u00e9 \u010dinnosti, podnik\u00e1n\u00ed a tr\u017eb\u00e1ch.<\/p>\n<p>Zm\u011bna pravidel podle ministerstva zajist\u00ed, \u017ee na chr\u00e1n\u011bn\u00e9m trhu pr\u00e1ce budou jen subjekty, &#8222;kter\u00e9 nezneu\u017e\u00edvaj\u00ed poskytovanou podporu na zam\u011bstn\u00e1v\u00e1n\u00ed osob se zdravotn\u00edm posti\u017een\u00edm&#8220;. Resort tak\u00e9 bude m\u00edt \u00fadaje o zam\u011bstnavatel\u00edch s v\u00edce ne\u017e polovinou handicapovan\u00fdch pracovn\u00edk\u016f, nyn\u00ed pr\u00fd data chyb\u011bj\u00ed. Dohod o uzn\u00e1n\u00ed na chr\u00e1n\u011bn\u00e9m trhu by podle p\u0159edpoklad\u016f autor\u016f novely m\u011blo b\u00fdt asi 2500.<\/p>\n<p>P\u0159ipravovan\u00fd z\u00e1kon po\u010d\u00edt\u00e1 s t\u00edm, \u017ee by zam\u011bstnavatel\u00e9 na chr\u00e1n\u011bn\u00e9m trhu mohli dost\u00e1vat 75 procent n\u00e1klad\u016f na mzdu \u010di plat posti\u017een\u00e9ho pracovn\u00edka, nejv\u00fd\u0161e ale 10.500 korun. Nyn\u00ed je to 8800 K\u010d a brzy se m\u00e1 \u010d\u00e1stka zvednout na 9500 korun, schv\u00e1lil to u\u017e Parlament a nyn\u00ed se \u010dek\u00e1 na podpis prezidenta. Podpora na zdravotn\u011b znev\u00fdhodn\u011bn\u00e9ho pracovn\u00edka by d\u00e1l \u010dinila 5000 korun m\u011bs\u00ed\u010dn\u011b. P\u0159\u00edsp\u011bvek dost\u00e1vaj\u00ed zam\u011bstnavatel\u00e9 zp\u011btn\u011b za \u010dtvrtlet\u00ed.<\/p>\n<p>\u00da\u0159ady pr\u00e1ce budou d\u00e1l vypl\u00e1cet i p\u0159\u00edsp\u011bvek na \u010d\u00e1ste\u010dnou \u00fahradu provozn\u00edch n\u00e1klad\u016f. Ro\u010dn\u011b m\u016f\u017ee dosahovat a\u017e 48.000 korun. P\u0159\u00edsp\u011bvek na z\u0159\u00edzen\u00ed pracovn\u00edho m\u00edsta pak budou moci z\u00edskat nejen zam\u011bstnavatel\u00e9 na chr\u00e1n\u011bn\u00e9m, ale i na voln\u00e9m trhu pr\u00e1ce.<\/p>\n<p>Podle novely by nemocn\u00ed nezam\u011bstnan\u00ed m\u011bli nov\u011b dodr\u017eovat l\u00e9\u010debn\u00fd re\u017eim jako nemocn\u00ed pracovn\u00edci. M\u011bli by t\u0159eba vych\u00e1zky v ur\u010ditou dobu. \u00da\u0159adu pr\u00e1ce by tak\u00e9 doru\u010dovali neschopenku.<\/p>\n<p>Zm\u011bnit by se m\u011bl i limit na poskytov\u00e1n\u00ed n\u00e1hradn\u00edho pln\u011bn\u00ed, kdy m\u00edsto zam\u011bstn\u00e1n\u00ed povinn\u00e9ho pod\u00edlu posti\u017een\u00fdch pracovn\u00edk\u016f mohou \u00fa\u0159ady a podniky odebrat zbo\u017e\u00ed od firem s v\u00edc ne\u017e polovinou zam\u011bstnanc\u016f s handicapem. Nyn\u00ed m\u016f\u017ee chr\u00e1n\u011bn\u00e1 d\u00edlna za ka\u017ed\u00e9ho sv\u00e9ho posti\u017een\u00e9ho pracovn\u00edka poskytnout zbo\u017e\u00ed a slu\u017eby do 36n\u00e1sobku pr\u016fm\u011brn\u00e9 mzdy. Nov\u011b by limit klesl na 28n\u00e1sobek, tedy na 725.284 korun.<\/p>\n<p>V roce 2014 podle ministerstva pr\u00e1ce chr\u00e1n\u011bn\u00e9 d\u00edlny zam\u011bstn\u00e1valy 34.594 lid\u00ed s handicapem a poskytly zam\u011bstnavatel\u016fm na n\u00e1hradn\u00ed pln\u011bn\u00ed slu\u017eby a v\u00fdrobky za 12,75 miliardy korun. Na jednoho pracovn\u00edka tak p\u0159ipadla produkce za 368.700 korun. Pr\u016fm\u011brn\u00fd pracovn\u00edk v \u010cesku vyprodukoval zbo\u017e\u00ed a slu\u017eby za 862.000 korun, uvedlo ministerstvo v podkladech pro vl\u00e1du.<\/p>\n","protected":false},"excerpt":{"rendered":"<div class=\"mh-excerpt\"><p>Zam\u011bstnavatel\u00e9 s v\u00edce ne\u017e polovinou pracovn\u00edk\u016f s posti\u017een\u00edm by na zam\u011bstn\u00e1v\u00e1n\u00ed ka\u017ed\u00e9ho z nich mohli dost\u00e1vat od st\u00e1tu a\u017e 10.500 korun m\u011bs\u00ed\u010dn\u011b m\u00edsto nyn\u011bj\u0161\u00edch 8800 <a class=\"mh-excerpt-more\" href=\"https:\/\/www.invarena.cz\/?p=27550\" title=\"P\u0159\u00edsp\u011bvek na zam\u011bstn\u00e1v\u00e1n\u00ed posti\u017een\u00fdch se mo\u017en\u00e1 zv\u00fd\u0161\u00ed na 10.500 K\u010d\">[&#8230;]<\/a><\/p>\n<\/div>","protected":false},"author":1,"featured_media":24717,"comment_status":"open","ping_status":"closed","sticky":false,"template":"","format":"standard","meta":{"footnotes":""},"categories":[1],"tags":[],"class_list":["post-27550","post","type-post","status-publish","format-standard","has-post-thumbnail","hentry","category-nezarazene"],"_links":{"self":[{"href":"https:\/\/www.invarena.cz\/index.php?rest_route=\/wp\/v2\/posts\/27550","targetHints":{"allow":["GET"]}}],"collection":[{"href":"https:\/\/www.invarena.cz\/index.php?rest_route=\/wp\/v2\/posts"}],"about":[{"href":"https:\/\/www.invarena.cz\/index.php?rest_route=\/wp\/v2\/types\/post"}],"author":[{"embeddable":true,"href":"https:\/\/www.invarena.cz\/index.php?rest_route=\/wp\/v2\/users\/1"}],"replies":[{"embeddable":true,"href":"https:\/\/www.invarena.cz\/index.php?rest_route=%2Fwp%2Fv2%2Fcomments&post=27550"}],"version-history":[{"count":0,"href":"https:\/\/www.invarena.cz\/index.php?rest_route=\/wp\/v2\/posts\/27550\/revisions"}],"wp:featuredmedia":[{"embeddable":true,"href":"https:\/\/www.invarena.cz\/index.php?rest_route=\/wp\/v2\/media\/24717"}],"wp:attachment":[{"href":"https:\/\/www.invarena.cz\/index.php?rest_route=%2Fwp%2Fv2%2Fmedia&parent=27550"}],"wp:term":[{"taxonomy":"category","embeddable":true,"href":"https:\/\/www.invarena.cz\/index.php?rest_route=%2Fwp%2Fv2%2Fcategories&post=27550"},{"taxonomy":"post_tag","embeddable":true,"href":"https:\/\/www.invarena.cz\/index.php?rest_route=%2Fwp%2Fv2%2Ftags&post=27550"}],"curies":[{"name":"wp","href":"https:\/\/api.w.org\/{rel}","templated":true}]}}