{"id":27564,"date":"2017-03-17T08:15:01","date_gmt":"2017-03-17T07:15:01","guid":{"rendered":"http:\/\/www.invarena.cz\/?p=27564"},"modified":"2017-03-17T08:47:33","modified_gmt":"2017-03-17T07:47:33","slug":"ombudsmanka-pribyva-stiznosti-handicapovanych-na-diskriminaci","status":"publish","type":"post","link":"https:\/\/www.invarena.cz\/?p=27564","title":{"rendered":"Ombudsmanka: P\u0159ib\u00fdv\u00e1 st\u00ed\u017enost\u00ed handicapovan\u00fdch na diskriminaci"},"content":{"rendered":"<p>Za posledn\u00edch p\u011bt let p\u0159ibylo zhruba dvojn\u00e1sobn\u011b handicapovan\u00fdch, kte\u0159\u00ed si u ombudsmanky st\u011b\u017euj\u00ed na diskriminaci. T\u00fdk\u00e1 se to hlavn\u011b hled\u00e1n\u00ed pr\u00e1ce a bydlen\u00ed i nedostatku parkovac\u00edch m\u00edst, \u0159ekla ve\u0159ejn\u00e1 ochr\u00e1nkyn\u011b pr\u00e1v Anna \u0160abatov\u00e1. Loni se na ni obr\u00e1tilo 104 lid\u00ed, kte\u0159\u00ed si st\u011b\u017eovali na diskriminaci kv\u016fli sv\u00e9mu zdravotn\u00edmu posti\u017een\u00ed.<!--more--><\/p>\n<p>St\u00ed\u017enosti a dotazy lid\u00ed se zdravotn\u00edm posti\u017een\u00edm tvo\u0159\u00ed podle ombudsmanky nezanedbatelnou \u010d\u00e1st podn\u011bt\u016f, kter\u00e9 mus\u00ed \u0159e\u0161it. Nej\u010dast\u011bji jde o soci\u00e1ln\u00ed zabezpe\u010den\u00ed, zejm\u00e9na invalidn\u00ed d\u016fchody. Ve st\u00ed\u017enostech se opakuj\u00ed v\u00fdhrady ke zp\u016fsobu posouzen\u00ed zdravotn\u00edho stavu a ke stanoven\u00ed data vzniku invalidity. Zdravotn\u011b posti\u017een\u00e9 tr\u00e1p\u00ed probl\u00e9my p\u0159i hled\u00e1n\u00ed pr\u00e1ce a zt\u00ed\u017een\u00e9 pracovn\u00ed podm\u00ednky, nedostatek bezbari\u00e9rov\u00e9ho bydlen\u00ed a vyhrazen\u00fdch parkovac\u00edch m\u00edst i obt\u00ed\u017en\u011bj\u0161\u00ed p\u0159\u00edstup do ve\u0159ejn\u00fdch budov a dopravy.<\/p>\n<p>&#8222;B\u00fdt osobou se zdravotn\u00edm posti\u017een\u00edm znamen\u00e1 pot\u00fdkat se od d\u011btstv\u00ed s probl\u00e9my, p\u0159ek\u00e1\u017ekami a omezen\u00edmi,&#8220; uvedla \u0160abatov\u00e1. V slo\u017eit\u00e9 situaci jsou i rodiny se sluchov\u011b posti\u017een\u00fdmi d\u011btmi kv\u016fli vzd\u011bl\u00e1v\u00e1n\u00ed. Ve \u0161kol\u00e1ch podle n\u00ed chyb\u00ed tlumo\u010dn\u00edci \u010desk\u00e9ho znakov\u00e9ho jazyka. &#8222;Pot\u0159ebovali bychom asi t\u0159icetkr\u00e1t v\u00edce tlumo\u010dn\u00edk\u016f, ne\u017e kolik jich je,&#8220; doplnila.<\/p>\n<p>Na jednoho tlumo\u010dn\u00edka p\u0159ipad\u00e1 v \u010cesku asi 140 klient\u016f. Ombudsmanka dodala, \u017ee nedosti\u017en\u00fdm vzorem i pro dal\u0161\u00ed evropsk\u00e9 zem\u011b jsou v tomto sm\u011bru USA, kde na jednoho tlumo\u010dn\u00edka p\u0159ipad\u00e1 \u010dty\u0159i a\u017e p\u011bt klient\u016f.<\/p>\n<p>P\u0159edseda N\u00e1rodn\u00ed rady osob se zdravotn\u00edm posti\u017een\u00edm (NRZP) \u010cR V\u00e1clav Kr\u00e1sa \u0159ekl, \u017ee se jednozna\u010dn\u011b ukazuje, \u017ee se lid\u00e9 se zdravotn\u00edm posti\u017een\u00edm nau\u010dili br\u00e1nit a h\u00e1jit sv\u00e1 pr\u00e1va. &#8222;Ur\u010dit\u011b t\u011bch v\u011bc\u00ed nep\u0159ib\u00fdv\u00e1, jen mo\u017en\u00e1 kolem invalidn\u00edch d\u016fchod\u016f je ur\u010dit\u00fd probl\u00e9m, proto\u017ee posudkov\u00e1 slu\u017eba pracuje na hranici sv\u00fdch mo\u017enost\u00ed nebo mo\u017en\u00e1 za n\u00ed,&#8220; \u0159ekl Kr\u00e1sa.<\/p>\n","protected":false},"excerpt":{"rendered":"<div class=\"mh-excerpt\"><p>Za posledn\u00edch p\u011bt let p\u0159ibylo zhruba dvojn\u00e1sobn\u011b handicapovan\u00fdch, kte\u0159\u00ed si u ombudsmanky st\u011b\u017euj\u00ed na diskriminaci. T\u00fdk\u00e1 se to hlavn\u011b hled\u00e1n\u00ed pr\u00e1ce a bydlen\u00ed i nedostatku <a class=\"mh-excerpt-more\" href=\"https:\/\/www.invarena.cz\/?p=27564\" title=\"Ombudsmanka: P\u0159ib\u00fdv\u00e1 st\u00ed\u017enost\u00ed handicapovan\u00fdch na diskriminaci\">[&#8230;]<\/a><\/p>\n<\/div>","protected":false},"author":1,"featured_media":5327,"comment_status":"open","ping_status":"closed","sticky":false,"template":"","format":"standard","meta":{"footnotes":""},"categories":[9],"tags":[],"class_list":["post-27564","post","type-post","status-publish","format-standard","has-post-thumbnail","hentry","category-zpravy"],"_links":{"self":[{"href":"https:\/\/www.invarena.cz\/index.php?rest_route=\/wp\/v2\/posts\/27564","targetHints":{"allow":["GET"]}}],"collection":[{"href":"https:\/\/www.invarena.cz\/index.php?rest_route=\/wp\/v2\/posts"}],"about":[{"href":"https:\/\/www.invarena.cz\/index.php?rest_route=\/wp\/v2\/types\/post"}],"author":[{"embeddable":true,"href":"https:\/\/www.invarena.cz\/index.php?rest_route=\/wp\/v2\/users\/1"}],"replies":[{"embeddable":true,"href":"https:\/\/www.invarena.cz\/index.php?rest_route=%2Fwp%2Fv2%2Fcomments&post=27564"}],"version-history":[{"count":0,"href":"https:\/\/www.invarena.cz\/index.php?rest_route=\/wp\/v2\/posts\/27564\/revisions"}],"wp:featuredmedia":[{"embeddable":true,"href":"https:\/\/www.invarena.cz\/index.php?rest_route=\/wp\/v2\/media\/5327"}],"wp:attachment":[{"href":"https:\/\/www.invarena.cz\/index.php?rest_route=%2Fwp%2Fv2%2Fmedia&parent=27564"}],"wp:term":[{"taxonomy":"category","embeddable":true,"href":"https:\/\/www.invarena.cz\/index.php?rest_route=%2Fwp%2Fv2%2Fcategories&post=27564"},{"taxonomy":"post_tag","embeddable":true,"href":"https:\/\/www.invarena.cz\/index.php?rest_route=%2Fwp%2Fv2%2Ftags&post=27564"}],"curies":[{"name":"wp","href":"https:\/\/api.w.org\/{rel}","templated":true}]}}