{"id":27567,"date":"2017-03-17T08:23:22","date_gmt":"2017-03-17T07:23:22","guid":{"rendered":"http:\/\/www.invarena.cz\/?p=27567"},"modified":"2017-03-17T08:23:22","modified_gmt":"2017-03-17T07:23:22","slug":"problemy-lidi-se-zdravotnim-postizenim","status":"publish","type":"post","link":"https:\/\/www.invarena.cz\/?p=27567","title":{"rendered":"Probl\u00e9my lid\u00ed se zdravotn\u00edm posti\u017een\u00edm"},"content":{"rendered":"<p>Nedostatek tlumo\u010dn\u00edk\u016f do znakov\u00e9ho jazyka. Nejv\u011bt\u0161\u00ed probl\u00e9m, se kter\u00fdm se podle ombudsmanky Anny \u0160abatov\u00e9 setk\u00e1vaj\u00ed lid\u00e9 se zdravotn\u00edm posti\u017een\u00edm. Na jednoho toti\u017e p\u0159ipad\u00e1 a\u017e 140 klient\u016f. Handicapovan\u00ed se na ve\u0159ejnou ochr\u00e1nkyni pr\u00e1v ale obr\u00e1tili i s dal\u0161\u00edmi podn\u011bty.<br \/>\n<!--more--><\/p>\n<p>Veronika KYN\u010cLOV\u00c1, redaktorka \u010cT:<br \/>\nNa ombudsmanku Annu \u0160abatovou se b\u011bhem roku 2016 obr\u00e1tilo hned 104 lid\u00ed s handicapem. Bylo to dvakr\u00e1t v\u00edc ne\u017e v p\u0159edchoz\u00edch letech. Podle ombudsmanky to ale nen\u00ed d\u00e1no t\u00edm, \u017ee by t\u011bch probl\u00e9m\u016f a bari\u00e9r p\u0159ib\u00fdvalo, ale naopak, \u017ee handicapovan\u00ed se neboj\u00ed ozvat a h\u00e1jit sv\u00e1 pr\u00e1va. K t\u011bm konkr\u00e9tn\u00edm p\u0159\u00edpad\u016fm, n\u011bkter\u00e9 opravdu byly konkr\u00e9tn\u00ed dan\u00e9 situace a probl\u00e9my, se kter\u00fdmi se lid\u00e9 setkali. Nap\u0159\u00edklad se jednalo o to, \u017ee obec mu\u017ei posti\u017een\u00e9mu necht\u011bla vyhradit m\u00edsto na parkov\u00e1n\u00ed nebo sluchov\u011b posti\u017een\u00e9 \u017een\u011b necht\u011bli nainstalovat zvonek ke dve\u0159\u00edm s videem, s kamerou. Jednalo se ale tak\u00e9 o podn\u011bty t\u00fdkaj\u00edc\u00ed se syst\u00e9mu. Jak u\u017e bylo \u0159e\u010deno, jedn\u00edm z nich je nap\u0159\u00edklad nedostatek t\u011bch tlumo\u010dn\u00edk\u016f do znakov\u00e9ho jazyka, co\u017e t\u0159eba ovliv\u0148uje rodiny, kter\u00fdm se narod\u00ed sluchov\u011b posti\u017een\u00e9 d\u00edt\u011b a dal\u0161\u00edm t\u00e9matem byla i netolerance k vod\u00edc\u00edm a asisten\u010dn\u00edm ps\u016fm na n\u011bkter\u00fdch instituc\u00edch. Nej\u010dast\u011bji podle ombudsmanky tak doch\u00e1zelo nap\u0159\u00edklad k tomu, \u017ee je necht\u011bli pustit do hromadn\u00e9 dopravy neb do nemocnic. To by se podle nemocnic m\u011blo zm\u011bnit, a to z\u00e1konem &#8230;, vl\u00e1du a ta pota\u017emo pov\u011b\u0159ila ministryni Michaelu Marksovou, aby toto zapracovali do z\u00e1kona. Co dal\u0161\u00edho ombudsmanka \u0159e\u0161ila, si te\u010f m\u016f\u017eete poslechnout p\u0159\u00edmo od n\u00ed.<\/p>\n<p>Anna \u0160ABATOV\u00c1, ve\u0159ejn\u00e1 ochr\u00e1nkyn\u011b pr\u00e1v:<br \/>\nM\u00e1me podn\u011bty z oblasti soci\u00e1ln\u00edho zabezpe\u010den\u00ed, co\u017e jsou asi takov\u00e9 ty nej, nej, nej\u010dast\u011bj\u0161\u00ed, z oblasti d\u016fchod\u016f, p\u0159\u00edsp\u011bvk\u016f na p\u00e9\u010di, ale tak\u00e9 jsou to ot\u00e1zky bari\u00e9r a to bari\u00e9r fyzick\u00fdch i bari\u00e9r jin\u00fdch. <\/p>\n","protected":false},"excerpt":{"rendered":"<div class=\"mh-excerpt\"><p>Nedostatek tlumo\u010dn\u00edk\u016f do znakov\u00e9ho jazyka. Nejv\u011bt\u0161\u00ed probl\u00e9m, se kter\u00fdm se podle ombudsmanky Anny \u0160abatov\u00e9 setk\u00e1vaj\u00ed lid\u00e9 se zdravotn\u00edm posti\u017een\u00edm. Na jednoho toti\u017e p\u0159ipad\u00e1 a\u017e 140 <a class=\"mh-excerpt-more\" href=\"https:\/\/www.invarena.cz\/?p=27567\" title=\"Probl\u00e9my lid\u00ed se zdravotn\u00edm posti\u017een\u00edm\">[&#8230;]<\/a><\/p>\n<\/div>","protected":false},"author":1,"featured_media":14848,"comment_status":"open","ping_status":"closed","sticky":false,"template":"","format":"standard","meta":{"footnotes":""},"categories":[9],"tags":[],"class_list":["post-27567","post","type-post","status-publish","format-standard","has-post-thumbnail","hentry","category-zpravy"],"_links":{"self":[{"href":"https:\/\/www.invarena.cz\/index.php?rest_route=\/wp\/v2\/posts\/27567","targetHints":{"allow":["GET"]}}],"collection":[{"href":"https:\/\/www.invarena.cz\/index.php?rest_route=\/wp\/v2\/posts"}],"about":[{"href":"https:\/\/www.invarena.cz\/index.php?rest_route=\/wp\/v2\/types\/post"}],"author":[{"embeddable":true,"href":"https:\/\/www.invarena.cz\/index.php?rest_route=\/wp\/v2\/users\/1"}],"replies":[{"embeddable":true,"href":"https:\/\/www.invarena.cz\/index.php?rest_route=%2Fwp%2Fv2%2Fcomments&post=27567"}],"version-history":[{"count":0,"href":"https:\/\/www.invarena.cz\/index.php?rest_route=\/wp\/v2\/posts\/27567\/revisions"}],"wp:featuredmedia":[{"embeddable":true,"href":"https:\/\/www.invarena.cz\/index.php?rest_route=\/wp\/v2\/media\/14848"}],"wp:attachment":[{"href":"https:\/\/www.invarena.cz\/index.php?rest_route=%2Fwp%2Fv2%2Fmedia&parent=27567"}],"wp:term":[{"taxonomy":"category","embeddable":true,"href":"https:\/\/www.invarena.cz\/index.php?rest_route=%2Fwp%2Fv2%2Fcategories&post=27567"},{"taxonomy":"post_tag","embeddable":true,"href":"https:\/\/www.invarena.cz\/index.php?rest_route=%2Fwp%2Fv2%2Ftags&post=27567"}],"curies":[{"name":"wp","href":"https:\/\/api.w.org\/{rel}","templated":true}]}}