{"id":27587,"date":"2017-03-20T08:09:01","date_gmt":"2017-03-20T07:09:01","guid":{"rendered":"http:\/\/www.invarena.cz\/?p=27587"},"modified":"2017-03-20T08:09:01","modified_gmt":"2017-03-20T07:09:01","slug":"zacina-sbirka-na-nemocne-deti-srdickove-dny","status":"publish","type":"post","link":"https:\/\/www.invarena.cz\/?p=27587","title":{"rendered":"Za\u010d\u00edn\u00e1 sb\u00edrka na nemocn\u00e9 d\u011bti Srd\u00ed\u010dkov\u00e9 dny"},"content":{"rendered":"<p>V cel\u00e9 zemi dnes za\u010d\u00edn\u00e1 tradi\u010dn\u00ed sb\u00edrka Srd\u00ed\u010dkov\u00e9 dny na pomoc t\u011b\u017ece nemocn\u00fdm dnem, potrv\u00e1 do p\u00e1tku. Z\u00e1jemci si budou moci od dobrovoln\u00edk\u016f v ulic\u00edch koupit barevn\u00e1 plastov\u00e1 srd\u00ed\u010dka za 20 korun nebo propisovac\u00ed tu\u017eky za 30 korun. Charitativn\u00ed spole\u010dnost \u017divot d\u011btem po\u0159\u00e1d\u00e1 akci u\u017e 17 let, a to na ja\u0159e, na podzim a v zim\u011b. Za dobu jej\u00ed existence se poda\u0159ilo vybrat p\u0159es 100 milion\u016f korun a pomoci n\u011bkolika tis\u00edcovk\u00e1m rodin.<!--more--><\/p>\n<p>V\u00fdt\u011b\u017eek ve\u0159ejn\u00e9 sb\u00edrky pom\u016f\u017ee v\u00e1\u017en\u011b nemocn\u00fdm d\u011btem, kter\u00e9 jsou vzhledem ke sv\u00e9mu zdravotn\u00edmu stavu odk\u00e1z\u00e1ny na celodenn\u00ed p\u00e9\u010di jednoho z rodi\u010d\u016f. Zakoupen\u00edm suven\u00fdr\u016f lid\u00e9 p\u0159isp\u011bj\u00ed na po\u0159\u00edzen\u00ed rehabilita\u010dn\u00edch a zdravotn\u00edch pom\u016fcek, invalidn\u00edch voz\u00edk\u016f, zdravotn\u00edch ko\u010d\u00e1rk\u016f, na \u00fahradu zdravotnick\u00e9ho materi\u00e1lu, speci\u00e1ln\u00ed v\u00fd\u017eivy nebo rehabilita\u010dn\u00edch pobyt\u016f d\u011bt\u00ed.<\/p>\n<p>Tv\u00e1\u0159\u00ed nyn\u011bj\u0161\u00edch jarn\u00edch Srd\u00ed\u010dkov\u00fdch dn\u016f je t\u0159\u00edlet\u00fd Ondra, u kter\u00e9ho se brzy po narozen\u00ed objevil v krvi nebezpe\u010dn\u00fd CMV virus. Infekce zp\u016fsobila opo\u017ed\u011bn\u00fd psychomotorick\u00fd v\u00fdvoj. Chlapec ve dvou letech neudr\u017eel hlavi\u010dku a jenom le\u017eel. Z\u00e1sluhou intenzivn\u00ed rehabilitace, kterou s n\u00ed prov\u00e1d\u00ed rodi\u010de, se nyn\u00ed u\u017e s oporou postav\u00ed a ud\u011bl\u00e1 i p\u00e1r krok\u016f. &#8222;Tyto rehabilitace jsou v\u0161ak pro rodinu finan\u010dn\u011b n\u00e1kladn\u00e9, a proto Ondr\u00e1\u0161ek pot\u0159ebuje pomoc od n\u00e1s ostatn\u00edch,&#8220; uvedli organiz\u00e1to\u0159i sb\u00edrky.<\/p>\n","protected":false},"excerpt":{"rendered":"<div class=\"mh-excerpt\"><p>V cel\u00e9 zemi dnes za\u010d\u00edn\u00e1 tradi\u010dn\u00ed sb\u00edrka Srd\u00ed\u010dkov\u00e9 dny na pomoc t\u011b\u017ece nemocn\u00fdm dnem, potrv\u00e1 do p\u00e1tku. Z\u00e1jemci si budou moci od dobrovoln\u00edk\u016f v ulic\u00edch <a class=\"mh-excerpt-more\" href=\"https:\/\/www.invarena.cz\/?p=27587\" title=\"Za\u010d\u00edn\u00e1 sb\u00edrka na nemocn\u00e9 d\u011bti Srd\u00ed\u010dkov\u00e9 dny\">[&#8230;]<\/a><\/p>\n<\/div>","protected":false},"author":1,"featured_media":14228,"comment_status":"open","ping_status":"closed","sticky":false,"template":"","format":"standard","meta":{"footnotes":""},"categories":[9],"tags":[],"class_list":["post-27587","post","type-post","status-publish","format-standard","has-post-thumbnail","hentry","category-zpravy"],"_links":{"self":[{"href":"https:\/\/www.invarena.cz\/index.php?rest_route=\/wp\/v2\/posts\/27587","targetHints":{"allow":["GET"]}}],"collection":[{"href":"https:\/\/www.invarena.cz\/index.php?rest_route=\/wp\/v2\/posts"}],"about":[{"href":"https:\/\/www.invarena.cz\/index.php?rest_route=\/wp\/v2\/types\/post"}],"author":[{"embeddable":true,"href":"https:\/\/www.invarena.cz\/index.php?rest_route=\/wp\/v2\/users\/1"}],"replies":[{"embeddable":true,"href":"https:\/\/www.invarena.cz\/index.php?rest_route=%2Fwp%2Fv2%2Fcomments&post=27587"}],"version-history":[{"count":0,"href":"https:\/\/www.invarena.cz\/index.php?rest_route=\/wp\/v2\/posts\/27587\/revisions"}],"wp:featuredmedia":[{"embeddable":true,"href":"https:\/\/www.invarena.cz\/index.php?rest_route=\/wp\/v2\/media\/14228"}],"wp:attachment":[{"href":"https:\/\/www.invarena.cz\/index.php?rest_route=%2Fwp%2Fv2%2Fmedia&parent=27587"}],"wp:term":[{"taxonomy":"category","embeddable":true,"href":"https:\/\/www.invarena.cz\/index.php?rest_route=%2Fwp%2Fv2%2Fcategories&post=27587"},{"taxonomy":"post_tag","embeddable":true,"href":"https:\/\/www.invarena.cz\/index.php?rest_route=%2Fwp%2Fv2%2Ftags&post=27587"}],"curies":[{"name":"wp","href":"https:\/\/api.w.org\/{rel}","templated":true}]}}