{"id":27589,"date":"2017-03-20T08:24:18","date_gmt":"2017-03-20T07:24:18","guid":{"rendered":"http:\/\/www.invarena.cz\/?p=27589"},"modified":"2017-03-20T08:24:18","modified_gmt":"2017-03-20T07:24:18","slug":"jak-to-vidi-profesor-josef-koutecky","status":"publish","type":"post","link":"https:\/\/www.invarena.cz\/?p=27589","title":{"rendered":"Jak to vid\u00ed profesor Josef Kouteck\u00fd"},"content":{"rendered":"<p>19. den b\u0159ezna je v\u0161em Josef\u016fm pop\u0159\u00e1no v\u0161echno nejlep\u0161\u00ed a jednoho mimo\u0159\u00e1dn\u00e9ho noblesn\u00edho, Josefa KOUTECK\u00c9HO, profesora, zakladatele d\u011btsk\u00e9 onkologie p\u0159iv\u00edtali ve studiu \u010cRo Dvojka.<!--more--><\/p>\n<p>Zbigniew CZENDLIK, moder\u00e1tor:<br \/>\nJak se v\u00e1m l\u00edb\u00ed to vlastn\u00ed jm\u00e9no Josef?<\/p>\n<p>Josef KOUTECK\u00dd, profesor, zakladatel d\u011btsk\u00e9 onkologie:<br \/>\nL\u00edb\u00ed se mi to vlastn\u00ed jm\u00e9no Josef. Samoz\u0159ejm\u011b j\u00e1 jako v\u011b\u0159\u00edc\u00ed \u010dlov\u011bk ho m\u00e1m spojeno s tou biblickou p\u0159\u00edhodou, kter\u00e1 n\u00e1m p\u0159inesla to, co n\u00e1m p\u0159inesla a ten svat\u00fd Josef hraje neodmyslitelnou roli. Jenom\u017ee s m\u00fdm Josefem je to tro\u0161ku problematick\u00e9. Nemysl\u00edm s t\u00edm jm\u00e9nem, to jm\u00e9no ct\u00edm a musel jsem b\u00fdt Josef proto, proto\u017ee m\u016fj otec byl tak\u00e9 Josef. P\u0159esto ale v rodin\u011b bylo n\u011bkolik Josef\u016f, tak\u017ee ka\u017ed\u00e9mu se muselo \u0159\u00edkat n\u011bjak jinak a m\u00e9mu otci se \u0159\u00edkalo Pepa, a kdy\u017e jsem se narodil a nadechl se tady poprv\u00e9 pra\u017esk\u00e9ho vzduchu, a proto jsem z\u016fstal milovn\u00edkem Prahy, tak zjistili, \u017ee jsem kluk a u\u017e od za\u010d\u00e1tku, abych byl odli\u0161en od ostatn\u00edch Josef\u016f v rodin\u011b, tak mi za\u010dali \u0159\u00edkat Pe\u0165a, m\u00edsto Pepa otcova, tak\u017ee od narozen\u00ed mi rodina a v\u0161ichni moji p\u0159\u00e1tel\u00e9 \u0159\u00edkaj\u00ed Pe\u0165o.<\/p>\n<p>Zbigniew CZENDLIK, moder\u00e1tor:<br \/>\nPe\u0165o, Pepo, Pep\u00edku, Pep\u00ed\u010dku, to je kr\u00e1sn\u00e9 osloven\u00ed. J\u00e1 mus\u00edm \u0159\u00edct, pane profesore, je\u0161t\u011b jednu v\u011bc \u00favodu. Proto\u017ee vy jste mimo\u0159\u00e1dn\u011b renesan\u010dn\u00ed pro m\u011b osobnost. Vy jste l\u00e9ka\u0159, vy jste tady vybudoval v \u010cesk\u00e9 republice skoro od nuly d\u011btskou onkologii, ale to nen\u00ed v\u0161echno. Vy jste u\u010ditel, p\u00ed\u0161ete knihy, m\u00e1te r\u00e1d poesii, m\u00e1te r\u00e1d hudbu, um\u011bn\u00ed. Va\u0161e l\u00e1sky jsou Praha, rudolf\u00ednsk\u00e1 doba a tak\u00e9 \u010de\u0161tina. A j\u00e1 bych v\u00e1s poprosil, v\u00edte, byste m\u011b ob\u010das opravil.<\/p>\n<p>Josef KOUTECK\u00dd, profesor, zakladatel d\u011btsk\u00e9 onkologie:<br \/>\nNo, to si netroufnu, samoz\u0159ejm\u011b. Proto\u017ee abych tedy op\u00e1\u010dil va\u0161i chv\u00e1lu, tak j\u00e1 mus\u00edm pochv\u00e1lit zase v\u00e1s, jak vy zvl\u00e1d\u00e1te \u010desk\u00fd jazyk, i kdy\u017e nejste \u010cech, tak\u017ee to je obdivuhodn\u00e9.<\/p>\n<p>Zbigniew CZENDLIK, moder\u00e1tor:<br \/>\nTak\u017ee z\u016fstaneme je\u0161t\u011b u toho Josefa, u toho jm\u00e9na? Zn\u00e1te v\u00fdznam toho jm\u00e9na Josef?<\/p>\n<p>Josef KOUTECK\u00dd, profesor, zakladatel d\u011btsk\u00e9 onkologie:<br \/>\nV\u00fdznam, to nezn\u00e1m, to si p\u0159izn\u00e1m.<\/p>\n<p>Zbigniew CZENDLIK, moder\u00e1tor:<br \/>\nTak j\u00e1 v\u00e1m to te\u010f p\u0159esn\u011b \u0159eknu. Josef znamen\u00e1 z hebrej\u0161tiny &#8211; B\u016fh ti d\u00e1 d\u00edt\u011b, B\u016fh ti d\u00e1 n\u00e1sledovatele nebo pokra\u010dovatele a B\u016fh ti p\u0159id\u00e1.<\/p>\n<p>Josef KOUTECK\u00dd, profesor, zakladatel d\u011btsk\u00e9 onkologie:<br \/>\nNo, to m\u011b neoby\u010dejn\u011b t\u011b\u0161\u00ed, proto\u017ee to se skute\u010dn\u011b naplnilo.<\/p>\n<p>Zbigniew CZENDLIK, moder\u00e1tor:<br \/>\nA j\u00e1 si mysl\u00edm, \u017ee v\u0161echno se napl\u0148uje, proto\u017ee d\u00edt\u011b spojuj\u00ed s tou d\u011btskou onkologi\u00ed, to co jste d\u011blal, pochopiteln\u011b, \u017ee asi bylo pot\u0159eba, aby to fungovalo, tak jste musel m\u00edt n\u00e1sledovatele, lidi, kter\u00e9 jste inspiroval. A t\u00edm, jak vid\u00edm ve va\u0161em obli\u010deji takov\u00fd ten klid, pohodu, tak mysl\u00edm si, \u017ee p\u016fsob\u00edte aspo\u0148 na m\u011b jako \u010dlov\u011bk obdarovan\u00fd, kter\u00e9mu p\u00e1nb\u016fh po\u0159\u00e1d p\u0159id\u00e1v\u00e1.<\/p>\n<p>Josef KOUTECK\u00dd, profesor, zakladatel d\u011btsk\u00e9 onkologie:<br \/>\nTo naprosto souhlas\u00ed. J\u00e1 p\u0159esto\u017ee pro\u017e\u00edv\u00e1m posledn\u00ed t\u0159i roky velk\u00fd smutek, tak pova\u017euji sv\u016fj \u017eivot za neoby\u010dejn\u011b \u0161\u0165astn\u00fd. Mohl jsem vlastn\u011b v \u017eivot\u011b jednak ud\u011blat to, co jsem tou\u017eil d\u011blat, co jsem cht\u011bl d\u011blat, to se naplnilo, a doznalo to velk\u00fdch v\u00fdsledk\u016f a \u00fasp\u011bch\u016f. A v osobn\u00edm \u017eivot\u011b jsem byl obdarov\u00e1n tak neoby\u010dejn\u011b, tak kr\u00e1sn\u011b v\u0161emi kr\u00e1sami sv\u011bta, bych \u0159ekl, tak\u017ee i v tom sv\u00e9m smutku st\u00e1le tohle vn\u00edm\u00e1m, jsem za to vd\u011b\u010dn\u00fd. Nikdy se asi nenaba\u017e\u00edm toho, \u010d\u00edm m\u011b P\u00e1n B\u016fh obda\u0159il. V\u00edte, kdy\u017e jsem jako dosp\u011bl, nechci \u0159\u00edkat zmoud\u0159el, proto\u017ee kdo z n\u00e1s je moudr\u00fd, moudr\u00fd nen\u00ed nikdo, m\u016f\u017eeme se o to sna\u017eit, b\u00fdti moud\u0159ej\u0161\u00edm, tak kdy\u017e jsem se tedy st\u00e1val moud\u0159ej\u0161\u00ed u\u017e p\u0159ed l\u00e9ty, tak m\u00e1m takov\u00e9 vnit\u0159n\u00ed kr\u00e9do a to kr\u00e9do je povinnost d\u00e1vat a pr\u00e1vo br\u00e1t. A j\u00e1 jsem cel\u00fd \u017eivot a do te\u010f st\u00e1le rozd\u00e1val ale st\u00e1le beru. Beru to, co mi P\u00e1n B\u016fh nab\u00eddl. V\u0161echnu tu kr\u00e1su. Nab\u00eddli mi kr\u00e1sn\u00e9 man\u017eelstv\u00ed, kr\u00e1sn\u00fd rodinn\u00fd \u017eivot, nab\u00eddl mi m\u00e9 l\u00e1sky, m\u00e9 m\u00fazy, kter\u00fdmi jsem obklopen a kter\u00e9 m\u011b dovedou tedy i v tom smutku v\u00e9st t\u00edm \u017eivotem ve spokojenosti.<\/p>\n<p>Zbigniew CZENDLIK, moder\u00e1tor:<br \/>\nMimo jin\u00e9 vy\u0161la kn\u00ed\u017eka, kter\u00e1 se jmenuje Osm m\u00faz m\u00e9ho \u017eivota, va\u0161e kn\u00ed\u017eka<\/p>\n<p>Josef KOUTECK\u00dd, profesor, zakladatel d\u011btsk\u00e9 onkologie:<br \/>\nAno, ten n\u00e1zev si ov\u0161em vymyslela pan\u00ed redaktorka, kter\u00e1 tu knihu iniciovala a d\u011blala. A je to proti tradici tedy starov\u011bk\u00e9, proto\u017ee m\u00faz je dev\u011bt. V n\u011bkter\u00fdch slovn\u00edc\u00edch tak\u00e9 sedm tedy a ona dala z\u0159ejm\u011b naschv\u00e1l osm, aby t\u00edm trochu iritovala.<\/p>\n<p>Zbigniew CZENDLIK, moder\u00e1tor:<br \/>\nAno, aby se lid\u00e9 ptali, jestli v\u00e1m n\u011bjak\u00e1 chyb\u00ed nebo p\u0159ib\u00fdv\u00e1.<\/p>\n<p>Josef KOUTECK\u00dd, profesor, zakladatel d\u011btsk\u00e9 onkologie:<br \/>\nAsi ta dev\u00e1t\u00e1 by mohla b\u00fdti m\u00faza tance, proto\u017ee j\u00e1 jsem v podstat\u011b nikdy netancoval a kdy\u017e jsem musel tan\u010dit, tak to pro m\u011b bylo utrpen\u00ed.<\/p>\n<p>Zbigniew CZENDLIK, moder\u00e1tor:<br \/>\nJsme na tom stejn\u011b, pane profesore, pro m\u011b je to tak\u00e9 utrpen\u00ed. V\u0161ichni sourozenci r\u00e1di tancovali, m\u011bli to v l\u00e1sce. To je jedin\u00e9, co j\u00e1 jsem nepochytal.<\/p>\n<p>Josef KOUTECK\u00dd, profesor, zakladatel d\u011btsk\u00e9 onkologie:<br \/>\nAno, ano, j\u00e1 tak\u00e9 ne.<\/p>\n<p>Zbigniew CZENDLIK, moder\u00e1tor:<br \/>\nMluv\u00edme o t\u011bch tr\u00e1pen\u00edch, o tom p\u0159ij\u00edm\u00e1n\u00ed jste \u010dlov\u011bk obdarovan\u00fd. Vych\u00e1z\u00ed to z toho kr\u00e1sn\u00e9ho jm\u00e9na Josef. P\u00e1nb\u016fh n\u00e1m toho hodn\u011b dal, ale tak\u00e9 i n\u011bkdy bere. A my jsme se potkali p\u0159ed p\u00e1r lety a byla u toho setk\u00e1n\u00ed je\u0161t\u011b i va\u0161e man\u017eelka, jak jste to pro\u017e\u00edval?<\/p>\n<p>Josef KOUTECK\u00dd, profesor, zakladatel d\u011btsk\u00e9 onkologie:<br \/>\nMysl\u00edte, kdy\u017e zem\u0159ela? V\u00edte, je to paradoxn\u00ed, ale moje \u017eena byla t\u011b\u017ece nemocn\u00e1 a ty posledn\u00ed m\u011bs\u00edce a pak zejm\u00e9na t\u00fddny u\u017e byly zl\u00e9. A ona um\u0159ela na jednotce intenzivn\u00ed p\u00e9\u010de ve velmi t\u011b\u017ek\u00e9m stavu, v sepsi, a jednoho dne, proto\u017ee byla v nemocnici, kde pracuju, tak jsem za n\u00ed chodil dopoledne a odpoledne a\u017e do ve\u010dera. Jeden ve\u010der, kdy u\u017e byla trochu om\u00e1men\u00e1, u\u017e ta sepse i mysl j\u00ed trochu kalila, tak kdy\u017e jsem odch\u00e1zel, tak mi \u0159ekla: D\u011bkuju ti. A j\u00e1 jsem se tak jako tro\u0161ku na\u010du\u0159il, ale v tom dobr\u00e9m slova smyslu a \u0159\u00edkal jsem: pros\u00edm t\u011b, za co mi d\u011bkuje\u0161, v\u017edy\u0165 je to p\u0159eci samoz\u0159ejm\u00e9, \u017ee za tebou chod\u00edm a kdy\u017e n\u011bco pot\u0159ebuje\u0161, tak ti to p\u0159inesu. A ona \u0159ekla: Za v\u0161echno. Kdy\u017e jsem p\u0159i\u0161el druh\u00fd den, byla v um\u011bl\u00e9m sp\u00e1nku, byla zaintubovan\u00e1, u\u017e jsem j\u00ed nemohl pol\u00edbit na rty, jen na \u010delo, a to byla posledn\u00ed jej\u00ed slova: D\u011bkuji ti za v\u0161echno. A j\u00e1 jsem pochopil, \u017ee mi d\u011bkuje za cel\u00fd ten n\u00e1\u0161 spole\u010dn\u00fd \u017eivot, za v\u0161echno, co jsme spolu pro\u017eili. A byl to \u017eivot takov\u00fd, \u017ee si neum\u00edm p\u0159edstavit kr\u00e1sn\u011bj\u0161\u00ed. Ten vztah byl \u00fapln\u011b dokonal\u00fd. O n\u00e1s se dokonce \u0159\u00edkalo, \u017ee jsme nejzn\u00e1m\u011bj\u0161\u00ed pra\u017eskou dvojic\u00ed. J\u00e1 jsem pracoval hodn\u011b, ale kdy\u017e jsem nepracoval, tak jsem bez n\u00ed neud\u011blal krok. My jsme byli opravdu jak srostl\u00ed.<\/p>\n<p>Zbigniew CZENDLIK, moder\u00e1tor:<br \/>\nA m\u00fdm hostem je pan profesor Josef Kouteck\u00fd. Mluv\u00edme o tom, \u017ee d\u016fle\u017eit\u00e9 je um\u011bt p\u0159ij\u00edmat, vn\u00edmat to, co od P\u00e1na Boha dost\u00e1v\u00e1me. A te\u010f jsme p\u0159ed chv\u00edli mluvili o tom, \u017ee n\u011bkdy B\u016fh tak\u00e9 bere. Ale to, \u017ee n\u00e1m n\u011bkdy n\u011bco vezme, m\u016f\u017ee b\u00fdt z dlouhodob\u00e9 perspektivy tak\u00e9 obdarov\u00e1n\u00edm.<\/p>\n<p>Josef KOUTECK\u00dd, profesor, zakladatel d\u011btsk\u00e9 onkologie:<br \/>\nAno, j\u00e1 jsem jej\u00ed smrt, kterou jsem samoz\u0159ejm\u011b nesm\u00edrn\u011b t\u011b\u017ece nesl. Tak jsem j\u00ed pova\u017eoval sv\u00fdm zp\u016fsobem za vysvobozen\u00ed, proto\u017ee jej\u00ed stav byl tak v\u00e1\u017en\u00fd, \u017ee dokonce pak u\u017e v tom um\u011bl\u00e9m sp\u00e1nku j\u00ed museli amputovat doln\u00ed kon\u010detinu. J\u00e1 jsem si nedovedl p\u0159edstavit, jak by reagovala, kdyby se probudila a kdyby dokonce p\u0159e\u017eila tedy v tomto stavu, proto\u017ee ona byla samoz\u0159ejm\u011b sv\u00e1 a asi by velmi t\u011b\u017ece takov\u00e9to posti\u017een\u00ed, po\u0161kozen\u00ed nesla. Jenom\u017ee pak mi P\u00e1n B\u016fh je\u0161t\u011b tedy p\u0159inesl je\u0161t\u011b jedno velk\u00e9 b\u0159emeno, proto\u017ee za dva roky nato vloni mi zem\u0159ela dcera. A jak v \u017eivot\u011b to b\u00fdv\u00e1, je to paradox, proto\u017ee moje dcera zem\u0159ela na zhoubn\u00fd n\u00e1dor na to, \u010demu\u017e jsem ob\u011btoval cel\u00fd sv\u016fj pracovn\u00ed \u017eivot. Ale tak to je a i to jsem musel p\u0159ijmout s pokorou, a dok\u00e1\u017eu se s t\u00edm tedy vyrovnat, proto\u017ee v\u00edte, o co jde? Ony jsou se mnou po\u0159\u00e1d. J\u00e1 nejsem ani vte\u0159inu nebo v\u00edte, sportovci to m\u011b\u0159\u00ed na setiny vte\u0159in, co si dost dob\u0159e neum\u00edm p\u0159edstavit, prost\u011b j\u00e1 je m\u00e1m vedle sebe po\u0159\u00e1d.<\/p>\n<p>Zbigniew CZENDLIK, moder\u00e1tor:<br \/>\nPane profesore, j\u00e1 jsem se cht\u011bl tedy zeptat, jak vypl\u0148ujete tu pr\u00e1zdnotu, kter\u00e1 vznikla ve va\u0161em \u017eivot\u011b. Vy jste mi prakticky \u0159ekl, \u017ee to pr\u00e1zdno nec\u00edt\u00edte, ale p\u0159eci jen, ten fyzick\u00fd kontakt mus\u00ed chyb\u011bt.<\/p>\n<p>Josef KOUTECK\u00dd, profesor, zakladatel d\u011btsk\u00e9 onkologie:<br \/>\nSamoz\u0159ejm\u011b, to je nesm\u00edrn\u011b chyb\u00ed. Ale vypl\u0148uji sv\u016fj \u017eivot tak, \u017ee den co den od r\u00e1na do ve\u010dera pracuju, po\u0159\u00e1d je\u0161t\u011b chod\u00edm na kliniku, u\u010d\u00edm studenty, zkou\u0161\u00edm, \u00fa\u010dastn\u00edm se takov\u00e9ho b\u011b\u017en\u00e9ho \u017eivota kliniky u\u017e se nestar\u00e1m o pacienty, tam se boj\u00edm, \u017ee bych mohl chybovat a nav\u00edc trochu u\u017e zdravotn\u00ed stav mi to nedovoluje. U\u017e nejsem tak \u010dipern\u00fd, jak jsem b\u00fdval, po\u0159\u00e1d n\u011bkdo na m\u011b n\u011bco chce, abych n\u011bkde p\u0159edn\u00e1\u0161el, abych psal n\u011bjak\u00fd \u010dl\u00e1nky, chod\u00ed redakto\u0159i a tak d\u00e1le. A kdy\u017e tedy jsem s\u00e1m, m\u00e1m voln\u00fd \u010das, tak sed\u00edm u psac\u00edho stolu a p\u00ed\u0161u a p\u00ed\u0161u a p\u00ed\u0161u. Te\u010f budu zase odevzd\u00e1vat dal\u0161\u00ed knihu. U\u017e je v podstat\u011b hotov\u00e1. M\u011bla by vyj\u00edt je\u0161t\u011b toto pololet\u00ed.<\/p>\n<p>Zbigniew CZENDLIK, moder\u00e1tor:<br \/>\nA kdy\u017e p\u0159ijde ve\u010der.<\/p>\n<p>Josef KOUTECK\u00dd, profesor, zakladatel d\u011btsk\u00e9 onkologie:<br \/>\nKdy\u017e p\u0159ijde ve\u010der, tak j\u00e1 jsem mu\u017eem ritu\u00e1lu a ten ritu\u00e1l, pokud nejdu na koncert hodn\u011b pozd\u011b ve\u010der, a za\u010d\u00e1tku noci si naleju sklenku hru\u0161kovice nebo meru\u0148kovice, tu m\u00e1m rad\u0161i je\u0161t\u011b ne\u017e slivovici, ty jsou jemn\u011bj\u0161\u00ed, zap\u00e1l\u00edm si vir\u017einko a m\u00e1m vyhledanou hudbu, kter\u00e1 se mi hod\u00ed pro ten den jak\u00fd byl a poslouch\u00e1m hudbu. Usrk\u00e1v\u00e1m, baf\u00e1m, sn\u00edm, dost\u00e1v\u00e1m p\u0159itom \u010dasto dobr\u00e9 n\u00e1pady. M\u00e1m st\u00e1le u sebe not\u00fdsek a propisku a nap\u00ed\u0161u si heslo, abych to nezapomn\u011bl a tak ten den vy\u010dp\u00ed v tom, \u017ee u\u017e si jdu lehnout usm\u00ed\u0159en s t\u00edm dnem, s nad\u011bj\u00ed, \u017ee se r\u00e1no probud\u00edm. A\u017e se jednou neprobud\u00edm, tak ten odchod bude v tom sm\u00edru, v tom uklidn\u011bn\u00ed, v tom, \u017ee i kdybych ten den ud\u011blal n\u011bco, co jsem nem\u011bl ud\u011blat, tak\u017ee v\u00edm, \u017ee ten druh\u00fd den to naprav\u00edm.<\/p>\n<p>Zbigniew CZENDLIK, moder\u00e1tor:<br \/>\nJ\u00e1 si v\u016fbec nedok\u00e1\u017eu, pane profesore, p\u0159edstavit, abyste \u017eil s n\u011bk\u00fdm dlouhodob\u011b v n\u011bjak\u00e9m konfliktu, nep\u0159\u00e1telstv\u00ed. Potkalo v\u00e1s to n\u011bkdy v \u017eivot\u011b?<\/p>\n<p>Josef KOUTECK\u00dd, profesor, zakladatel d\u011btsk\u00e9 onkologie:<br \/>\nPotkalo m\u011b to. Samoz\u0159ejm\u011b. Jednou jsem se velmi zklamal s jedn\u00edm sv\u00fdm kolegou na klinice, kter\u00e9m jsem d\u00e1val velkou budoucnost. Dokonce jsem si myslel, \u017ee by mohl b\u00fdt n\u00e1stupcem po m\u011b na m\u00e9 klinice a ten m\u011b nesm\u00edrn\u011b hluboce zklamal.<\/p>\n<p>Zbigniew CZENDLIK, moder\u00e1tor:<br \/>\nJ\u00e1 se mus\u00edm dotknout je\u0161t\u011b d\u016fle\u017eit\u00e9ho t\u00e9matu t\u00e9 d\u011btsk\u00e9 onkologie. Proto\u017ee vy jste tak tro\u0161ku jakoby job, i v\u00e1s P\u00e1n B\u016fh v tom va\u0161em \u017eivot\u011b zkou\u0161el, pro\u017eil si svoje utrpen\u00ed, ale z\u00e1rove\u0148 byl jste sv\u011bdkem ciz\u00edho utrpen\u00ed. Mo\u017en\u00e1 jste v republice \u010dlov\u011bk, kter\u00fd vid\u011bl nejv\u00edce um\u00edraj\u00edc\u00edch d\u011bt\u00ed.<\/p>\n<p>Josef KOUTECK\u00dd, profesor, zakladatel d\u011btsk\u00e9 onkologie:<br \/>\nAno a ne\u0161\u0165astn\u00fdch rodi\u010d\u016f.<\/p>\n<p>Zbigniew CZENDLIK, moder\u00e1tor:<br \/>\nP\u0159esto jste v\u00edru neztratil.<\/p>\n<p>Josef KOUTECK\u00dd, profesor, zakladatel d\u011btsk\u00e9 onkologie:<br \/>\nUr\u010dit\u011b ne. Naopak. Ta v\u00edra m\u011b podporovala v t\u011bch po\u010d\u00e1te\u010dn\u00edch a bylo to n\u011bkolik let, ne\u017e se ty \u00fasp\u011bchy za\u010daly dostavovat, tak m\u011b podporovala pr\u00e1v\u011b v t\u00e9 s\u00edle, v t\u00e9 urputnosti, pokusit se n\u011bco ud\u011blat, n\u011bco co m\u016f\u017ee tu situaci zlep\u0161it. Samoz\u0159ejm\u011b m\u011bl jsem p\u0159\u00edklady, m\u011bl jsem p\u0159\u00edklady ze Z\u00e1padu, z literatury, jezdit jsem nemohl. My jsme byly rodina, familie, politika, grata. M\u00e9ho otce v podstat\u011b komunist\u00e9 zlikvidovali a dv\u011b sestry emigrovaly, tak\u017ee dovedete si p\u0159estavit, jak jsme byli tehdej\u0161\u00edm re\u017eimem naz\u00edr\u00e1ni. Ale v tom zase bylo, \u0159ekl bych, to \u0161t\u011bst\u00ed a to co mi ten P\u00e1n B\u016fh dal. Proto\u017ee v\u0161ichni pochybovali o tom, co d\u011bl\u00e1m, a j\u00e1 m\u011bl tu s\u00edlu je p\u0159esv\u011bd\u010dit o tom, \u017ee to je dob\u0159e. \u017de to m\u00e1 n\u011bjak\u00fd smysl. V\u00edte, a to je mysl\u00edm, jeden z takov\u00fdch z\u00e1klad\u016f \u017eivota, kter\u00fd by si m\u011bli mlad\u00ed lid\u00e9 uv\u011bdomovat. Naj\u00edt si c\u00edl, m\u00edt jasno, co chci, a j\u00edt za t\u00edm. Urputn\u011b, usilovn\u011b za t\u00edm j\u00edt. Proto\u017ee v\u011bt\u0161inou se to pak povede.<\/p>\n<p>Zbigniew CZENDLIK, moder\u00e1tor:<br \/>\nV\u00edte, pane profesore, \u010dasto se potk\u00e1v\u00e1m s takovou tou n\u00e1mitkou jako duchovn\u00ed jako v\u011b\u0159\u00edc\u00ed \u010dlov\u011bk, od lid\u00ed \u0159\u00edkaj\u00ed: Kdyby B\u016fh existoval, kdyby existoval, tak by nedopustil tohle to utrpen\u00ed. Pro\u010d to P\u00e1n B\u016fh dopou\u0161t\u00ed a j\u00e1 t\u011b\u017eko hled\u00e1m odpov\u011b\u010f.<\/p>\n<p>Josef KOUTECK\u00dd, profesor, zakladatel d\u011btsk\u00e9 onkologie:<br \/>\nMy dva bychom si mohli spolu \u0159\u00edci, \u017ee B\u016fh trest\u00e1 viny otc\u016f a t\u011bmi otci se mysl\u00ed i p\u0159edkov\u00e9 daleko vzd\u00e1len\u011bj\u0161\u00ed, ne\u017e je ten otec vlastn\u00ed, tak\u017ee toto vysv\u011btlen\u00ed n\u00e1bo\u017eensk\u00e9 bychom museli p\u0159ijmout. Ale lid\u00e9 si p\u0159ece nemohou p\u0159edstavovat, \u017ee P\u00e1n B\u016fh rozhoduje, \u017ee t\u011bch sedm miliard lid\u00ed, kte\u0159\u00ed jsou dneska na t\u00e9 na\u0161\u00ed planete, on st\u00e1le to je nep\u0159edstaviteln\u00e9, to nen\u00ed mo\u017en\u00e9. On sou\u010dasn\u011b s t\u00edm dal \u010dlov\u011bku svobodnou v\u016fli, v\u016fli jednat, v\u016fli rozhodovat. Ony i ty n\u00e1dory z\u00e1vis\u00ed na tom, jak to bylo v t\u00e9 minulosti v t\u00e9 rodin\u011b, tam hraje ta genetika tu svou roli velikou, prost\u011b je to v cel\u00e9 p\u0159\u00edrod\u011b, v cel\u00e9m \u017eivot\u011b tak, \u017ee p\u0159ich\u00e1z\u00ed v\u011bci dobr\u00e9 a p\u0159ich\u00e1zej\u00ed v\u011bci \u0161patn\u00e9. A obvi\u0148ovat z toho P\u00e1na Boha, mysl\u00edm si, je nesmysl.<\/p>\n<p>Zbigniew CZENDLIK, moder\u00e1tor:<br \/>\nMluvili jsme o tom, jak velmi \u010dasto lid\u00e9 svoji nev\u00edru omlouvaj\u00ed t\u00edm, \u017ee kdyby B\u016fh existoval, tak by nedopustil takov\u00e9 v\u011bci jak\u00fdmi jsou mimo jin\u00e9 rakovina u mal\u00fdch d\u011bt\u00ed. V\u00edte, j\u00e1 odpov\u00edd\u00e1m velmi \u010dasto takov\u00fdm lidem: Je mi to l\u00edto, c\u00edt\u00edm s v\u00e1mi, proto\u017ee m\u00e1m mezi zn\u00e1m\u00fdmi tak\u00e9 rodiny, kde d\u00edt\u011b trp\u00ed onkologicky, ale \u0159\u00edk\u00e1m si, \u017ee zase na druhou stranu ta medic\u00edna je obrovsk\u00fdm bo\u017e\u00edm darem a je to z\u00e1zrak a \u0159\u00edk\u00e1m si, mo\u017en\u00e1 to tvoje d\u00edt\u011b zem\u0159e, ale ta pr\u00e1ce t\u011bch doktor\u016f s t\u00edm d\u00edt\u011btem to l\u00e9\u010den\u00ed zase celou medic\u00ednu posune n\u011bkam d\u00e1l a zachr\u00e1n\u00ed to mo\u017en\u00e1 \u017eivot dal\u0161\u00edm pokolen\u00edm.<\/p>\n<p>Josef KOUTECK\u00dd, profesor, zakladatel d\u011btsk\u00e9 onkologie:<br \/>\nTo naprosto souhlas\u00ed a hovo\u0159\u00ed o tom v\u00fdsledky, kter\u00fd za ten \u017eivot doc\u00edlil. Kdy\u017e jsem za\u010dal, um\u00edralo 97 % d\u011bt\u00ed. Jenom t\u0159i ze sta se poda\u0159ilo vyl\u00e9\u010dit. A dnes jich vyl\u00e9\u010d\u00edme 83 %. To je 80% rozd\u00edl. A tak si mysl\u00edm, \u017ee ten \u017eivot se v\u0161\u00edm t\u00edm utrpen\u00edm, se v\u0161emi t\u011bmi p\u0159ek\u00e1\u017ekami, proto\u017ee ka\u017ed\u00e1 ta smrt pro m\u011b byla ranou. C\u00edtil jsem, jak s t\u00edm d\u00edt\u011btem, tak samoz\u0159ejm\u011b s jeho rodi\u010di. A to byla pr\u00e1v\u011b mimo jin\u00e9 ta v\u00edra, a ten c\u00edl, aby t\u011bch d\u011bt\u00ed bylo st\u00e1le m\u00e9n\u011b, t\u011bch co um\u00edraj\u00ed, ta starost o ty rodi\u010de byla v\u017edycky velik\u00e1. Moje dve\u0159e byly v\u017edycky otev\u0159en\u00e9. Rodi\u010de za mnou mohli chodit, kdy cht\u011bli, jak cht\u011bli, proto\u017ee jsme l\u00e9\u010dili d\u011bti, tenkr\u00e1t dokonce z cel\u00e9ho \u010ceskoslovenska, tak ty lidi byli vzd\u00e1leni, tak jsem za prv\u00e9 cht\u011bl, aby chodili oba rodi\u010de, abych mohl ob\u011bma v\u0161echno \u0159\u00edct, ne to nechat p\u0159en\u00e1\u0161et z jednoho na druh\u00e9ho a za druh\u00e9 jsem jim doporu\u010doval, aby doma na stole m\u011bli pap\u00edr a tu\u017eku, a aby si v\u0161echno to, na co se m\u011b cht\u011bj\u00ed zeptat, a\u017e p\u0159ijedou, proto\u017ee p\u0159eci jenom, kdy\u017e p\u0159ijeli p\u0159ed pana profesora, tak byli trochu ustra\u0161en\u00ed nebo ne ustra\u0161en\u00ed, proto\u017ee m\u011b m\u011bli lidi r\u00e1di, m\u011b dneska, j\u00e1 jdu po ulici a m\u011b lidi zastavuj\u00ed. Ale p\u0159eci jen je tam jak\u00fdsi ostych, a tak jsem \u0159\u00edkal, m\u011bjte to napsan\u00fd na pap\u00edru a j\u00e1 v\u00e1m budu odpov\u00eddat na jednu ot\u00e1zku za druhou. Na v\u0161echno, na co chcete.<\/p>\n<p>Zbigniew CZENDLIK, moder\u00e1tor:<br \/>\nMoji p\u0159\u00e1tel\u00e9 maj\u00ed nemocn\u00e9ho Ondr\u00e1\u0161ka, osmilet\u00e9ho a on m\u011bl mo\u017enost napsat svoje p\u0159\u00e1n\u00ed na Hrad, \u017ee tam p\u0159\u00edmo dostanou od pan\u00ed prezidentov\u00e9 n\u011bjak\u00fd d\u00e1rek, te\u010f proch\u00e1z\u00ed tou chemoterapi\u00ed a tak d\u00e1le, on si sednul a napsal t\u0159i p\u0159\u00e1n\u00ed: Aby se rodina m\u011bla r\u00e1da, aby tat\u00ednek zhubnul a aby p\u0159estal kou\u0159it. A \u0159\u00edk\u00e1m: Ondr\u00e1\u0161ku, ale to p\u0159ece nem\u016f\u017eeme poslat. Ale v\u00edte, jak d\u00edt\u011b osmilet\u00e9 s takovou nemoc\u00ed, jak dosp\u011ble uva\u017euje.<\/p>\n<p>Josef KOUTECK\u00dd, profesor, zakladatel d\u011btsk\u00e9 onkologie:<br \/>\nV\u00edte, to u\u017e plat\u00ed i pro ty d\u011bti. Pro dosp\u011bl\u00e9 snad je\u0161t\u011b v\u00edce, tedy proto\u017ee p\u0159eci jen si v\u00edc uv\u011bdomuj\u00ed ty hodnoty \u017eivota a jejich se\u0159azen\u00ed, ale nemoce \u010dasto otv\u00edraj\u00ed dve\u0159e, dve\u0159e k nov\u00e9mu.<\/p>\n<p>Zbigniew CZENDLIK, moder\u00e1tor:<br \/>\nTo je kr\u00e1sn\u00e9, co \u0159\u00edk\u00e1te, pou\u017e\u00edv\u00e1m takov\u00fd p\u0159\u00edm\u011br, \u017ee pot\u0159ebujeme n\u011bkdy slzu v oku. Ne abychom m\u011bli \u010dist\u00e9, ale je to n\u011bkdy jak \u010do\u010dka, proto\u017ee kdy\u017e honem okem pod\u00edv\u00e1m se na no\u010dn\u00ed oblohu, vid\u00edm milion hv\u011bzd, ale kdy\u017e k tomu p\u0159id\u00e1m dalekohled, tak vid\u00edm v\u00edc a d\u00e1l. A n\u011bkdy ta slzi\u010dka v oku pln\u00ed tu roli toho dalekohledu, a\u0165 u\u017e to je slza, kterou m\u00e1me z bolest\u00ed anebo \u0161t\u011bst\u00ed.<\/p>\n<p>Josef KOUTECK\u00dd, profesor, zakladatel d\u011btsk\u00e9 onkologie:<br \/>\nAno, z radosti, souhlas\u00edm. J\u00e1 \u010dasto, kdy\u017e si pou\u0161t\u00edm tu svou milovanou muziku a j\u00e1 nejv\u00edc hudbu m\u00e1m r\u00e1d komorn\u00ed hudbu, kter\u00e1 je nejintern\u011bj\u0161\u00ed, ka\u017ed\u00fd skladatel komorn\u00ed hudbou vyj\u00e1d\u0159il to nejv\u00edc ze sebe sama. Tak mn\u011b se n\u011bkdy kut\u00e1lej\u00ed slzy op tv\u00e1\u0159i. A j\u00e1 se za n\u011b nestyd\u00edm, naopak sv\u011bd\u010d\u00ed to o tom, \u017ee tu hudbu hluboce vn\u00edm\u00e1m a \u017ee m\u011b hluboce oslovuje.<\/p>\n<p>Zbigniew CZENDLIK, moder\u00e1tor:<br \/>\nPoj\u010fme d\u00e1l, co v\u00e1s d\u011bl\u00e1 v posledn\u00ed dob\u011b \u0161\u0165astn\u00fdm?<\/p>\n<p>Josef KOUTECK\u00dd, profesor, zakladatel d\u011btsk\u00e9 onkologie:<br \/>\nTa hudba, to je jedno velk\u00e9 \u0161t\u011bst\u00ed, proto\u017ee hudba, abych v\u00e1m napsal kr\u00e1snou knihu, kter\u00e1 se jmenuje hudba ut\u011b\u0161itelka. Tak\u017ee pro m\u011b je hudba ut\u011b\u0161itelka, ale p\u0159in\u00e1\u0161\u00ed mi s t\u00edm ut\u011b\u0161en\u00edm sou\u010dasn\u011b radost, ale mn\u011b p\u0159en\u00e1\u0161\u00ed radost i jin\u00e9 v\u011bci, tedy nap\u0159\u00edklad jsem k\u0159til p\u0159ed ned\u00e1vou dobou nov\u00e9 sl\u016fn\u011b v pra\u017esk\u00e9 zoologick\u00e9 zahrad\u011b. J\u00e1 jsem kmotrem slon\u016f pra\u017esk\u00e9 zoologick\u00e9 zahrady. Pan doktor Brandl, to je ten hlavn\u00ed, kter\u00fd se o n\u011b star\u00e1, \u0159\u00edk\u00e1, \u017ee o nich v\u00edm v\u00edc ne\u017e on, co\u017e samoz\u0159ejm\u011b nen\u00ed pravda. Ale tak jsem pok\u0159til tedy sl\u016fn\u011b a p\u0159edstavte si, jak se jmenuje, jestli to nev\u00edte?<\/p>\n<p>Zbigniew CZENDLIK, moder\u00e1tor:<br \/>\nV\u016fbec.<\/p>\n<p>Josef KOUTECK\u00dd, profesor, zakladatel d\u011btsk\u00e9 onkologie:<br \/>\nRudolf. Po Rudolfovi II., tak\u017ee j\u00e1 jsem k\u0159til Rudolfa.<\/p>\n<p>Zbigniew CZENDLIK, moder\u00e1tor:<br \/>\nA tak u\u017e jsme u rudolf\u00ednsk\u00e9 doby.<\/p>\n<p>Josef KOUTECK\u00dd, profesor, zakladatel d\u011btsk\u00e9 onkologie:<br \/>\nBudou mu \u0159\u00edkat Rudi zkr\u00e1cen\u011b. A dostal jsem od pana \u0159editele zoologick\u00e9 zahrady za ten k\u0159est obraz, kter\u00fd malovala slonice \u0160ant\u00ed, je to kuriozita tedy, ale kuriozita nep\u0159edstaviteln\u00e1, proto\u017ee kdybyste tento obraz pov\u011bsil na ze\u010f v\u00fdstavn\u00ed s\u00edn\u011b sou\u010dasn\u00e9ho abstraktn\u00edho v\u00fdtvarn\u00e9ho um\u011bn\u00ed, tak by ur\u010dit\u011b byl ten obraz ocen\u011bn jako jeden z nejlep\u0161\u00edch. Proto\u017ee to nen\u00ed k rozezn\u00e1n\u00ed. Naopak bych \u0159ekl, \u017ee n\u011bkdy ten obraz t\u00e9 \u0160\u00e1nt\u00ed \u0159\u00edk\u00e1 v\u00edc, ne\u017e ty sou\u010dasn\u00ed v\u00fdtvarn\u00ed mal\u00ed\u0159i.<\/p>\n<p>Zbigniew CZENDLIK, moder\u00e1tor:<br \/>\nUr\u010dit\u011b v\u00e1m d\u011bl\u00e1 radost psan\u00ed t\u00e9 va\u0161i knihy, kterou jste tady jen zm\u00ednil, nazna\u010dil, to jsem si \u0159ekl, \u017ee k tomu se vr\u00e1t\u00edme, proto\u017ee se chci v\u00e1s zeptat, na co se m\u016f\u017eeme t\u011b\u0161it, o \u010dem ta kniha bude?<\/p>\n<p>Josef KOUTECK\u00dd, profesor, zakladatel d\u011btsk\u00e9 onkologie:<br \/>\nTato posledn\u00ed kniha, kter\u00e1 u\u017e je v podstat\u011b hotov\u00e1, tak se jmenuje moje t\u0159et\u00ed l\u00e1ska a ten n\u00e1zev j\u00ed dal nakladatel a jsem \u0161\u0165asten z toho n\u00e1zvu, proto\u017ee moje prvn\u00ed l\u00e1ska byla moje \u017eena. Druhou l\u00e1skou byla medic\u00edna, kter\u00e9 jsem v\u011bnoval cel\u00fd \u017eivot a t\u0159et\u00ed je hudba. Ta t\u0159et\u00ed l\u00e1ska je 77 esej\u016f, \u00favah, vzpom\u00ednek o hudb\u011b. Tak\u017ee j\u00e1 amat\u00e9r, ale amare latinsky je milovati. \u010cili j\u00e1 nejsem amat\u00e9r v tom pejorativn\u00edm slova smyslu. J\u00e1 jsem milovn\u00edk hudby. A tak sd\u011bluji lidem, kte\u0159\u00ed nemaj\u00ed to po\u017eehn\u00e1n\u00ed, tu hudbu vn\u00edmat a tu kn\u00ed\u017eku si p\u0159e\u010dtou, tak mo\u017en\u00e1 za\u010dnou tu hudbu poslouchat, proto\u017ee v n\u00ed tedy se dozv\u00ed, jak m\u011b hudba oslovovala, dozv\u00ed se tam o z\u00e1\u017eitc\u00edch, kter\u00e9 jsem m\u011bl. O tom, co mi hudba sd\u011bluje, co mi \u0159\u00edk\u00e1, tak\u017ee to je kniha o hudb\u011b, ale m\u00e1m je\u0161t\u011b smlouvy na kn\u00ed\u017eky dal\u0161\u00ed. Jenom jde o to, aby mi P\u00e1n B\u016fh dal je\u0161t\u011b \u010das, abych to napsal.<\/p>\n<p>Zbigniew CZENDLIK, moder\u00e1tor:<br \/>\nPane profesore, tak kdy se m\u00e1m vydat do knihkupectv\u00ed, abych si tu kn\u00ed\u017eku mohl koupit?<\/p>\n<p>Josef KOUTECK\u00dd, profesor, zakladatel d\u011btsk\u00e9 onkologie:<br \/>\nJe to pl\u00e1nov\u00e1no tak asi na kv\u011bten, \u010derven, to je hned, ano.<\/p>\n<p>Zbigniew CZENDLIK, moder\u00e1tor:<br \/>\nAle bohu\u017eel, kouk\u00e1m, jak ty vte\u0159iny, minuty tady b\u011b\u017e\u00ed. A ten n\u00e1\u0161 \u010das se naplnil. J\u00e1 v\u00e1m moc d\u011bkuji, pane profesore, \u017ee jste p\u0159i\u0161el do toho studia, proto\u017ee to bylo moje osobn\u00ed p\u0159\u00e1n\u00ed. J\u00e1 jsem hrozn\u011b tou\u017eil se zase s v\u00e1mi po n\u011bkolika letech potkat a tro\u0161ku od v\u00e1s nas\u00e1t to pozitivn\u00ed ty noblesy v\u00e1m vlastn\u00ed.<\/p>\n<p>Josef KOUTECK\u00dd, profesor, zakladatel d\u011btsk\u00e9 onkologie:<br \/>\nPro m\u011b byla \u010dest, \u017ee jste m\u011b pozval vy, proto\u017ee j\u00e1 samoz\u0159ejm\u011b si v\u00e1s ct\u00edm tak, jako vy si ct\u00edte m\u011b. Tak to m\u00e1 b\u00fdt.<\/p>\n<p>Zbigniew CZENDLIK, moder\u00e1tor:<br \/>\nV\u00e1\u017een\u00ed poslucha\u010di, kr\u00e1snou ned\u011bli v\u00e1m p\u0159eje pan profesor Josef Kouteck\u00fd a Zbigniew Czendlik a je\u0161t\u011b jednou v\u0161echno nejlep\u0161\u00ed v\u0161em Josef\u016fm. <\/p>\n","protected":false},"excerpt":{"rendered":"<div class=\"mh-excerpt\"><p>19. den b\u0159ezna je v\u0161em Josef\u016fm pop\u0159\u00e1no v\u0161echno nejlep\u0161\u00ed a jednoho mimo\u0159\u00e1dn\u00e9ho noblesn\u00edho, Josefa KOUTECK\u00c9HO, profesora, zakladatele d\u011btsk\u00e9 onkologie p\u0159iv\u00edtali ve studiu \u010cRo Dvojka.<\/p>\n<\/div>","protected":false},"author":1,"featured_media":27590,"comment_status":"open","ping_status":"closed","sticky":false,"template":"","format":"standard","meta":{"footnotes":""},"categories":[9],"tags":[],"class_list":["post-27589","post","type-post","status-publish","format-standard","has-post-thumbnail","hentry","category-zpravy"],"_links":{"self":[{"href":"https:\/\/www.invarena.cz\/index.php?rest_route=\/wp\/v2\/posts\/27589","targetHints":{"allow":["GET"]}}],"collection":[{"href":"https:\/\/www.invarena.cz\/index.php?rest_route=\/wp\/v2\/posts"}],"about":[{"href":"https:\/\/www.invarena.cz\/index.php?rest_route=\/wp\/v2\/types\/post"}],"author":[{"embeddable":true,"href":"https:\/\/www.invarena.cz\/index.php?rest_route=\/wp\/v2\/users\/1"}],"replies":[{"embeddable":true,"href":"https:\/\/www.invarena.cz\/index.php?rest_route=%2Fwp%2Fv2%2Fcomments&post=27589"}],"version-history":[{"count":0,"href":"https:\/\/www.invarena.cz\/index.php?rest_route=\/wp\/v2\/posts\/27589\/revisions"}],"wp:featuredmedia":[{"embeddable":true,"href":"https:\/\/www.invarena.cz\/index.php?rest_route=\/wp\/v2\/media\/27590"}],"wp:attachment":[{"href":"https:\/\/www.invarena.cz\/index.php?rest_route=%2Fwp%2Fv2%2Fmedia&parent=27589"}],"wp:term":[{"taxonomy":"category","embeddable":true,"href":"https:\/\/www.invarena.cz\/index.php?rest_route=%2Fwp%2Fv2%2Fcategories&post=27589"},{"taxonomy":"post_tag","embeddable":true,"href":"https:\/\/www.invarena.cz\/index.php?rest_route=%2Fwp%2Fv2%2Ftags&post=27589"}],"curies":[{"name":"wp","href":"https:\/\/api.w.org\/{rel}","templated":true}]}}