{"id":27591,"date":"2017-03-20T08:03:36","date_gmt":"2017-03-20T07:03:36","guid":{"rendered":"http:\/\/www.invarena.cz\/?p=27591"},"modified":"2017-03-20T08:32:01","modified_gmt":"2017-03-20T07:32:01","slug":"pomoc-detem-ze-socialne-slabych-rodin","status":"publish","type":"post","link":"https:\/\/www.invarena.cz\/?p=27591","title":{"rendered":"Pomoc d\u011btem ze soci\u00e1ln\u011b slab\u00fdch rodin"},"content":{"rendered":"<p>U\u017e 10 tis\u00edc d\u011bt\u00ed chod\u00ed na ob\u011bdy d\u00edky d\u00e1rc\u016fm. Pom\u00e1haj\u00ed kraje, samotn\u00e9 \u0161koly i neziskov\u00e9 organizace. Po\u010det rodin, kter\u00e9 na stravenky pro potomky nemaj\u00ed, toto \u010d\u00edslo ale po\u0159\u00e1d p\u0159evy\u0161uje. St\u00e1t je proto podpo\u0159\u00ed dal\u0161\u00edmi des\u00edtkami milion\u016f korun.<!--more--><\/p>\n<p>Lea SUROVCOV\u00c1, redaktorka:<br \/>\nPo rozpadu rodiny a v\u00e1\u017en\u00e9 nemoci nem\u011bly pen\u00edze &#8211; \u017eily v azylov\u00e9m dom\u011b. Nakonec se jim za\u010dalo da\u0159it i d\u00edky d\u00e1rc\u016fm, kte\u0159\u00ed zaplatili \u0161koln\u00ed ob\u011bdy.<\/p>\n<p>Leona KERNOV\u00c1, \u017e\u00e1kyn\u011b 4. t\u0159\u00eddy:<br \/>\nM\u016f\u017eu si tam i pov\u00eddat s holkama, kamar\u00e1dkama, je to v\u00e1\u017en\u011b luxusn\u00ed.<\/p>\n<p>Jaroslava KERNOV\u00c1, Leonina matka:<br \/>\nN\u00e1m tohle vlastn\u011b pomohlo hlavn\u011b v tom, \u017ee mi to uvolnilo ruce, abych mohla za\u010d\u00edt sh\u00e1n\u011bt pr\u00e1ci, d\u00e1t Leonku do dru\u017einy.<\/p>\n<p>Lea SUROVCOV\u00c1, redaktorka:<br \/>\nPr\u00e1ci na\u0161la a za\u010dala radit dal\u0161\u00edm. Te\u010f chce sama p\u0159isp\u00edvat.<\/p>\n<p>Leona KERNOV\u00c1, \u017e\u00e1kyn\u011b 4. t\u0159\u00eddy:<br \/>\nJsem r\u00e1da, \u017ee ty d\u011bti m\u016f\u017eou chodit ze \u0161koly s pln\u00fdm b\u0159\u00ed\u0161kem, nejsou hladov\u00ed.<\/p>\n<p>Lea SUROVCOV\u00c1, redaktorka:<br \/>\nPo\u010det podpo\u0159en\u00fdch \u017e\u00e1k\u016f se v leto\u0161n\u00edm \u0161koln\u00edm roce zv\u00fd\u0161il. Ministerstvo \u0161kolstv\u00ed vy\u010dlenilo dal\u0161\u00edch 30 milion\u016f. Pen\u00edze se p\u0159es osv\u011bd\u010den\u00e9 organizace pak dostanou do \u0161kol k d\u011btem.<\/p>\n<p>Jarmila BAL\u00c1\u017dOV\u00c1, mluv\u010d\u00ed ministerstva \u0161kolstv\u00ed:<br \/>\nMinisterstvo \u0161kolstv\u00ed si ov\u011b\u0159ilo, \u017ee projekt fungoval v lo\u0148sk\u00e9m roce. \u0160kola m\u00e1 b\u00fdt m\u00edsto, kter\u00e9, pokud mo\u017eno, zabra\u0148uje rozd\u00edl\u016fm mezi d\u011btmi.<\/p>\n<p>Ivana TYKA\u010c, \u0159editelka organizace Women for Women:<br \/>\n\u010c\u00e1stka cel\u00e1 z grantu jde p\u0159\u00edmo d\u011btem.<\/p>\n<p>Lea SUROVCOV\u00c1, redaktorka:<br \/>\n\u0160koln\u00ed ob\u011bdy pl\u00e1nuje d\u00e1l podporovat i ministerstvo pr\u00e1ce a soci\u00e1ln\u00edch v\u011bc\u00ed. V nejbli\u017e\u0161\u00edch dnech vyhl\u00e1s\u00ed dota\u010dn\u00ed program za miliony korun, o pen\u00edze pak budou moci po\u017e\u00e1dat kraje.<\/p>\n<p>Martin KU\u010cERA, n\u00e1m\u011bstek ministryn\u011b pro ekonomiku a evropsk\u00e9 fondy, MPSV:<br \/>\nAktu\u00e1ln\u011b jedn\u00e1me s dal\u0161\u00edmi 3 kraji o zapojen\u00ed do nov\u00e9 v\u00fdzvy, kterou p\u0159ipravujeme. M\u00e1me dobrou spolupr\u00e1ci te\u010f s Plze\u0148sk\u00fdm krajem, Kr\u00e1lov\u00e9hradeck\u00fdm a v Karlovarsk\u00e9m kraji.<\/p>\n<p>Lea SUROVCOV\u00c1, redaktorka:<br \/>\nNav\u00edc se ukazuje, \u017ee se \u0161kol\u00e1k\u016fm lep\u0161\u00ed prosp\u011bch, chov\u00e1n\u00ed a hlavn\u011b doch\u00e1zka.<\/p>\n<p>Andrew STEMBERG, v\u00fdkonn\u00fd \u0159editel nadace Drab Foundation:<br \/>\nV prvn\u00edm roce, kdy\u017e je podporovan\u00e9 v tomhle programu, tak se zvedne o 10 procent na 85 procent.<\/p>\n<p>Lea SUROVCOV\u00c1, redaktorka:<br \/>\nA\u017e 78 tis\u00edc d\u011bt\u00ed je v hmotn\u00e9 nouzi. St\u00e1t proto chce dostat pomoc k dal\u0161\u00edm. Zjednodu\u0161uje proto pravidla a resorty v\u00edc spolupracuj\u00ed s neziskov\u00fdmi organizacemi. Lea Surovcov\u00e1, \u010cesk\u00e1 televize. <\/p>\n","protected":false},"excerpt":{"rendered":"<div class=\"mh-excerpt\"><p>U\u017e 10 tis\u00edc d\u011bt\u00ed chod\u00ed na ob\u011bdy d\u00edky d\u00e1rc\u016fm. Pom\u00e1haj\u00ed kraje, samotn\u00e9 \u0161koly i neziskov\u00e9 organizace. Po\u010det rodin, kter\u00e9 na stravenky pro potomky nemaj\u00ed, toto <a class=\"mh-excerpt-more\" href=\"https:\/\/www.invarena.cz\/?p=27591\" title=\"Pomoc d\u011btem ze soci\u00e1ln\u011b slab\u00fdch rodin\">[&#8230;]<\/a><\/p>\n<\/div>","protected":false},"author":1,"featured_media":27592,"comment_status":"open","ping_status":"closed","sticky":false,"template":"","format":"standard","meta":{"footnotes":""},"categories":[9],"tags":[],"class_list":["post-27591","post","type-post","status-publish","format-standard","has-post-thumbnail","hentry","category-zpravy"],"_links":{"self":[{"href":"https:\/\/www.invarena.cz\/index.php?rest_route=\/wp\/v2\/posts\/27591","targetHints":{"allow":["GET"]}}],"collection":[{"href":"https:\/\/www.invarena.cz\/index.php?rest_route=\/wp\/v2\/posts"}],"about":[{"href":"https:\/\/www.invarena.cz\/index.php?rest_route=\/wp\/v2\/types\/post"}],"author":[{"embeddable":true,"href":"https:\/\/www.invarena.cz\/index.php?rest_route=\/wp\/v2\/users\/1"}],"replies":[{"embeddable":true,"href":"https:\/\/www.invarena.cz\/index.php?rest_route=%2Fwp%2Fv2%2Fcomments&post=27591"}],"version-history":[{"count":0,"href":"https:\/\/www.invarena.cz\/index.php?rest_route=\/wp\/v2\/posts\/27591\/revisions"}],"wp:featuredmedia":[{"embeddable":true,"href":"https:\/\/www.invarena.cz\/index.php?rest_route=\/wp\/v2\/media\/27592"}],"wp:attachment":[{"href":"https:\/\/www.invarena.cz\/index.php?rest_route=%2Fwp%2Fv2%2Fmedia&parent=27591"}],"wp:term":[{"taxonomy":"category","embeddable":true,"href":"https:\/\/www.invarena.cz\/index.php?rest_route=%2Fwp%2Fv2%2Fcategories&post=27591"},{"taxonomy":"post_tag","embeddable":true,"href":"https:\/\/www.invarena.cz\/index.php?rest_route=%2Fwp%2Fv2%2Ftags&post=27591"}],"curies":[{"name":"wp","href":"https:\/\/api.w.org\/{rel}","templated":true}]}}