{"id":27597,"date":"2017-03-20T17:00:32","date_gmt":"2017-03-20T16:00:32","guid":{"rendered":"http:\/\/www.invarena.cz\/?p=27597"},"modified":"2017-03-20T17:00:32","modified_gmt":"2017-03-20T16:00:32","slug":"umelec-malujici-usty-se-tesi-na-jarni-motivy","status":"publish","type":"post","link":"https:\/\/www.invarena.cz\/?p=27597","title":{"rendered":"Um\u011blec maluj\u00edc\u00ed \u00fasty se t\u011b\u0161\u00ed na jarn\u00ed motivy"},"content":{"rendered":"<p><strong>\u017d\u00e1ci ze sedl\u010dansk\u00e9 \u0161koly m\u011bli mo\u017enost setkat se a besedovat s t\u011b\u017ece posti\u017een\u00fdm Pavlem Hejhalem z Milevska. A byl to pro n\u011b siln\u00fd z\u00e1\u017eitek.<\/strong> <!--more--><\/p>\n<p>Sedl\u010dany \u2013 Dozv\u011bd\u011bli se od n\u011bj, \u017ee m\u011bl p\u0159ed maturitou, kdy\u017e se mu stal v roce 2002 na n\u00e1led\u00ed \u00faraz, jeho\u017e n\u00e1sledkem mu ochrnuly ob\u011b ruce a nohy. Byl nejd\u0159\u00edve hospitalizov\u00e1n v p\u00edseck\u00e9 a pozd\u011bji sedl\u010dansk\u00e9 nemocnici.<\/p>\n<p>V roce 2007 si dod\u011blal maturitu a pozd\u011bji se stal stipendistou celosv\u011btov\u00e9 organizace UM\u00daV (Um\u011blci maluj\u00edc\u00ed \u00fasty a nohami).<\/p>\n<p>Poslucha\u010d\u016fm uk\u00e1zal i sv\u00e9 v\u00fdtvory. Malov\u00e1n\u00ed je v sou\u010dasnosti jeho nejv\u011bt\u0161\u00edm kon\u00ed\u010dkem.<\/p>\n<p>&#8222;Cht\u011bl jsem na vlastn\u00edm p\u0159\u00edpadu p\u0159edev\u0161\u00edm sd\u011blit, \u017ee se \u010dlov\u011bk m\u016f\u017ee ocitnout v t\u011b\u017ek\u00fdch \u017eivotn\u00edch situac\u00edch, ale nesm\u00ed se nechat zlomit. Ned\u00e1vno se mi ozval dvacetilet\u00fd kluk, kter\u00fd utrp\u011bl t\u011b\u017ek\u00fd \u00faraz na ly\u017e\u00edch a te\u010f u\u017e za\u010dal p\u0159em\u00fd\u0161let o tom, \u017ee by mohl b\u00fdt doma. Takov\u00fdch lid\u00ed jako on je v\u00edc. A j\u00e1 pokud mohu, tak r\u00e1d porad\u00edm,&#8220; \u0159ekl Pavel Hejhal.<\/p>\n<p>Pavel P\u0159\u00edbramsk\u00e9mu den\u00edku potvrdil, \u017ee jaro je ro\u010dn\u00ed obdob\u00ed, kter\u00e9 m\u00e1 r\u00e1d.<\/p>\n<p>&#8222;P\u0159\u00edroda se probouz\u00ed, pt\u00e1ci za\u010d\u00ednaj\u00ed zp\u00edvat a mohu na\u010derpat v\u00edc inspirace k malov\u00e1n\u00ed,&#8220; uvedl.<\/p>\n<p>MARIE B\u0158E\u0147OV\u00c1<br \/>\nP\u0159\u00edbramsk\u00fd den\u00edk<br \/>\n<a href=\"http:\/\/www.pribramsky.denik.cz\">http:\/\/www.pribramsky.denik.cz<\/a><\/p>\n","protected":false},"excerpt":{"rendered":"<div class=\"mh-excerpt\"><p>\u017d\u00e1ci ze sedl\u010dansk\u00e9 \u0161koly m\u011bli mo\u017enost setkat se a besedovat s t\u011b\u017ece posti\u017een\u00fdm Pavlem Hejhalem z Milevska. A byl to pro n\u011b siln\u00fd z\u00e1\u017eitek.<\/p>\n<\/div>","protected":false},"author":1,"featured_media":0,"comment_status":"open","ping_status":"closed","sticky":false,"template":"","format":"standard","meta":{"footnotes":""},"categories":[9],"tags":[],"class_list":["post-27597","post","type-post","status-publish","format-standard","hentry","category-zpravy"],"_links":{"self":[{"href":"https:\/\/www.invarena.cz\/index.php?rest_route=\/wp\/v2\/posts\/27597","targetHints":{"allow":["GET"]}}],"collection":[{"href":"https:\/\/www.invarena.cz\/index.php?rest_route=\/wp\/v2\/posts"}],"about":[{"href":"https:\/\/www.invarena.cz\/index.php?rest_route=\/wp\/v2\/types\/post"}],"author":[{"embeddable":true,"href":"https:\/\/www.invarena.cz\/index.php?rest_route=\/wp\/v2\/users\/1"}],"replies":[{"embeddable":true,"href":"https:\/\/www.invarena.cz\/index.php?rest_route=%2Fwp%2Fv2%2Fcomments&post=27597"}],"version-history":[{"count":0,"href":"https:\/\/www.invarena.cz\/index.php?rest_route=\/wp\/v2\/posts\/27597\/revisions"}],"wp:attachment":[{"href":"https:\/\/www.invarena.cz\/index.php?rest_route=%2Fwp%2Fv2%2Fmedia&parent=27597"}],"wp:term":[{"taxonomy":"category","embeddable":true,"href":"https:\/\/www.invarena.cz\/index.php?rest_route=%2Fwp%2Fv2%2Fcategories&post=27597"},{"taxonomy":"post_tag","embeddable":true,"href":"https:\/\/www.invarena.cz\/index.php?rest_route=%2Fwp%2Fv2%2Ftags&post=27597"}],"curies":[{"name":"wp","href":"https:\/\/api.w.org\/{rel}","templated":true}]}}