{"id":27598,"date":"2017-03-20T17:04:27","date_gmt":"2017-03-20T16:04:27","guid":{"rendered":"http:\/\/www.invarena.cz\/?p=27598"},"modified":"2017-03-20T17:04:27","modified_gmt":"2017-03-20T16:04:27","slug":"pro-bazalku-plavalo-sedmdesat-otuzilcu","status":"publish","type":"post","link":"https:\/\/www.invarena.cz\/?p=27598","title":{"rendered":"Pro Bazalku plavalo sedmdes\u00e1t otu\u017eilc\u016f"},"content":{"rendered":"<p><strong>Byla ned\u011ble kr\u00e1tce po jeden\u00e1ct\u00e9 hodin\u011b a u Mal\u00e9ho jezu se do vody pr\u00e1v\u011b zano\u0159ovali prvn\u00ed otu\u017eilci. D\u016fvod m\u011bli jednoduch\u00fd. Konal se zde druh\u00fd ro\u010dn\u00edk charitativn\u00ed akce &#8222;Nebu\u010fme chladn\u00ed&#8220; aneb Prvn\u00ed jarn\u00ed ponor do \u0159eky Mal\u0161e. A \u017ee po\u010das\u00ed koup\u00e1n\u00ed zrovna nep\u0159\u00e1lo? To tady nikomu nevadilo. Do vody se toti\u017e no\u0159ili pro dobrou v\u011bc.<\/strong> <!--more--><\/p>\n<p>\u010cesk\u00e9 Bud\u011bjovice \u2013 Ji\u0159\u00ed Pekhart, jeden z organiz\u00e1tor\u016f akce a plavec z\u00e1rove\u0148, \u0159ekl v\u00edce. &#8222;Za ka\u017ed\u00e9ho, kdo se k n\u00e1m dnes p\u0159id\u00e1, dostaneme od na\u0161ich sponzor\u016f finan\u010dn\u00ed dar pro Centrum BAZALKA, kde se staraj\u00ed o hendikepovan\u00e9 d\u011bti,&#8220; vysv\u011btloval \u010dlen Zmrzl\u00fdch pijavic.<\/p>\n<p>A pak u\u017e to \u0161lo v\u0161echno r\u00e1z na r\u00e1z. Do vody se postupn\u011b no\u0159ili \u010dlenov\u00e9 jednotliv\u00fdch otu\u017eileck\u00fdch spolk\u016f, n\u011bkdo opatrn\u011b, n\u011bkdo rovnou skokem.<\/p>\n<p>Chyb\u011bt zde nemohl ani 73let\u00fd Vladim\u00edr R\u016f\u017ei\u010dka z \u010cesk\u00fdch Bud\u011bjovic. &#8222;Chod\u00edme sem plavat t\u0159ikr\u00e1t t\u00fddn\u011b, v \u00fater\u00fd, \u010dtvrtek a ned\u011bli,&#8220; \u0159\u00edk\u00e1 Vladim\u00edr R\u016f\u017ei\u010dka a dopl\u0148uje, \u017ee se otu\u017euje u\u017e 36 let. &#8222;J\u00e1 nev\u00edm, co je to nemoc,&#8220; dopl\u0148uje.<\/p>\n<p>Pot\u0159ebn\u00fd kus odvahy a odhodl\u00e1n\u00ed v sob\u011b na\u0161el i Zbyn\u011bk Kortus z \u010cesk\u00fdch Bud\u011bjovic. Ten se ke zbyl\u00fdm otu\u017eilc\u016fm p\u0159ipojil poprv\u00e9. &#8222;Kamar\u00e1d m\u011b k tomu p\u0159emluvil,&#8220; prozradil d\u016fvody Zbyn\u011bk Kortus a doplnil, \u017ee s otu\u017eov\u00e1n\u00edm bude pokra\u010dovat.<\/p>\n<p>Petra Mahrov\u00e1 z Centra BAZALKA po akci uvedla, \u017ee celkov\u011b se letos do Mal\u0161e zano\u0159ilo 70 otu\u017eilc\u016f, p\u0159i\u010dem\u017e vybrat se zat\u00edm poda\u0159ilo 19 a p\u016fl tis\u00edce. &#8222;Rozpe\u010de\u0165ovat ve\u0159ejnou sb\u00edrku budeme a\u017e v pond\u011bl\u00ed,&#8220; vysv\u011btlovala.<\/p>\n<p>\u010ceskobud\u011bjovick\u00fd den\u00edk<br \/>\n<a href=\"http:\/\/ceskobudejovicky.denik.cz\/\">http:\/\/ceskobudejovicky.denik.cz\/<\/a><\/p>\n","protected":false},"excerpt":{"rendered":"<div class=\"mh-excerpt\"><p>Byla ned\u011ble kr\u00e1tce po jeden\u00e1ct\u00e9 hodin\u011b a u Mal\u00e9ho jezu se do vody pr\u00e1v\u011b zano\u0159ovali prvn\u00ed otu\u017eilci. D\u016fvod m\u011bli jednoduch\u00fd. Konal se zde druh\u00fd ro\u010dn\u00edk <a class=\"mh-excerpt-more\" href=\"https:\/\/www.invarena.cz\/?p=27598\" title=\"Pro Bazalku plavalo sedmdes\u00e1t otu\u017eilc\u016f\">[&#8230;]<\/a><\/p>\n<\/div>","protected":false},"author":1,"featured_media":0,"comment_status":"open","ping_status":"closed","sticky":false,"template":"","format":"standard","meta":{"footnotes":""},"categories":[9],"tags":[],"class_list":["post-27598","post","type-post","status-publish","format-standard","hentry","category-zpravy"],"_links":{"self":[{"href":"https:\/\/www.invarena.cz\/index.php?rest_route=\/wp\/v2\/posts\/27598","targetHints":{"allow":["GET"]}}],"collection":[{"href":"https:\/\/www.invarena.cz\/index.php?rest_route=\/wp\/v2\/posts"}],"about":[{"href":"https:\/\/www.invarena.cz\/index.php?rest_route=\/wp\/v2\/types\/post"}],"author":[{"embeddable":true,"href":"https:\/\/www.invarena.cz\/index.php?rest_route=\/wp\/v2\/users\/1"}],"replies":[{"embeddable":true,"href":"https:\/\/www.invarena.cz\/index.php?rest_route=%2Fwp%2Fv2%2Fcomments&post=27598"}],"version-history":[{"count":0,"href":"https:\/\/www.invarena.cz\/index.php?rest_route=\/wp\/v2\/posts\/27598\/revisions"}],"wp:attachment":[{"href":"https:\/\/www.invarena.cz\/index.php?rest_route=%2Fwp%2Fv2%2Fmedia&parent=27598"}],"wp:term":[{"taxonomy":"category","embeddable":true,"href":"https:\/\/www.invarena.cz\/index.php?rest_route=%2Fwp%2Fv2%2Fcategories&post=27598"},{"taxonomy":"post_tag","embeddable":true,"href":"https:\/\/www.invarena.cz\/index.php?rest_route=%2Fwp%2Fv2%2Ftags&post=27598"}],"curies":[{"name":"wp","href":"https:\/\/api.w.org\/{rel}","templated":true}]}}