{"id":27612,"date":"2017-03-21T11:28:01","date_gmt":"2017-03-21T10:28:01","guid":{"rendered":"http:\/\/www.invarena.cz\/?p=27612"},"modified":"2017-03-21T11:28:01","modified_gmt":"2017-03-21T10:28:01","slug":"pro-lidi-na-vozicku-je-centrum-usti-pasti","status":"publish","type":"post","link":"https:\/\/www.invarena.cz\/?p=27612","title":{"rendered":"Pro lidi na voz\u00ed\u010dku je centrum \u00dast\u00ed past\u00ed"},"content":{"rendered":"<p><strong>M\u00edstostarosta centr\u00e1ln\u00edho obvodu Karel Karika str\u00e1vil den na voz\u00edku. Do trolejbusu se nedostal, kdy\u017e spadl, na pomoc na zemi \u010dekal osm minut.<\/strong> <!--more--><\/p>\n<p>\u00dast\u00ed n. L. \u2013 Jak se \u017eije \u010dlov\u011bku na voz\u00edku, si na vlastn\u00ed k\u016f\u017ei vyzkou\u0161el druh\u00fd mu\u017e centr\u00e1ln\u00edho \u00fasteck\u00e9ho obvodu Karel Karika. Po jednodenn\u00ed zku\u0161enosti je zd\u011b\u0161en, jak to maj\u00ed na hrbolat\u00e9m M\u00edrov\u00e9m n\u00e1m\u011bst\u00ed t\u011b\u017ek\u00e9 voz\u00ed\u010dk\u00e1\u0159i i matky s ko\u010d\u00e1rky.<\/p>\n<p>&#8222;P\u00e1r let m\u011b zaj\u00edm\u00e1, jak v \u00dast\u00ed \u017eij\u00ed handicapovan\u00ed. P\u016fj\u010dil jsem si od kamar\u00e1dky Terezky invalidn\u00ed voz\u00edk a vyjel do ulic. Ne\u010dekal jsem z\u00e1zrak, ale realita m\u011b zasko\u010dila. Za cukr\u00e1rnou Barborka p\u0159i\u0161el nep\u0159\u00edjemn\u00fd hup, z voz\u00edku jsem spadl. Osm minut jsem le\u017eel, ne\u017e se n\u011bkdo za\u010dal starat, jestli nepot\u0159ebuji pomoc. U\u017e v\u00edm, \u017ee se \u010dlov\u011bk na voz\u00edku p\u0159es \u00dast\u00ed s\u00e1m bez ciz\u00ed pomoci nedostane,&#8220; popisuje Karika.<\/p>\n<p>Myslel si, \u017ee jeho den na voz\u00edku bude pohoda. Kdy\u017e ale le\u017eel na zemi, nikoho nezaj\u00edmal. Pomohl mu nezn\u00e1m\u00fd \u010dlov\u011bk. &#8222;Bez n\u011bj bych musel m\u011bnit sv\u016fj pl\u00e1n zdolat trasu s\u00e1m,&#8220; \u0159\u00edk\u00e1.<\/p>\n<p>V pl\u00e1nu m\u011bl n\u00e1v\u0161t\u011bvu u o\u010dn\u00edho l\u00e9ka\u0159e v poliklinice. &#8222;Do trolejbusu jsem se s\u00e1m nedostal. Tak jsem jel ulic\u00ed na voz\u00edku, ale v p\u016fli cesty jsem to vzdal a volal kamar\u00e1du Ale\u0161ovi. Dali jsme k\u00e1vu ve Vladimiru a \u0161li do Hrani\u010d\u00e1\u0159e,&#8220; kr\u010d\u00ed rameny Karika.<\/p>\n<p>Ani tam se ale podle n\u011bj invalida bez ciz\u00ed pomoci nedostane. &#8222;Schod vysok\u00fd 15 centimetr\u016f je probl\u00e9m. \u00dast\u00ed je pro handicapovan\u00e9ho sam\u00e1 bari\u00e9ra,&#8220; tvrd\u00ed m\u00edstostarosta. Stejn\u011b to vid\u00ed Terezka, od n\u00ed\u017e si p\u016fj\u010dil voz\u00edk. &#8222;Tristn\u00ed jsou ve\u0159ejn\u00e1 WC. Mus\u00edte hledat m\u00edsto pro v\u00e1s p\u0159\u00edstupn\u00e9, ono to skoro nikde nejde,&#8220; kritizuje.<\/p>\n<p>Podle opozi\u010dn\u00edho zastupitele Davida Dadu\u010de je probl\u00e9m \u00dast\u00ed v tom, \u017ee m\u011bsto nev\u00ed co s handicapovan\u00fdmi. &#8222;Nem\u00e1 pro n\u011b zkr\u00e1tka \u017e\u00e1dn\u00fd pl\u00e1n, jin\u00e1 m\u011bsta ano,&#8220; upozor\u0148uje.<\/p>\n<p>RADEK STRNAD<br \/>\n\u00dasteck\u00fd den\u00edk<br \/>\n<a href=\"http:\/\/www.ustecky.denik.cz\/\">http:\/\/www.ustecky.denik.cz\/<\/a><\/p>\n","protected":false},"excerpt":{"rendered":"<div class=\"mh-excerpt\"><p>M\u00edstostarosta centr\u00e1ln\u00edho obvodu Karel Karika str\u00e1vil den na voz\u00edku. Do trolejbusu se nedostal, kdy\u017e spadl, na pomoc na zemi \u010dekal osm minut.<\/p>\n<\/div>","protected":false},"author":1,"featured_media":14245,"comment_status":"open","ping_status":"closed","sticky":false,"template":"","format":"standard","meta":{"footnotes":""},"categories":[9],"tags":[],"class_list":["post-27612","post","type-post","status-publish","format-standard","has-post-thumbnail","hentry","category-zpravy"],"_links":{"self":[{"href":"https:\/\/www.invarena.cz\/index.php?rest_route=\/wp\/v2\/posts\/27612","targetHints":{"allow":["GET"]}}],"collection":[{"href":"https:\/\/www.invarena.cz\/index.php?rest_route=\/wp\/v2\/posts"}],"about":[{"href":"https:\/\/www.invarena.cz\/index.php?rest_route=\/wp\/v2\/types\/post"}],"author":[{"embeddable":true,"href":"https:\/\/www.invarena.cz\/index.php?rest_route=\/wp\/v2\/users\/1"}],"replies":[{"embeddable":true,"href":"https:\/\/www.invarena.cz\/index.php?rest_route=%2Fwp%2Fv2%2Fcomments&post=27612"}],"version-history":[{"count":0,"href":"https:\/\/www.invarena.cz\/index.php?rest_route=\/wp\/v2\/posts\/27612\/revisions"}],"wp:featuredmedia":[{"embeddable":true,"href":"https:\/\/www.invarena.cz\/index.php?rest_route=\/wp\/v2\/media\/14245"}],"wp:attachment":[{"href":"https:\/\/www.invarena.cz\/index.php?rest_route=%2Fwp%2Fv2%2Fmedia&parent=27612"}],"wp:term":[{"taxonomy":"category","embeddable":true,"href":"https:\/\/www.invarena.cz\/index.php?rest_route=%2Fwp%2Fv2%2Fcategories&post=27612"},{"taxonomy":"post_tag","embeddable":true,"href":"https:\/\/www.invarena.cz\/index.php?rest_route=%2Fwp%2Fv2%2Ftags&post=27612"}],"curies":[{"name":"wp","href":"https:\/\/api.w.org\/{rel}","templated":true}]}}