{"id":27617,"date":"2017-03-22T08:42:45","date_gmt":"2017-03-22T07:42:45","guid":{"rendered":"http:\/\/www.invarena.cz\/?p=27617"},"modified":"2017-03-22T08:42:45","modified_gmt":"2017-03-22T07:42:45","slug":"na-pomoc-nemocne-holcicce","status":"publish","type":"post","link":"https:\/\/www.invarena.cz\/?p=27617","title":{"rendered":"Na pomoc nemocn\u00e9 hol\u010di\u010dce"},"content":{"rendered":"<p>V kv\u011btnu se kon\u00e1 charitativn\u00ed v\u00fdstup na Sn\u011b\u017eku pro Pavl\u00ednku, kter\u00e1 p\u0159e\u017eila \u00fatok meningokoka<!--more--><\/p>\n<p>Karvin\u00e1 \u2013 Nemoc j\u00ed hned od ran\u00e9ho d\u011btstv\u00ed ukazuje odvr\u00e1cenou tv\u00e1\u0159 \u017eivota. Ona ani jej\u00ed rodi\u010de se v\u0161ak nevzd\u00e1vaj\u00ed. P\u0159\u00edb\u011bh dvoulet\u00e9 Pavl\u00ednky Josiekov\u00e9 z Karvin\u00e9 je o vnit\u0159n\u00ed vnit\u0159n\u00ed s\u00edle, vytrvalosti a nezdoln\u00e9 v\u00ed\u0159e v lep\u0161\u00ed p\u0159\u00ed\u0161t\u00ed. V sedmi m\u011bs\u00edc\u00edch prod\u011blala Pavl\u00ednka meningokovou sepsi s meningitidou typu C. Sv\u016fj boj o \u017eivot vyhr\u00e1la, co\u017e je v tomto v\u011bku t\u00e9m\u011b\u0159 z\u00e1zrak, nemoc si v\u0161ak vybrala krutou da\u0148.<br \/>\n&#8222;V kv\u011btnu 2015 jsme museli s malou do nemocnice, m\u011bla hore\u010dku a modrou r\u00fdhu na \u010dele. O m\u011bs\u00edc pozd\u011bji j\u00ed l\u00e9ka\u0159i museli amputovat pravou no\u017ei\u010dku nad kolenem. Na mozku m\u00e1 hematom a nemoc zas\u00e1hla i o\u010dn\u00ed centrum. Pavl\u00ednka trp\u00ed tak\u00e9 epilepsi\u00ed a vid\u00ed zhruba jen na 30 centimetr\u016f,&#8220; \u0159\u00edk\u00e1 jej\u00ed maminka Veronika.<br \/>\nDnes jsou Pavl\u00ednce dva roky, ale ment\u00e1ln\u011b odpov\u00edd\u00e1 zhruba p\u016flro\u010dn\u00edmu miminku.<br \/>\n&#8222;Ten rok se u\u010dila v\u0161e \u00fapln\u011b od za\u010d\u00e1tku, jako by se znovu narodila. Nau\u010dila se znovu ot\u00e1\u010det tam i zp\u011bt, vyleze na v\u0161echny \u010dty\u0159i a nau\u010dila se i sednout. Pomaluji seznamujeme i s prot\u00e9zou, ale sama zat\u00edm nestoj\u00ed a nechod\u00ed,&#8220; vypr\u00e1v\u00ed maminka.<br \/>\nP\u0159\u00edb\u011bh mal\u00e9 Pavl\u00ednky zaujal lidi z Nada\u010dn\u00edho fondu KlaPeto, kter\u00fd pom\u00e1h\u00e1 d\u011btem nap\u0159\u00ed\u010d handicapy. &#8222;D\u00edvenka pot\u0159ebuje jezdit k protetikovi do Uhersk\u00e9ho Hradi\u0161t\u011b a na rehabilitace, rodina ale nem\u00e1 pen\u00edze na auto. R\u00e1di bychom jim pr\u00e1v\u011b na n\u011bj p\u0159isp\u011bli,&#8220; vysv\u011btluje spoluzakladatelka Nada\u010dn\u00edho fondu KlaPeto Kate\u0159ina Klasnov\u00e1.<br \/>\nProst\u0159edky m\u00e1 p\u0159in\u00e9st charitativn\u00ed v\u00fdstup na Sn\u011b\u017eku, kter\u00fd Nada\u010dn\u00ed fond KlaPeto po\u0159\u00e1d\u00e1 a kter\u00fd se uskute\u010dn\u00ed v sobotu 27. kv\u011btna v Peci pod Sn\u011b\u017ekou. Pr\u00e1v\u011b Pavl\u00ednka je letos jeho ofici\u00e1ln\u00ed tv\u00e1\u0159\u00ed.<br \/>\n&#8222;V\u017edy se jde na Sn\u011b\u017eku pro jedno konkr\u00e9tn\u00ed d\u00edt\u011b, ale vybran\u00e9 pen\u00edze pom\u00e1haj\u00ed dal\u0161\u00edm t\u011b\u017ece zdravotn\u011b posti\u017een\u00fdm d\u011btem. Loni se n\u00e1m poda\u0159ilo vybrat neuv\u011b\u0159iteln\u00fdch 863 tis\u00edc a obdarovat celkem \u0161estn\u00e1ct d\u011bt\u00ed. Letos douf\u00e1me, \u017ee spole\u010dn\u011b dos\u00e1hneme na magick\u00fd milion. \u017d\u00e1dost\u00ed o pomoc u\u017e nyn\u00ed evidujeme t\u0159i des\u00edtky,&#8220; dod\u00e1v\u00e1 Klasnov\u00e1.<br \/>\nAutorem charitativn\u00edho projektu je handicapovan\u00fd atlet, mistr \u010cR v hodu diskem a o\u0161t\u011bpem, Jaroslav Petrou\u0161, kter\u00fd se necel\u00e9 dva roky po amputaci lev\u00e9 nohy nad kolenem rozhodl vyj\u00edt na nejvy\u0161\u0161\u00ed \u010deskou horu. Od t\u00e9 doby u\u017e p\u011bt let sh\u00e1n\u00ed pen\u00edze pro handicapovan\u00e9 d\u011bti.<br \/>\nV\u00fdstup na Sn\u011b\u017eku se uskute\u010dn\u00ed op\u011bt posledn\u00ed kv\u011btnovou sobotu \u2013 27. kv\u011btna od 9 hodin v Peci pod Sn\u011b\u017ekou. Jako v\u017edy bude spojen s d\u011btsk\u00fdm dnem, s \u0159adou atrakc\u00ed na centr\u00e1ln\u00edm parkovi\u0161ti v Peci pod Sn\u011b\u017ekou. Akce se mohou z\u00fa\u010dastnit v\u0161ichni, v\u010detn\u011b handicapovan\u00fdch. Pen\u00edze, kter\u00e9 se poda\u0159\u00ed Nada\u010dn\u00edmu fondu Kla\u00ad Peto shrom\u00e1\u017edit, jsou pou\u017eity obvykle na rehabilita\u010dn\u00ed pobyty a kompenza\u010dn\u00ed pom\u016fcky, kter\u00e9 nehrad\u00ed poji\u0161\u0165ovny.<br \/>\n&#8222;V\u0161ichni, kdo p\u0159isp\u011bj\u00ed, se mohou na na\u0161ich webov\u00fdch str\u00e1nk\u00e1ch www.klapeto.eu a facebooku do\u010d\u00edst, kter\u00e9 konkr\u00e9tn\u00ed d\u011bti byly obdarov\u00e1ny a na co byly pen\u00edze pou\u017eity,&#8220; dod\u00e1v\u00e1 Jaroslav Petrou\u0161.<\/p>\n<p>Noviny Region Karvinsko<\/p>\n","protected":false},"excerpt":{"rendered":"<div class=\"mh-excerpt\"><p>V kv\u011btnu se kon\u00e1 charitativn\u00ed v\u00fdstup na Sn\u011b\u017eku pro Pavl\u00ednku, kter\u00e1 p\u0159e\u017eila \u00fatok meningokoka<\/p>\n<\/div>","protected":false},"author":1,"featured_media":0,"comment_status":"open","ping_status":"closed","sticky":false,"template":"","format":"standard","meta":{"footnotes":""},"categories":[9],"tags":[],"class_list":["post-27617","post","type-post","status-publish","format-standard","hentry","category-zpravy"],"_links":{"self":[{"href":"https:\/\/www.invarena.cz\/index.php?rest_route=\/wp\/v2\/posts\/27617","targetHints":{"allow":["GET"]}}],"collection":[{"href":"https:\/\/www.invarena.cz\/index.php?rest_route=\/wp\/v2\/posts"}],"about":[{"href":"https:\/\/www.invarena.cz\/index.php?rest_route=\/wp\/v2\/types\/post"}],"author":[{"embeddable":true,"href":"https:\/\/www.invarena.cz\/index.php?rest_route=\/wp\/v2\/users\/1"}],"replies":[{"embeddable":true,"href":"https:\/\/www.invarena.cz\/index.php?rest_route=%2Fwp%2Fv2%2Fcomments&post=27617"}],"version-history":[{"count":0,"href":"https:\/\/www.invarena.cz\/index.php?rest_route=\/wp\/v2\/posts\/27617\/revisions"}],"wp:attachment":[{"href":"https:\/\/www.invarena.cz\/index.php?rest_route=%2Fwp%2Fv2%2Fmedia&parent=27617"}],"wp:term":[{"taxonomy":"category","embeddable":true,"href":"https:\/\/www.invarena.cz\/index.php?rest_route=%2Fwp%2Fv2%2Fcategories&post=27617"},{"taxonomy":"post_tag","embeddable":true,"href":"https:\/\/www.invarena.cz\/index.php?rest_route=%2Fwp%2Fv2%2Ftags&post=27617"}],"curies":[{"name":"wp","href":"https:\/\/api.w.org\/{rel}","templated":true}]}}